{"id":53076,"date":"2020-09-16T17:44:12","date_gmt":"2020-09-16T15:44:12","guid":{"rendered":"https:\/\/www.fedaiisf.it\/?p=53076"},"modified":"2020-10-17T13:17:04","modified_gmt":"2020-10-17T11:17:04","slug":"problemi-di-accesso-alle-strutture-ausl-della-citta-di-bologna-per-gli-informatori-scientifici-la-sez-aiisf-scrive-ai-responsabili-delle-strutture","status":"publish","type":"post","link":"https:\/\/www.fedaiisf.it\/en\/problemi-di-accesso-alle-strutture-ausl-della-citta-di-bologna-per-gli-informatori-scientifici-la-sez-aiisf-scrive-ai-responsabili-delle-strutture\/","title":{"rendered":"Problems of access to the Ausl structures of the city of Bologna for scientific representatives. The Section AIISF writes to the managers of the structures"},"content":{"rendered":"<div style=\"text-align: justify;\">\n<p><span style=\"color: #000000;\">Gentilissimi, mi chiamo Alberto Bonomo e scrivo in qualit\u00e0 di presidente della Sezione di Bologna della associazione informatori scientifici del farmaco AIISF federata FEDAIISF e che solo a Bologna conta di 210 iscritti, inoltre sono membro del Coordinamento FEDAIISF Regione Emilia-Romagna che contempla anche le altre sezioni emiliano romagnole, i cui colleghi lavorano anche se parzialmente sul territorio bolognese.\u00a0<\/span><\/p>\n<p><span style=\"color: #000000;\">Il ruolo dell&#8217;Informatore Scientifico \u00e8 regolamentato da varie \u00a0leggi e decreti dello stato, tra cui il Dlgs 219\/06, che impone agli informatori, fra gli altri compiti, quello di aggiornare il medico su nuovi farmaci in uscita e nuovi studi ed evidenze scientifiche dei farmaci gi\u00e0 disponibili, \u00a0ed ha obbligo di raccogliere e segnalare gli Eventi Avversi, gli Effetti Collaterali e le Interazioni che i medici dovessero riferire nel corso dei colloqui con l\u2019Informatore Scientifico.<\/span><\/p>\n<p><span style=\"color: #000000;\">Da Settembre 2019 Regione Emilia Romagna ha istituito un tavolo paritetico e creato un Gruppo di lavoro regionale sulla informazione scientifica di cui noi FEDAIISF siamo la componente Associativa in rappresentanza della Categoria \u00a0degli IS\/ISF. Al gruppo di lavoro sono presenti tutte le componenti, quindi la Regione stessa, i sindacati dei lavoratori IS\/ISF, i sindacati dei medici MMG, dei medici ambulatoriali ed ospedalieri ed i rappresentanti delle Industrie di Farmaci e Dispositivi Medici. In data 20\/01\/2020 \u00e8 stato prodotto un documento condiviso da tutte le componenti che disciplina la materia su tutto il territorio Regionale ER che integra e supera le criticit\u00e0 che aveva creato la delibera Regionale 2309\/2016. Come Federazione ci siamo da subito resi disponibili a trovare soluzioni condivise in materia di trasparenza, tracciabilit\u00e0 e a collaborare a progetti sulla Salute Pubblica, in cui la Regione intenda coinvolgerci, mettendo a disposizione sia la nostra figura che i nostri mezzi di comunicazione come il nostro sito\u00a0www.fedaiisf, il nostro centro studi e documentazione, la nostra newsletter e le nostre reti capillari di chat lavorative su tutto il territorio nazionale.<\/span><\/p>\n<p><span style=\"color: #000000;\">A seguito dell&#8217;inizio della emergenza Covid-19, il 25 febbraio 2020 la Regione ER aveva diramato una lettera in cui si sospendeva l&#8217;informazione scientifica in presenza fino al 30\/04\/2020, \u00a0quindi siamo stata la prima categoria a restare a casa e di fatto siamo stata l\u2019ultima a riprendere l\u2019attivit\u00e0 con grandi sacrifici in termini di perdita o riduzione del reddito, ma \u00e8 stato necessario e lo abbiamo fatto con grande senso di responsabilit\u00e0 come del resto tutte le altre categorie coinvolte nel lockdown.<\/span><\/p>\n<p><span style=\"color: #000000;\">Il gruppo di Lavoro su Informazione Scientifica si \u00e8 aggiornato anche durante il lockdown con incontri da remoto per monitorare le attivit\u00e0 e seguire gli aggiornamenti in materia, infatti in data 9 giugno 2020 ha pubblicato il protocollo \u00a0per la ripresa dell&#8217;attivit\u00e0 di informazione scientifica <strong>IN PRESENZA<\/strong> nelle strutture del SSR. Come richiesto nel protocollo stesso, abbiamo dato la massima diffusione del protocollo ai nostri associati e come categoria abbiamo organizzato una diretta su YouTube per spiegare a tutti i colleghi della Regione quali norme si dovessero osservare e quali dispositivi di protezione individuali utilizzare. Alla riunione virtuale hanno partecipato pi\u00f9 di 1000 colleghi in contemporanea distribuiti tra ZOOM ed il nostro canale YouTube. Sempre per il senso di responsabilit\u00e0 che ci contraddistingue.\u00a0 In questo protocollo veniva ricordato, al secondo punto e quindi come opzione dove non fosse possibile la ripresa del lavoro IN PRESENZA quanto la legge prevede, cio\u00e8 la possibilit\u00e0 di effettuare l&#8217;informazione scientifica da remoto, ma questa possibilit\u00e0 \u00e8 stata pressoch\u00e9 rifiutata dalla maggioranza dei medici (vedi anche sondaggio nazionale FIMMG bocciato da oltre l&#8217;88 % del campione dei medici intervistati) in quanto il telefono viene gi\u00e0 utilizzato massicciamente dai pazienti e quindi la linea deve rimanere libera ed i device in dotazione ai medici del SSR NON dispongono di telecamera e microfono e pertanto alla quasi totalit\u00e0 \u00e8 impedito di \u00a0poter partecipare a videochiamate o webinair se non utilizzando device personali.<\/span><\/p>\n<\/div>\n<div style=\"text-align: justify;\"><span style=\"color: #000000;\"><a href=\"https:\/\/www.fedaiisf.it\/wp-content\/uploads\/2020\/09\/AUSL-bologna_logo.jpg\"><img loading=\"lazy\" decoding=\"async\" class=\"wp-image-53081 alignright\" src=\"https:\/\/www.fedaiisf.it\/wp-content\/uploads\/2020\/09\/AUSL-bologna_logo.jpg\" alt=\"\" width=\"338\" height=\"98\" srcset=\"https:\/\/www.fedaiisf.it\/wp-content\/uploads\/2020\/09\/AUSL-bologna_logo.jpg 448w, https:\/\/www.fedaiisf.it\/wp-content\/uploads\/2020\/09\/AUSL-bologna_logo-300x87.jpg 300w\" sizes=\"auto, (max-width: 338px) 100vw, 338px\" \/><\/a>Dopo il protocollo regionale del 9 giugno, la Ausl di Bologna ha diffuso un documento in cui si affermava che nelle proprie strutture non era possibile effettuare informazione scientifica in presenza perch\u00e9 non esistevano le condizioni per poter accedere a tali strutture e si invitava a continuare a fare informazione da remoto almeno fino ad agosto 2020. Confessiamo che tanto \u00e8 stato il nostro sconcerto e disappunto, perch\u00e9 non comprendevamo i motivi che avessero portato la sola citt\u00e0 di Bologna, unica in tutte le strutture della Regione Emilia-Romagna, a chiudere l\u2019accesso agli informatori scientifici. Come professionisti e con senso di responsabilit\u00e0 abbiamo accettato questa incomprensibile ed ingiustificata decisione: ricordiamo che durante il lockdown abbiamo fatto una raccolta fondi a favore della Fondazione Onlus Sant\u2019Orsola &#8220;Pi\u00f9 Forti Insieme&#8221;, ogni sezione provinciale della Regione Emilia-Romagna ha fatto donazioni alla Sanit\u00e0 Pubblica secondo le proprie disponibilit\u00e0 ed \u00a0abbiamo prestato con entusiasmo volontariato gratuito al Servizio di Igiene Pubblica della Azienda Sanitaria di Modena nel periodo di emergenza sanitaria. Siamo stati ricevuti dalla Dottoressa Ottavia Soncini, Presidente della IV Commissione Politiche per la Salute e Politiche Sociali di Regione Emilia-Romagna \u00a0alla quale abbiamo rinnovato la nostra disponibilit\u00e0 a fornire opere di volontariato gratuito e collaborare a campagne di sensibilizzazione in vista della prossima campagna di vaccinazione antiinfluenzale. Con la dottoressa Soncini abbiamo instaurato un canale diretto per lo scambio di informazioni e le abbiamo segnalato tutte le Strutture del territorio ER che ancora impediscono il nostro lavoro IN PRESENZA (dalle nostre informazioni risultano concentrate solo su Bologna).<\/span><\/div>\n<div style=\"text-align: justify;\">\n<p><span style=\"color: #000000;\">Quindi ci saremmo aspettati che a settembre ci venisse consentito di riprendere finalmente la nostra attivit\u00e0 in presenza, visti i protocolli Governativi e Regionali\u00a0<\/span><\/p>\n<p dir=\"ltr\"><span style=\"color: #000000;\">Invece con nostra grande sorpresa abbiamo dovuto constatare che le porte ci vengono ancora ad oggi chiuse, senza alcuna motivazione o a volte con giustificazioni bizzarre, come ci \u00e8 capitato di vedere in una struttura della citt\u00e0, in cui in ogni porta \u00e8 stata affissa una lettera, in cui si dichiarava la sospensione della attivit\u00e0 di informazione in presenza: peccato per\u00f2 che tale lettera era quella pubblicata dalla regione all\u2019inizio del lockdown, ai primi giorni di marzo, quindi superata dal Protocollo Governativo del 25\/05 e dal Protocollo regionale del 9 giugno etc.<\/span><\/p>\n<p><span style=\"color: #000000;\">Questo atteggiamento sta mettendo seriamente a rischio centinaia di posti di lavoro nella nostra Citt\u00e0 e nella nostra Regione ed \u00e8 in contrasto oltre che con i citati protocolli, leggi e decreti sopra citati , anche con l\u2019articolo 4 della Costituzione Italiana perch\u00e9 impedisce di fatto il diritto al lavoro a molti colleghi IS\/ISF, inoltre impedisce a molti medici bolognesi di ricevere l\u2019informazione scientifica come previsto dal Dlgs 219\/2006 e dalla Conferenza Stato Regioni e Province Autonome ormai dal 2006. In regione Piemonte il PD dopo uscita del protocollo Governativo del 25\/05 ha fatto Interrogazione Regionale a risposta scritta dove \u00a0chiede spiegazioni del perch\u00e9 la Regione Piemonte non permetteva la nostra attivit\u00e0 IN PRESENZA nonostante il protocollo Governativo lo preveda e si dichiara preoccupato per aspetto occupazionale della nostra figura in regione Piemonte. Come categoria condividiamo con il PD le preoccupazioni sul nostro futuro occupazionale in area Bolognese e ricordiamo che lo stesso PD Governa Regione \u00a0Emilia-Romagna e la citt\u00e0 di Bologna, la stessa dottoressa Ottavia Soncini si \u00e8 attivata per conoscere i dettagli. Come categoria abbiamo scritto una lettera evidenziando tutte le criticit\u00e0 all&#8217;Assessore Raffaele Donini e siamo in attesa di essere ricevuti.<\/span><\/p>\n<p><span style=\"color: #000000;\">Contiamo al pi\u00f9 presto che tutte le criticit\u00e0 siano superate come gi\u00e0 avviene in tutto il resto delle strutture del SSR della Regione, dove siamo ricevuti dai singoli Sanitari su appuntamento, con orario concordato e nei luoghi indicati dai Sanitari stessi.<\/span><\/p>\n<p dir=\"ltr\"><span style=\"color: #000000;\">Ovviamente siamo a completa disposizione per chiarimenti e auspichiamo che ci possa essere un incontro per chiarire ogni aspetto e per collaborare ad opere e campagne di sensibilizzazione per il bene della salute pubblica in cui vorrete coinvolgerci.\u00a0<\/span><\/p>\n<p dir=\"ltr\"><span style=\"color: #000000;\">\u00a0 \u00a0 \u00a0 \u00a0 \u00a0 \u00a0 \u00a0 \u00a0 \u00a0 \u00a0 \u00a0 \u00a0Best regards\u00a0<\/span><\/p>\n<p><span style=\"color: #000000;\">Il Direttivo FEDAIISF Sezione Provinciale di Bologna<\/span><\/p>\n<p dir=\"ltr\">Alleghiamo<\/p>\n<p>&#8211; protocollo linee guida informazione scientifica e.r. 20\/01<\/p>\n<p dir=\"ltr\">&#8211; protocollo ripresa del 9\/6<\/p>\n<\/div>\n<div>\n<p dir=\"ltr\">&#8211; nota esplicativa dr.ssa Petropulacos<\/p>\n<\/div>\n<div>\n<div>\n<div class=\"gmail_quote\">\n<div dir=\"auto\">\n<p dir=\"ltr\">&#8211; articolo incontro dottoressa Soncini<\/p>\n<p>&#8211; donazione S.Orsola<\/p>\n<p dir=\"ltr\">&#8211; volontariato Igiene Pubblica a Modena<\/p>\n<p dir=\"ltr\"><a href=\"https:\/\/www.fedaiisf.it\/en\/fedaiisf-modena-conclusa-lopera-di-volontariato-presso-lausl\/\" target=\"_blank\" rel=\"noopener noreferrer\">https:\/\/www.fedaiisf.it\/fedaiisf-modena-conclusa-lopera-di-volontariato-presso-lausl\/<\/a><\/p>\n<p dir=\"ltr\"><a href=\"https:\/\/www.fedaiisf.it\/en\/emergenza-coronavirus-sez-fedaiisf-bologna-donazione-elettrocardiografi\/\" target=\"_blank\" rel=\"noopener noreferrer\">https:\/\/www.fedaiisf.it\/emergenza-coronavirus-sez-fedaiisf-bologna-donazione-elettrocardiografi\/<\/a><\/p>\n<p dir=\"ltr\"><a href=\"https:\/\/www.fedaiisf.it\/en\/delegazione-fedaiisf-ricevuta-in-regione-emilia-romagna\/\" target=\"_blank\" rel=\"noopener noreferrer\">https:\/\/www.fedaiisf.it\/delegazione-fedaiisf-ricevuta-in-regione-emilia-romagna\/<\/a><\/p>\n<\/div>\n<\/div>\n<\/div>\n<\/div>\n<p dir=\"ltr\">","protected":false},"excerpt":{"rendered":"<p>Gentilissimi, mi chiamo Alberto Bonomo e scrivo in qualit\u00e0 di presidente della Sezione di Bologna della associazione informatori scientifici del farmaco AIISF federata FEDAIISF e che solo a Bologna conta di 210 iscritti, inoltre sono membro del Coordinamento FEDAIISF Regione Emilia-Romagna che contempla anche le altre sezioni emiliano romagnole, i cui colleghi lavorano anche se &hellip;<\/p>","protected":false},"author":4,"featured_media":53079,"comment_status":"closed","ping_status":"closed","sticky":false,"template":"","format":"standard","meta":{"footnotes":""},"categories":[1],"tags":[155,21],"class_list":["post-53076","post","type-post","status-publish","format-standard","has-post-thumbnail","hentry","category-notizie","tag-divieto-accesso-isf","tag-informatori-scientifici"],"amp_enabled":true,"_links":{"self":[{"href":"https:\/\/www.fedaiisf.it\/en\/wp-json\/wp\/v2\/posts\/53076","targetHints":{"allow":["GET"]}}],"collection":[{"href":"https:\/\/www.fedaiisf.it\/en\/wp-json\/wp\/v2\/posts"}],"about":[{"href":"https:\/\/www.fedaiisf.it\/en\/wp-json\/wp\/v2\/types\/post"}],"author":[{"embeddable":true,"href":"https:\/\/www.fedaiisf.it\/en\/wp-json\/wp\/v2\/users\/4"}],"replies":[{"embeddable":true,"href":"https:\/\/www.fedaiisf.it\/en\/wp-json\/wp\/v2\/comments?post=53076"}],"version-history":[{"count":0,"href":"https:\/\/www.fedaiisf.it\/en\/wp-json\/wp\/v2\/posts\/53076\/revisions"}],"wp:featuredmedia":[{"embeddable":true,"href":"https:\/\/www.fedaiisf.it\/en\/wp-json\/wp\/v2\/media\/53079"}],"wp:attachment":[{"href":"https:\/\/www.fedaiisf.it\/en\/wp-json\/wp\/v2\/media?parent=53076"}],"wp:term":[{"taxonomy":"category","embeddable":true,"href":"https:\/\/www.fedaiisf.it\/en\/wp-json\/wp\/v2\/categories?post=53076"},{"taxonomy":"post_tag","embeddable":true,"href":"https:\/\/www.fedaiisf.it\/en\/wp-json\/wp\/v2\/tags?post=53076"}],"curies":[{"name":"wp","href":"https:\/\/api.w.org\/{rel}","templated":true}]}}