{"id":53094,"date":"2020-09-17T12:22:48","date_gmt":"2020-09-17T10:22:48","guid":{"rendered":"https:\/\/www.fedaiisf.it\/?p=53094"},"modified":"2020-09-17T12:22:48","modified_gmt":"2020-09-17T10:22:48","slug":"istat-commercio-estero-in-crescita-lesportazione-di-prodotti-farmaceutici-128","status":"publish","type":"post","link":"https:\/\/www.fedaiisf.it\/en\/istat-commercio-estero-in-crescita-lesportazione-di-prodotti-farmaceutici-128\/","title":{"rendered":"ISTAT. Foreign trade: the export of pharmaceutical products is growing +12.8%"},"content":{"rendered":"<p>A luglio 2020 si stima una crescita congiunturale per entrambi i flussi commerciali con l\u2019estero, pi\u00f9 intensa per le esportazioni (+5,7%) che per le importazioni (+4,8%). L\u2019aumento su base mensile dell\u2019export \u00e8 dovuto in particolare all\u2019incremento delle vendite verso i mercati extra Ue (+7,6%) mentre quello verso l\u2019area Ue \u00e8 pi\u00f9 contenuto (+3,9%).<\/p>\n<p>Nel trimestre maggio-luglio 2020 rispetto al precedente, la ripresa congiunturale registrata a partire da maggio si traduce in un aumento per l\u2019export (+4,4%) e in una diminuzione contenuta per l\u2019import (-2,3%).<\/p>\n<p><a href=\"https:\/\/www.fedaiisf.it\/wp-content\/uploads\/2020\/04\/Istat_v3.jpg\"><img loading=\"lazy\" decoding=\"async\" class=\"wp-image-49479 alignright\" src=\"https:\/\/www.fedaiisf.it\/wp-content\/uploads\/2020\/04\/Istat_v3.jpg\" alt=\"\" width=\"433\" height=\"153\" srcset=\"https:\/\/www.fedaiisf.it\/wp-content\/uploads\/2020\/04\/Istat_v3.jpg 753w, https:\/\/www.fedaiisf.it\/wp-content\/uploads\/2020\/04\/Istat_v3-300x106.jpg 300w\" sizes=\"auto, (max-width: 433px) 100vw, 433px\" \/><\/a>A luglio 2020 l\u2019export registra un ulteriore ridimensionamento del calo tendenziale (-7,3%; era -12,1% a giugno); la flessione \u00e8 pi\u00f9 ampia verso l\u2019area extra Ue (-8,1%) rispetto a quella Ue (-6,4%). L\u2019import mostra un recupero pi\u00f9 lento e una contrazione pi\u00f9 marcata (-14,2%, da -15,6% di giugno), sintesi del calo degli acquisti da entrambi i mercati, pi\u00f9 ampio dall\u2019area extra Ue (-17,5%) rispetto all\u2019area Ue (-11,5%).<\/p>\n<p>Tra i settori che contribuiscono maggiormente alla flessione tendenziale dell\u2019export si segnalano macchinari e apparecchi n.c.a. (-8,3%), prodotti petroliferi raffinati (-48,0%), metalli di base e prodotti in metallo, esclusi macchine e impianti (-9,1%), articoli di abbigliamento, anche in pelle e in pelliccia (-15,9%) e articoli in pelle escluso abbigliamento e simili (-15,6%). <strong><span style=\"color: #000000;\">In aumento su base annua le esportazioni di articoli farmaceutici, chimico-medicinali e botanici (+12,8%)<\/span><\/strong>, autoveicoli (+5,7%), prodotti alimentari, bevande e tabacco (+1,3%) e computer, apparecchi elettronici e ottici (+1,5%).<\/p>\n<p>Su base annua, i paesi che contribuiscono in misura maggiore alla caduta dell\u2019export sono Spagna (-16,4%), Germania (-5,3%), Francia (-6,1%), Stati Uniti (-5,4%), Regno Unito (-9,5%), paesi OPEC (-12,8%) e Svizzera (-6,3%). In aumento le vendite verso Belgio (+15,6%) e Cina (+14,0%).<\/p>\n<p>Nei primi sette mesi dell\u2019anno, la flessione tendenziale dell\u2019export (-14,0%) \u00e8 dovuta in particolare al calo delle vendite di macchinari e apparecchi n.c.a. (-18,2%), metalli di base e prodotti in metallo, esclusi macchine e impianti (-13,2%), articoli in pelle escluso abbigliamento e simili (-26,2%), mezzi di trasporto, autoveicoli esclusi (-19,5%), autoveicoli (-26,2%) e articoli di abbigliamento, anche in pelle e in pelliccia (-22,9%).<\/p>\n<p>A luglio 2020 si stima che il saldo commerciale aumenti di 2.077 milioni di euro (da +7.617 milioni a luglio 2019 a +9.694 milioni a luglio 2020). Al netto dei prodotti energetici il saldo \u00e8 pari a +11.679 milioni di euro (era +11.084 milioni a luglio 2019).<\/p>\n<p>I prezzi all\u2019importazione segnano tassi di decremento tendenziale nella maggior parte dei settori manifatturieri; <span style=\"color: #000000;\">la produzione di prodotti farmaceutici di base e preparati farmaceutici registra un -5,6% per l\u2019Area non euro.<\/span><\/p>\n<p>Nel mese di luglio 2020 si stima che i prezzi all\u2019importazione aumentino dello 0,2% su giugno 2020 e diminuiscano del 6,4% su base annua.<\/p>\n<p><a href=\"https:\/\/www.istat.it\/it\/archivio\/247197\" target=\"_blank\" rel=\"noopener noreferrer\">ISTAT &#8211; 17 settembre 2020<\/a><\/p>\n<p><a href=\"https:\/\/www.istat.it\/it\/files\/\/2020\/09\/Commercio-con-lestero-e-prezzi-allimport_72020.pdf\" target=\"_blank\" rel=\"noopener noreferrer\">FULL TEXT AND METHODOLOGICAL NOTE<\/a><\/p>\n<p>&nbsp;<\/p>","protected":false},"excerpt":{"rendered":"<p>A luglio 2020 si stima una crescita congiunturale per entrambi i flussi commerciali con l\u2019estero, pi\u00f9 intensa per le esportazioni (+5,7%) che per le importazioni (+4,8%). L\u2019aumento su base mensile dell\u2019export \u00e8 dovuto in particolare all\u2019incremento delle vendite verso i mercati extra Ue (+7,6%) mentre quello verso l\u2019area Ue \u00e8 pi\u00f9 contenuto (+3,9%). Nel trimestre &hellip;<\/p>","protected":false},"author":4,"featured_media":53097,"comment_status":"closed","ping_status":"closed","sticky":false,"template":"","format":"standard","meta":{"footnotes":""},"categories":[1],"tags":[42],"class_list":["post-53094","post","type-post","status-publish","format-standard","has-post-thumbnail","hentry","category-notizie","tag-istat"],"amp_enabled":true,"_links":{"self":[{"href":"https:\/\/www.fedaiisf.it\/en\/wp-json\/wp\/v2\/posts\/53094","targetHints":{"allow":["GET"]}}],"collection":[{"href":"https:\/\/www.fedaiisf.it\/en\/wp-json\/wp\/v2\/posts"}],"about":[{"href":"https:\/\/www.fedaiisf.it\/en\/wp-json\/wp\/v2\/types\/post"}],"author":[{"embeddable":true,"href":"https:\/\/www.fedaiisf.it\/en\/wp-json\/wp\/v2\/users\/4"}],"replies":[{"embeddable":true,"href":"https:\/\/www.fedaiisf.it\/en\/wp-json\/wp\/v2\/comments?post=53094"}],"version-history":[{"count":0,"href":"https:\/\/www.fedaiisf.it\/en\/wp-json\/wp\/v2\/posts\/53094\/revisions"}],"wp:featuredmedia":[{"embeddable":true,"href":"https:\/\/www.fedaiisf.it\/en\/wp-json\/wp\/v2\/media\/53097"}],"wp:attachment":[{"href":"https:\/\/www.fedaiisf.it\/en\/wp-json\/wp\/v2\/media?parent=53094"}],"wp:term":[{"taxonomy":"category","embeddable":true,"href":"https:\/\/www.fedaiisf.it\/en\/wp-json\/wp\/v2\/categories?post=53094"},{"taxonomy":"post_tag","embeddable":true,"href":"https:\/\/www.fedaiisf.it\/en\/wp-json\/wp\/v2\/tags?post=53094"}],"curies":[{"name":"wp","href":"https:\/\/api.w.org\/{rel}","templated":true}]}}