{"id":53174,"date":"2020-09-23T23:26:27","date_gmt":"2020-09-23T21:26:27","guid":{"rendered":"https:\/\/www.fedaiisf.it\/?p=53174"},"modified":"2020-10-01T10:04:39","modified_gmt":"2020-10-01T08:04:39","slug":"parla-con-vera-lintelligenza-artificiale-che-risponde-alle-domande-sul-covid-19","status":"publish","type":"post","link":"https:\/\/www.fedaiisf.it\/en\/parla-con-vera-lintelligenza-artificiale-che-risponde-alle-domande-sul-covid-19\/","title":{"rendered":"Talk to &quot;Vera&quot;: the artificial intelligence that answers questions about Covid-19"},"content":{"rendered":"<h2 style=\"margin-top: 22.5pt; text-align: center; line-height: 16.65pt; background: white; vertical-align: baseline;\" align=\"center\"><b><span style=\"font-size: 12.5pt; font-family: 'Arial',sans-serif; color: #212121;\">Un progetto di Pagella Politica, Facta, IRCCS Ospedale San Raffaele, Indigo.ai ed EURECOM per un\u2019informazione libera da fake news, a breve sar\u00e0 inserito il link nel nostro sito.<\/span><\/b><\/h2>\n<p><span style=\"font-size: 17px;\">\u00c8 vero che il 5G causa la Covid-19 o che il Coronavirus \u00e8 stato creato in laboratorio? Che cos\u2019\u00e8 l\u2019immunit\u00e0 di gregge? \u00c8 vero che in Italia ci sono stati pi\u00f9 morti che in Spagna? \u00c8 vero che la mascherina fa male? Tra domande legittime e fantasie irrazionali, sulla nuova pandemia c\u2019\u00e8 molta confusione e disinformazione. Per dare al pubblico risposte rapide e precise, <strong>Pagella Politica<\/strong>, <strong>Facta, IRCCS Ospedale San Raffaele<\/strong> and <strong>EURECOM<\/strong> hanno sviluppato <strong>VERA<\/strong>, un progetto di intelligenza artificiale nato per aiutare le persone a orientarsi nell\u2019oceano di contenuti legati alla Covid-19, grazie a una conversazione interattiva in <strong>chatbots<\/strong> (acronimo di chat e robot, software progettato per la simulazione di una conversazione fra essere umano e robot).<\/span><\/p>\n<p><span style=\"font-size: 17px;\">Furthermore, <strong>VERA<\/strong> \u00e8 in grado di controllare la veridicit\u00e0 delle notizie che circolano online e sui principali mezzi di comunicazione in merito al Coronavirus. Come ha ricordato l\u2019Organizzazione Mondiale della Sanit\u00e0, insieme alla pandemia di Coronavirus stiamo vivendo anche una \u201cinfodemia\u201d, ossia una diffusione eccessiva di notizie false, fuorvianti o da fonti poco attendibili. (<a href=\"https:\/\/www.economymag.it\/news\/2020\/09\/16\/news\/nasce-vera-lintelligenza-artificiale-che-risponde-alle-domande-sul-covid-21638\/\" target=\"_blank\" rel=\"noopener\">EconomyMag<\/a>)<\/span><\/p>\n<p><span style=\"font-size: 17px;\"><a href=\"https:\/\/www.fedaiisf.it\/wp-content\/uploads\/2020\/09\/hacker-696x316-1.png\"><img loading=\"lazy\" decoding=\"async\" class=\"wp-image-53177 alignright\" src=\"https:\/\/www.fedaiisf.it\/wp-content\/uploads\/2020\/09\/hacker-696x316-1-300x136.png\" alt=\"\" width=\"373\" height=\"169\" srcset=\"https:\/\/www.fedaiisf.it\/wp-content\/uploads\/2020\/09\/hacker-696x316-1-300x136.png 300w, https:\/\/www.fedaiisf.it\/wp-content\/uploads\/2020\/09\/hacker-696x316-1.png 696w\" sizes=\"auto, (max-width: 373px) 100vw, 373px\" \/><\/a>\u00c8 di ieri la notizia di aver ottenuto l\u2019autorizzazione ad inserire nel sito FEDAIISF il link di <strong>VERA.<\/strong><\/span><\/p>\n<p><span style=\"font-size: 17px;\"><a href=\"https:\/\/www.chiediavera.it\/\" target=\"_blank\" rel=\"noopener noreferrer\"><em><strong><span style=\"font-size: 18px;\">Che cosa aspetti? Parla con Vera!<\/span><\/strong><\/em><\/a><\/span><\/p>","protected":false},"excerpt":{"rendered":"<p>Un progetto di Pagella Politica, Facta, IRCCS Ospedale San Raffaele, Indigo.ai ed EURECOM per un\u2019informazione libera da fake news, a breve sar\u00e0 inserito il link nel nostro sito. \u00c8 vero che il 5G causa la Covid-19 o che il Coronavirus \u00e8 stato creato in laboratorio? Che cos\u2019\u00e8 l\u2019immunit\u00e0 di gregge? \u00c8 vero che in Italia &hellip;<\/p>","protected":false},"author":495,"featured_media":53175,"comment_status":"closed","ping_status":"closed","sticky":false,"template":"","format":"standard","meta":{"footnotes":""},"categories":[1],"tags":[142,147,148,146],"class_list":["post-53174","post","type-post","status-publish","format-standard","has-post-thumbnail","hentry","category-notizie","tag-covid-19","tag-fakenews","tag-indigo-ai","tag-sanraffaele"],"amp_enabled":true,"_links":{"self":[{"href":"https:\/\/www.fedaiisf.it\/en\/wp-json\/wp\/v2\/posts\/53174","targetHints":{"allow":["GET"]}}],"collection":[{"href":"https:\/\/www.fedaiisf.it\/en\/wp-json\/wp\/v2\/posts"}],"about":[{"href":"https:\/\/www.fedaiisf.it\/en\/wp-json\/wp\/v2\/types\/post"}],"author":[{"embeddable":true,"href":"https:\/\/www.fedaiisf.it\/en\/wp-json\/wp\/v2\/users\/495"}],"replies":[{"embeddable":true,"href":"https:\/\/www.fedaiisf.it\/en\/wp-json\/wp\/v2\/comments?post=53174"}],"version-history":[{"count":0,"href":"https:\/\/www.fedaiisf.it\/en\/wp-json\/wp\/v2\/posts\/53174\/revisions"}],"wp:featuredmedia":[{"embeddable":true,"href":"https:\/\/www.fedaiisf.it\/en\/wp-json\/wp\/v2\/media\/53175"}],"wp:attachment":[{"href":"https:\/\/www.fedaiisf.it\/en\/wp-json\/wp\/v2\/media?parent=53174"}],"wp:term":[{"taxonomy":"category","embeddable":true,"href":"https:\/\/www.fedaiisf.it\/en\/wp-json\/wp\/v2\/categories?post=53174"},{"taxonomy":"post_tag","embeddable":true,"href":"https:\/\/www.fedaiisf.it\/en\/wp-json\/wp\/v2\/tags?post=53174"}],"curies":[{"name":"wp","href":"https:\/\/api.w.org\/{rel}","templated":true}]}}