{"id":532,"date":"2014-05-15T17:20:05","date_gmt":"2014-05-15T15:20:05","guid":{"rendered":"http:\/\/www.fedaiisf.it\/?p=532"},"modified":"2014-05-15T17:20:05","modified_gmt":"2014-05-15T15:20:05","slug":"portogallo-il-piu-grande-evento-nazionale-sul-marketing-farmaceutico-discutera-limpatto-della-crisi-nellarea-salute","status":"publish","type":"post","link":"https:\/\/www.fedaiisf.it\/en\/portogallo-il-piu-grande-evento-nazionale-sul-marketing-farmaceutico-discutera-limpatto-della-crisi-nellarea-salute\/","title":{"rendered":"Portugal. The largest national event on pharmaceutical marketing will discuss the impact of the crisis in the health area"},"content":{"rendered":"<p>Maior evento nacional sobre o marketing farmac\u00eautico vai discutir o impacto da crise na \u00e1rea da sa\u00fade<\/p>\n<p>14\/05\/2014 \u2013 RMC<\/p>\n<p>Realiza-se no pr\u00f3ximo dia 16 de Maio em Tr\u00f3ia (Hotel Aqualuz &#8211; 9:30\/18:30) o Re-Thinking Pharma 2014\u20132024, o maior evento nacional na \u00e1rea do marketing farmac\u00eautico portugu\u00eas. Ao todo ser\u00e3o mais de 250 profissionais ligados \u00e0 \u00e1rea da sa\u00fade a debater o impacto da crise na \u00e1rea da sa\u00fade &#8211; entre 2009 e 2013 a ind\u00fastria farmac\u00eautica em Portugal perdeu cerca de 1000 postos de trabalho &#8211; e as novas tend\u00eancias que poder\u00e3o dar um novo f\u00f4lego ao sector em Portugal e na Europa.<br \/>\nAs estrat\u00e9gias de internacionaliza\u00e7\u00e3o, a aposta na I&amp;D e as oportunidades e riscos trazidos pela \u201cera digital\u201d ser\u00e3o alguns dos temas em destaque durante o encontro, al\u00e9m dos desafios que o contexto econ\u00f3mico tem imposto aos players da \u00e1rea.<br \/>\nO Re-Thinking Pharma 2014-2024 \u00e9 o grande evento nacional dirigido a profissionais da Ind\u00fastria farmac\u00eautica e ser\u00e1 presidida por Sua Excel\u00eancia o Secret\u00e1rio de Estado da Sa\u00fade, Dr. Manuel Teixeira. O evento conta com o apoio oficial da AICEP, da APOGEN (Associa\u00e7\u00e3o Portuguesa de Gen\u00e9ricos), da APDP (Associa\u00e7\u00e3o portuguesa do Doente Diab\u00e9tico), da APMIF (Associa\u00e7\u00e3o Portuguesa de Medicina Farmac\u00eautica) e do IPAM\/ IADE (Instituto Portugu\u00eas de Administra\u00e7\u00e3o e Marketing).<br \/>\nFonte: comunicado de imprensa<br \/>\nIl pi\u00f9 grande evento nazionale sul marketing farmaceutico discuter\u00e0 l&#8217;impatto della crisi nell&#8217;area salute<br \/>\n5\/14\/2014 &#8211; RMC<\/p>\n<p>&nbsp;<\/p>\n<p>Si svolge il 16 maggio a Troia (Hotel Aqualuz-09.30\/18:30) il ripensare Pharma 2014-2024, il pi\u00f9 grande evento nazionale nell&#8217;area del marketing farmaceutico portoghese. In tutto, pi\u00f9 di 250 professionisti collegati all&#8217;area della salute per discutere l&#8217;impatto della crisi nell&#8217;area salute-tra il 2009 e il 2013 l&#8217;industria farmaceutica in Portogallo ha perso circa 1000 posti di lavoro- e le nuove tendenze che possono dare un nuovo impulso al settore in Portogallo e in Europa.<br \/>\nStrategie di internazionalizzazione, la scommessa su l &amp; D e le opportunit\u00e0 e i rischi portati da &#8220;era digitale&#8221; saranno alcuni degli argomenti evidenziati durante l&#8217;incontro, oltre che le sfide che il contesto economico ha imposto su giocatori dalla zona.<br \/>\nIl ripensare Pharma 2014-2024 \u00e8 il grande evento nazionale rivolto a professionisti del settore farmaceutico e sar\u00e0 presieduta da sua eccellenza il ministro della sanit\u00e0, dottor Manuel Teixeira. L&#8217;evento ha il sostegno ufficiale di AICEP, APOGEN (Associa\u00e7\u00e3o Portuguesa de generics), APDP (portoghese associazione del paziente diabetico), APMIF (Associazione portoghese di medicina farmaceutica) e di IPAM\/IADE (Istituto portoghese di gestione) e di Marketing.<br \/>\nFonte: comunicato stampa<\/p>\n<p>&nbsp;<\/p>","protected":false},"excerpt":{"rendered":"<p>Maior evento nacional sobre o marketing farmac\u00eautico vai discutir o impacto da crise na \u00e1rea da sa\u00fade 14\/05\/2014 \u2013 RMC Realiza-se no pr\u00f3ximo dia 16 de Maio em Tr\u00f3ia (Hotel Aqualuz &#8211; 9:30\/18:30) o Re-Thinking Pharma 2014\u20132024, o maior evento nacional na \u00e1rea do marketing farmac\u00eautico portugu\u00eas. Ao todo ser\u00e3o mais de 250 profissionais ligados &hellip;<\/p>","protected":false},"author":1,"featured_media":533,"comment_status":"open","ping_status":"closed","sticky":false,"template":"","format":"standard","meta":{"footnotes":""},"categories":[16],"tags":[],"class_list":["post-532","post","type-post","status-publish","format-standard","has-post-thumbnail","hentry","category-primo-piano"],"amp_enabled":true,"_links":{"self":[{"href":"https:\/\/www.fedaiisf.it\/en\/wp-json\/wp\/v2\/posts\/532","targetHints":{"allow":["GET"]}}],"collection":[{"href":"https:\/\/www.fedaiisf.it\/en\/wp-json\/wp\/v2\/posts"}],"about":[{"href":"https:\/\/www.fedaiisf.it\/en\/wp-json\/wp\/v2\/types\/post"}],"author":[{"embeddable":true,"href":"https:\/\/www.fedaiisf.it\/en\/wp-json\/wp\/v2\/users\/1"}],"replies":[{"embeddable":true,"href":"https:\/\/www.fedaiisf.it\/en\/wp-json\/wp\/v2\/comments?post=532"}],"version-history":[{"count":0,"href":"https:\/\/www.fedaiisf.it\/en\/wp-json\/wp\/v2\/posts\/532\/revisions"}],"wp:featuredmedia":[{"embeddable":true,"href":"https:\/\/www.fedaiisf.it\/en\/wp-json\/wp\/v2\/media\/533"}],"wp:attachment":[{"href":"https:\/\/www.fedaiisf.it\/en\/wp-json\/wp\/v2\/media?parent=532"}],"wp:term":[{"taxonomy":"category","embeddable":true,"href":"https:\/\/www.fedaiisf.it\/en\/wp-json\/wp\/v2\/categories?post=532"},{"taxonomy":"post_tag","embeddable":true,"href":"https:\/\/www.fedaiisf.it\/en\/wp-json\/wp\/v2\/tags?post=532"}],"curies":[{"name":"wp","href":"https:\/\/api.w.org\/{rel}","templated":true}]}}