{"id":53227,"date":"2020-09-29T00:07:35","date_gmt":"2020-09-28T22:07:35","guid":{"rendered":"https:\/\/www.fedaiisf.it\/?p=53227"},"modified":"2020-09-29T12:45:54","modified_gmt":"2020-09-29T10:45:54","slug":"aiisf-bergamo-tavolo-di-lavoro-fra-medici-ed-informatori-riconosciuto-da-omceo-bg","status":"publish","type":"post","link":"https:\/\/www.fedaiisf.it\/en\/aiisf-bergamo-tavolo-di-lavoro-fra-medici-ed-informatori-riconosciuto-da-omceo-bg\/","title":{"rendered":"AIISF Bergamo, working table between doctors and informants recognized by OMCeO BG"},"content":{"rendered":"<p><a href=\"https:\/\/drive.google.com\/drive\/u\/5\/folders\/16GEmnlGQuqQENTGNtpEveyYDg9EB4b4z\" target=\"_blank\" rel=\"noopener noreferrer\"><img loading=\"lazy\" decoding=\"async\" class=\"wp-image-53231 aligncenter\" src=\"https:\/\/www.fedaiisf.it\/wp-content\/uploads\/2020\/09\/foto-omceobg-300x152.jpg\" alt=\"\" width=\"624\" height=\"316\" srcset=\"https:\/\/www.fedaiisf.it\/wp-content\/uploads\/2020\/09\/foto-omceobg-300x152.jpg 300w, https:\/\/www.fedaiisf.it\/wp-content\/uploads\/2020\/09\/foto-omceobg-1024x520.jpg 1024w, https:\/\/www.fedaiisf.it\/wp-content\/uploads\/2020\/09\/foto-omceobg-768x390.jpg 768w, https:\/\/www.fedaiisf.it\/wp-content\/uploads\/2020\/09\/foto-omceobg.jpg 1187w\" sizes=\"auto, (max-width: 624px) 100vw, 624px\" \/><\/a><\/p>\n<p>&nbsp;<\/p>\n<p>&nbsp;<\/p>\n<p>&nbsp;<\/p>\n<p>&nbsp;<\/p>\n<p>&nbsp;<\/p>\n<p>&nbsp;<\/p>\n<p>&nbsp;<\/p>\n<p>&nbsp;<\/p>\n<p>&nbsp;<\/p>\n<p>&nbsp;<\/p>\n<p>&nbsp;<\/p>\n<p><a href=\"https:\/\/www.fedaiisf.it\/wp-content\/uploads\/2020\/09\/Lettera-AIISF-signed_page-0001-1.jpg\"><img loading=\"lazy\" decoding=\"async\" class=\"wp-image-53232 aligncenter\" src=\"https:\/\/www.fedaiisf.it\/wp-content\/uploads\/2020\/09\/Lettera-AIISF-signed_page-0001-1-266x300.jpg\" alt=\"\" width=\"470\" height=\"530\" srcset=\"https:\/\/www.fedaiisf.it\/wp-content\/uploads\/2020\/09\/Lettera-AIISF-signed_page-0001-1-266x300.jpg 266w, https:\/\/www.fedaiisf.it\/wp-content\/uploads\/2020\/09\/Lettera-AIISF-signed_page-0001-1-909x1024.jpg 909w, https:\/\/www.fedaiisf.it\/wp-content\/uploads\/2020\/09\/Lettera-AIISF-signed_page-0001-1-768x865.jpg 768w, https:\/\/www.fedaiisf.it\/wp-content\/uploads\/2020\/09\/Lettera-AIISF-signed_page-0001-1.jpg 1135w\" sizes=\"auto, (max-width: 470px) 100vw, 470px\" \/><\/a><\/p>\n<p>&nbsp;<\/p>\n<p>&nbsp;<\/p>\n<p>&nbsp;<\/p>\n<p>&nbsp;<\/p>\n<p>&nbsp;<\/p>\n<p>&nbsp;<\/p>\n<p>&nbsp;<\/p>\n<p>&nbsp;<\/p>\n<p>&nbsp;<\/p>\n<p>&nbsp;<\/p>\n<p>&nbsp;<\/p>\n<p>&nbsp;<\/p>\n<p>&nbsp;<\/p>\n<p><span style=\"color: #000000;\">Ed<\/span><\/p>\n<p><span style=\"color: #000000; font-family: tahoma, arial, helvetica, sans-serif; font-size: 16px;\">Promuovere valore ed eticit\u00e0 in una professione come la nostra poco conosciuta da i non addetti ma apprezzata dai medici non ha richiesto molte parole. Il desiderio di costituire un tavolo paritetico con entrambe le figure, medici ed informatori, \u00e8 stato colto in tempi rapidi dall&#8217;ordine dei medici bergamaschi anche perch\u00e9 coloro con cui ho parlato legavano la ripresa della nostra attivit\u00e0 come un ritorno alla normalit\u00e0.<\/span><\/p>\n<p><span style=\"color: #000000; font-family: tahoma, arial, helvetica, sans-serif; font-size: 16px;\">Oggi siamo riconosciuti consulenti del medico e molto abbiamo imparato, grazie all&#8217;emergenza COVID, su quanto sia pericoloso non avere informazione scientifica sul farmaco perch\u00e9 col senno di poi e con le opportune conoscenze scientifiche avremmo potuto salvare molte pi\u00f9 vite umane di quanto fatto nei mesi trascorsi, questo a Bergamo purtroppo lo abbiamo capito bene!<\/span><\/p>\n<p><span style=\"font-family: tahoma, arial, helvetica, sans-serif; font-size: 16px; color: #000000;\">Il nostro desiderio come associazione AIISF Bergamo era riprendere la nostra attivit\u00e0: portare conoscenza scientifica rispettando tutte le norme di sicurezza per il medico, il personale dello studio, i pazienti e per gli stessi informatori scientifici. In quest&#8217;ottica sono stati molto apprezzati i seguenti documenti: manuale delle best practice e il sondaggio per una informazione di qualit\u00e0.<\/span><\/p>\n<p><span style=\"font-family: tahoma, arial, helvetica, sans-serif; font-size: 16px; color: #000000;\">Con la speranza di avere l&#8217;attenzione che meritiamo condivido con tutti i colleghi i nostri strumenti:<\/span><\/p>\n<p><span style=\"font-family: tahoma, arial, helvetica, sans-serif; font-size: 16px;\">to) <a href=\"https:\/\/drive.google.com\/drive\/u\/5\/folders\/16GEmnlGQuqQENTGNtpEveyYDg9EB4b4z\" target=\"_blank\" rel=\"noopener noreferrer\">manuale delle <em>best practices<\/em><\/a><\/span><\/p>\n<p><span style=\"font-family: tahoma, arial, helvetica, sans-serif; font-size: 16px;\">b) <a href=\"https:\/\/drive.google.com\/drive\/u\/5\/folders\/16GEmnlGQuqQENTGNtpEveyYDg9EB4b4z\" target=\"_blank\" rel=\"noopener noreferrer\">sondaggio sull&#8217;informazione scientifica<\/a><\/span><\/p>\n<p><span style=\"font-family: tahoma, arial, helvetica, sans-serif; font-size: 16px; color: #000000;\">Buon lavoro a tutti<\/span><\/p>\n<p><span style=\"font-family: tahoma, arial, helvetica, sans-serif; font-size: 16px;\"><span style=\"color: #000000;\">Andrew Arena<\/span><\/span><\/p>\n<p>&nbsp;<\/p>","protected":false},"excerpt":{"rendered":"<p>&nbsp; &nbsp; &nbsp; &nbsp; &nbsp; &nbsp; &nbsp; &nbsp; &nbsp; &nbsp; &nbsp; &nbsp; &nbsp; &nbsp; &nbsp; &nbsp; &nbsp; &nbsp; &nbsp; &nbsp; &nbsp; &nbsp; &nbsp; &nbsp; N.d.R. Promuovere valore ed eticit\u00e0 in una professione come la nostra poco conosciuta da i non addetti ma apprezzata dai medici non ha richiesto molte parole. Il desiderio di costituire un &hellip;<\/p>","protected":false},"author":495,"featured_media":50174,"comment_status":"closed","ping_status":"closed","sticky":false,"template":"","format":"standard","meta":{"footnotes":""},"categories":[1,14],"tags":[151,153,150,152,149],"class_list":["post-53227","post","type-post","status-publish","format-standard","has-post-thumbnail","hentry","category-notizie","category-news-fedaiisf","tag-aiisfbergamo","tag-isfbergamo","tag-omceobg","tag-ripresalavorativaisf","tag-tavoloparitetico"],"amp_enabled":true,"_links":{"self":[{"href":"https:\/\/www.fedaiisf.it\/en\/wp-json\/wp\/v2\/posts\/53227","targetHints":{"allow":["GET"]}}],"collection":[{"href":"https:\/\/www.fedaiisf.it\/en\/wp-json\/wp\/v2\/posts"}],"about":[{"href":"https:\/\/www.fedaiisf.it\/en\/wp-json\/wp\/v2\/types\/post"}],"author":[{"embeddable":true,"href":"https:\/\/www.fedaiisf.it\/en\/wp-json\/wp\/v2\/users\/495"}],"replies":[{"embeddable":true,"href":"https:\/\/www.fedaiisf.it\/en\/wp-json\/wp\/v2\/comments?post=53227"}],"version-history":[{"count":0,"href":"https:\/\/www.fedaiisf.it\/en\/wp-json\/wp\/v2\/posts\/53227\/revisions"}],"wp:featuredmedia":[{"embeddable":true,"href":"https:\/\/www.fedaiisf.it\/en\/wp-json\/wp\/v2\/media\/50174"}],"wp:attachment":[{"href":"https:\/\/www.fedaiisf.it\/en\/wp-json\/wp\/v2\/media?parent=53227"}],"wp:term":[{"taxonomy":"category","embeddable":true,"href":"https:\/\/www.fedaiisf.it\/en\/wp-json\/wp\/v2\/categories?post=53227"},{"taxonomy":"post_tag","embeddable":true,"href":"https:\/\/www.fedaiisf.it\/en\/wp-json\/wp\/v2\/tags?post=53227"}],"curies":[{"name":"wp","href":"https:\/\/api.w.org\/{rel}","templated":true}]}}