{"id":53372,"date":"2020-10-06T17:54:57","date_gmt":"2020-10-06T15:54:57","guid":{"rendered":"https:\/\/www.fedaiisf.it\/?p=53372"},"modified":"2020-10-17T13:20:43","modified_gmt":"2020-10-17T11:20:43","slug":"al-policlinico-gemelli-il-farmacista-noto-virologo-vieta-laccesso-degli-isf-a-tutti-i-reparti-n-d-r","status":"publish","type":"post","link":"https:\/\/www.fedaiisf.it\/en\/al-policlinico-gemelli-il-farmacista-noto-virologo-vieta-laccesso-degli-isf-a-tutti-i-reparti-n-d-r\/","title":{"rendered":"At the Gemelli Polyclinic, the pharmacist, a well-known virologist, forbids the access of the ISF to all departments. Ed"},"content":{"rendered":"<p><a href=\"https:\/\/www.fedaiisf.it\/wp-content\/uploads\/2020\/10\/Policlin.-Gemelli-Divieto-accesso-ISF-2.jpeg\"><img loading=\"lazy\" decoding=\"async\" class=\"alignnone size-full wp-image-53373\" src=\"https:\/\/www.fedaiisf.it\/wp-content\/uploads\/2020\/10\/Policlin.-Gemelli-Divieto-accesso-ISF-2.jpeg\" alt=\"\" width=\"908\" height=\"935\" srcset=\"https:\/\/www.fedaiisf.it\/wp-content\/uploads\/2020\/10\/Policlin.-Gemelli-Divieto-accesso-ISF-2.jpeg 908w, https:\/\/www.fedaiisf.it\/wp-content\/uploads\/2020\/10\/Policlin.-Gemelli-Divieto-accesso-ISF-2-291x300.jpeg 291w, https:\/\/www.fedaiisf.it\/wp-content\/uploads\/2020\/10\/Policlin.-Gemelli-Divieto-accesso-ISF-2-768x791.jpeg 768w, https:\/\/www.fedaiisf.it\/wp-content\/uploads\/2020\/10\/Policlin.-Gemelli-Divieto-accesso-ISF-2-36x36.jpeg 36w\" sizes=\"auto, (max-width: 908px) 100vw, 908px\" \/><\/a><\/p>\n<hr \/>\n<p><span style=\"color: #000000;\"><strong>Ed<\/strong>: The <strong>Dr. Marcello Pani<\/strong> \u00e8 il\u00a0Direttore della Farmacia Ospedaliera del Policlinico Universitario Agostino Gemelli IRCCS ed \u00e8 stato eletto Segretario Nazionale della Societ\u00e0 Italiana di Farmacia Ospedaliera e dei Servizi Farmaceutici delle Aziende Sanitarie (SIFO), per il quadriennio 2020-2024<em>.<\/em><\/span><\/p>\n<p><span style=\"color: #000000;\"><a href=\"https:\/\/www.fedaiisf.it\/wp-content\/uploads\/2020\/10\/Marcello-Pani-Gemelli.jpeg\"><img loading=\"lazy\" decoding=\"async\" class=\"wp-image-53376 alignright\" src=\"https:\/\/www.fedaiisf.it\/wp-content\/uploads\/2020\/10\/Marcello-Pani-Gemelli.jpeg\" alt=\"\" width=\"284\" height=\"309\" srcset=\"https:\/\/www.fedaiisf.it\/wp-content\/uploads\/2020\/10\/Marcello-Pani-Gemelli.jpeg 409w, https:\/\/www.fedaiisf.it\/wp-content\/uploads\/2020\/10\/Marcello-Pani-Gemelli-276x300.jpeg 276w\" sizes=\"auto, (max-width: 284px) 100vw, 284px\" \/><\/a>Quando abbiamo letto questa disposizione credevamo fosse una bufala. Normalmente sono disposizioni del Direttore Generale o meglio del Direttore sanitario che per legge ha la responsabilit\u00e0 del\u00a0controllo igienico-sanitario e funzionale degli ambienti di lavoro della struttura sanitaria, che dovrebbe\u00a0presiedere comitati interni quali il Comitato per la lotta alle infezioni correlate all&#8217;assistenza (CIO), che\u00a0organizza la logistica dei pazienti, dei visitatori, dei fornitori.\u00a0Mai come nell&#8217;era Covid-19 il direttore sanitario \u00e8 il dirigente ospedaliero pi\u00f9 alto in grado per<\/span><span style=\"color: #000000;\"> &#8220;dirigere l&#8217;ospedale cui \u00e8 preposto ai fini igienico-sanitari&#8221; (art. 5 DPR 128\/1969). Il pi\u00f9 delle volte \u00e8 di nomina politica e la competenza non sempre \u00e8 la dote principale, ma la legge dice che \u00e8 lui a dover prendere provvedimenti. Il Policlinico Gemelli opera nell&#8217;ambito del Sistema Sanitario Nazionale italiano e quindi dovrebbe seguire le stesse leggi.<\/span><\/p>\n<p><span style=\"color: #000000;\">Qui invece, sempre che non sia uno scherzo, un Direttore di Farmacia che non \u00e8 un medico specializzato in igiene o malattie infettive prende un provvedimento che spetta al Direttore Sanitario vietando l&#8217;accesso degli ISF a tutta la struttura ospedaliera. La sua non conoscenza si manifesta gi\u00e0 nella definizione: IMS che non esiste o meglio \u00e8 una nota azienda di indagini medico scientifiche. Se vuol fare riferimento alle leggi gli informatori scientifici del farmaco si definiscono ISF. Emana poi disposizioni sugli ISF, pensiamo si riferisca a loro, senza darne comunicazione agli stessi ISF.<\/span><\/p>\n<p><span style=\"color: #000000;\">Ma nell&#8217;era del Covid-19 va cos\u00ec: gente che non sa nulla sugli ISF prende provvedimenti sugli ISF senza consultarli, senza avvisarli. C&#8217;\u00e8 al policlinico Gemelli una Commissione, in cui deve essere presente l&#8217;associazione degli informatori scientifici, come vogliono le linee guida sull&#8217;informazione scientifica della Conferenza delle Regioni, a cui deve essere demandata la programmazione e realizzazione di\u00a0 incontri con tutti i sanitari che operano nel bacino di utenza?<\/span><\/p>\n<p><span style=\"color: #000000;\">&#8230; ma sicuramente \u00e8 uno scherzo.<\/span><\/p>\n<p>&nbsp;<\/p>\n<p><span style=\"color: #000000;\"><strong>Note<\/strong>:\u00a0Veniamo a conoscenza che all\u2019<a href=\"https:\/\/www.ilgallo.it\/cronaca\/tricase-tecnico-del-panico-positivo-al-covid\/\" target=\"_blank\" rel=\"noopener noreferrer\">ospedale di Trecase<\/a>, solo perch\u00e9 \u00e8 l\u2019ultimo in ordine di tempo ma ci sono tanti altri esempi, un tecnico, originario di\u00a0<strong>Andrano,\u00a0<\/strong>addetto agli elettroencefalogrammi nel reparto di Neurologia, \u00e8 risultato positivo al coronavirus. Il reparto di cui fa parte \u00e8 uno degli ambienti ospedalieri in cui gli accessi sono pi\u00f9 programmati e contingentati. Nessun ISF ha diffuso il coronavirus. Con la stessa logica del Dr. Pani bisognerebbe vietare l\u2019accesso a tutti gli operatori sanitari, lui stesso per primo. Pensiamo che non viva in ospedale e quando esce pu\u00f2 benissimo infettarsi e diffondere il virus<\/span><\/p>","protected":false},"excerpt":{"rendered":"<p>N.d.R.: Il Dr. Marcello Pani \u00e8 il\u00a0Direttore della Farmacia Ospedaliera del Policlinico Universitario Agostino Gemelli IRCCS ed \u00e8 stato eletto Segretario Nazionale della Societ\u00e0 Italiana di Farmacia Ospedaliera e dei Servizi Farmaceutici delle Aziende Sanitarie (SIFO), per il quadriennio 2020-2024. Quando abbiamo letto questa disposizione credevamo fosse una bufala. Normalmente sono disposizioni del Direttore Generale &hellip;<\/p>","protected":false},"author":4,"featured_media":53374,"comment_status":"closed","ping_status":"closed","sticky":false,"template":"","format":"standard","meta":{"footnotes":""},"categories":[16],"tags":[155],"class_list":["post-53372","post","type-post","status-publish","format-standard","has-post-thumbnail","hentry","category-primo-piano","tag-divieto-accesso-isf"],"amp_enabled":true,"_links":{"self":[{"href":"https:\/\/www.fedaiisf.it\/en\/wp-json\/wp\/v2\/posts\/53372","targetHints":{"allow":["GET"]}}],"collection":[{"href":"https:\/\/www.fedaiisf.it\/en\/wp-json\/wp\/v2\/posts"}],"about":[{"href":"https:\/\/www.fedaiisf.it\/en\/wp-json\/wp\/v2\/types\/post"}],"author":[{"embeddable":true,"href":"https:\/\/www.fedaiisf.it\/en\/wp-json\/wp\/v2\/users\/4"}],"replies":[{"embeddable":true,"href":"https:\/\/www.fedaiisf.it\/en\/wp-json\/wp\/v2\/comments?post=53372"}],"version-history":[{"count":0,"href":"https:\/\/www.fedaiisf.it\/en\/wp-json\/wp\/v2\/posts\/53372\/revisions"}],"wp:featuredmedia":[{"embeddable":true,"href":"https:\/\/www.fedaiisf.it\/en\/wp-json\/wp\/v2\/media\/53374"}],"wp:attachment":[{"href":"https:\/\/www.fedaiisf.it\/en\/wp-json\/wp\/v2\/media?parent=53372"}],"wp:term":[{"taxonomy":"category","embeddable":true,"href":"https:\/\/www.fedaiisf.it\/en\/wp-json\/wp\/v2\/categories?post=53372"},{"taxonomy":"post_tag","embeddable":true,"href":"https:\/\/www.fedaiisf.it\/en\/wp-json\/wp\/v2\/tags?post=53372"}],"curies":[{"name":"wp","href":"https:\/\/api.w.org\/{rel}","templated":true}]}}