{"id":53429,"date":"2020-10-11T11:10:46","date_gmt":"2020-10-11T09:10:46","guid":{"rendered":"https:\/\/www.fedaiisf.it\/?p=53429"},"modified":"2020-10-14T11:03:12","modified_gmt":"2020-10-14T09:03:12","slug":"aggiornate-linee-guida-per-la-riapertura-delle-attivita-economiche-produttive-e-ricreative-per-gli-isf-nessuna-variazione","status":"publish","type":"post","link":"https:\/\/www.fedaiisf.it\/en\/aggiornate-linee-guida-per-la-riapertura-delle-attivita-economiche-produttive-e-ricreative-per-gli-isf-nessuna-variazione\/","title":{"rendered":"Aggiornate Linee guida per la riapertura delle attivit\u00e0 economiche, produttive e ricreative. Per gli ISF nessuna variazione"},"content":{"rendered":"<p><a href=\"https:\/\/www.fedaiisf.it\/wp-content\/uploads\/2020\/10\/Linee-guida-ISF-8-ottobre-2020.jpeg\"><img loading=\"lazy\" decoding=\"async\" class=\"alignnone size-large wp-image-53431\" src=\"https:\/\/www.fedaiisf.it\/wp-content\/uploads\/2020\/10\/Linee-guida-ISF-8-ottobre-2020-1024x554.jpeg\" alt=\"\" width=\"1000\" height=\"541\" srcset=\"https:\/\/www.fedaiisf.it\/wp-content\/uploads\/2020\/10\/Linee-guida-ISF-8-ottobre-2020-1024x554.jpeg 1024w, https:\/\/www.fedaiisf.it\/wp-content\/uploads\/2020\/10\/Linee-guida-ISF-8-ottobre-2020-300x162.jpeg 300w, https:\/\/www.fedaiisf.it\/wp-content\/uploads\/2020\/10\/Linee-guida-ISF-8-ottobre-2020-768x415.jpeg 768w, https:\/\/www.fedaiisf.it\/wp-content\/uploads\/2020\/10\/Linee-guida-ISF-8-ottobre-2020.jpeg 1113w\" sizes=\"auto, (max-width: 1000px) 100vw, 1000px\" \/><\/a><\/p>\n<hr \/>\n<p>&nbsp;<\/p>\n<h2><a href=\"http:\/\/www.regioni.it\/newsletter\/n-3924\/del-08-10-2020\/aggiornate-linee-guida-per-la-riapertura-delle-attivita-economiche-produttive-e-ricreative-21746\/\" target=\"_blank\" rel=\"noopener noreferrer\">Conferenza delle Regioni e delle Province autonome<\/a><\/h2>\n<p>Sono state aggiornate nel corso della Conferenza delle Regioni e delle Province autonome dell\u20198 ottobre 2020 le Linee guida per la riapertura delle Attivit\u00e0 Economiche, Produttive e Ricreative, e in particolare le schede relative a FORMAZIONE PROFESSIONALE e NOLEGGIO VEICOLI E ALTRE ATTREZZATURE.<\/p>\n<p>Si tratta, per quanto riguarda l\u2019Emergenza COVID-19, della Proposta di aggiornamento del documento recante \u201c<a href=\"http:\/\/www.regioni.it\/download\/conferenze\/619846\/\" target=\"_blank\" rel=\"noopener noreferrer\">Linee guida per la riapertura delle attivit\u00e0 economiche, produttive e ricreative<\/a>\u201d approvato dalla Conferenza delle <a href=\"https:\/\/www.fedaiisf.it\/wp-content\/uploads\/2019\/06\/Conferenza-delle-Regioni.jpg\"><img loading=\"lazy\" decoding=\"async\" class=\"wp-image-44262 alignright\" src=\"https:\/\/www.fedaiisf.it\/wp-content\/uploads\/2019\/06\/Conferenza-delle-Regioni-1024x768.jpg\" alt=\"\" width=\"397\" height=\"297\" srcset=\"https:\/\/www.fedaiisf.it\/wp-content\/uploads\/2019\/06\/Conferenza-delle-Regioni-1024x768.jpg 1024w, https:\/\/www.fedaiisf.it\/wp-content\/uploads\/2019\/06\/Conferenza-delle-Regioni-300x225.jpg 300w, https:\/\/www.fedaiisf.it\/wp-content\/uploads\/2019\/06\/Conferenza-delle-Regioni-768x576.jpg 768w, https:\/\/www.fedaiisf.it\/wp-content\/uploads\/2019\/06\/Conferenza-delle-Regioni-1536x1152.jpg 1536w, https:\/\/www.fedaiisf.it\/wp-content\/uploads\/2019\/06\/Conferenza-delle-Regioni-2048x1536.jpg 2048w\" sizes=\"auto, (max-width: 397px) 100vw, 397px\" \/><\/a>Regioni e delle Province autonome il 6 agosto 2020 \u2013 Scheda relativa alla Formazione Professionale.<\/p>\n<p>Le presenti schede tecniche \u2013 si legge nell\u2019introduzione del documento &#8211; contengono indirizzi operativi specifici validi per i singoli settori di attivit\u00e0, finalizzati a fornire uno strumento sintetico e immediato di applicazione delle misure di prevenzione e contenimento di carattere generale, per sostenere un modello di ripresa delle attivit\u00e0 economiche e produttive compatibile con la tutela della salute di utenti e lavoratori.<\/p>\n<p>In particolare, in ogni scheda sono integrate le diverse misure di prevenzione e contenimento riconosciute a livello scientifico per contrastare la diffusione del contagio, tra le quali: norme comportamentali, distanziamento sociale e contact tracing.<\/p>\n<p>Le indicazioni in esse contenute si pongono inoltre in continuit\u00e0 con le indicazioni di livello nazionale, in particolare con il protocollo condiviso tra le parti sociali approvato dal decreto del Presidente del Consiglio dei ministri del 26 aprile 2020, nonch\u00e9 con i criteri guida generali di cui ai documenti tecnici prodotti da INAIL e Istituto Superiore di Sanit\u00e0 con il principale obiettivo di ridurre il rischio di contagio per i singoli e per la collettivit\u00e0 in tutti i settori produttivi ed economici.<\/p>\n<p>In tale contesto, il sistema aziendale della prevenzione consolidatosi nel tempo secondo l\u2019architettura prevista dal decreto legislativo 9 aprile 2008, n. 81 costituisce la cornice naturale per supportare la gestione integrata del rischio connesso all\u2019attuale pandemia. In ogni caso, solo la partecipazione consapevole e attiva di ogni singolo utente e lavoratore, con pieno senso di responsabilit\u00e0, potr\u00e0 risultare determinante, non solo per lo specifico contesto aziendale, ma anche per la collettivit\u00e0.<\/p>\n<p>Infine, \u00e8 opportuno che le indicazioni operative di cui al presente documento, eventualmente integrate con soluzioni di efficacia superiore, siano adattate ad ogni singola organizzazione, individuando le misure pi\u00f9 efficaci in relazione ad ogni singolo contesto locale e le procedure\/istruzioni operative per mettere in atto dette misure. Tali procedure\/istruzioni operative possono coincidere con procedure\/istruzioni operative gi\u00e0 adottate, purch\u00e9 opportunamente integrate, cos\u00ec come possono costituire un addendum connesso al contesto emergenziale del documento di valutazione dei rischi redatto ai sensi del decreto legislativo 9 aprile 2008, n. 81.<\/p>\n<p>Resta inteso che in base all\u2019evoluzione dello scenario epidemiologico le misure indicate potranno essere rimodulate, anche in senso pi\u00f9 restrittivo.<\/p>\n<div>\n<p>Le schede attualmente pubblicate saranno eventualmente integrate con le schede relative a ulteriori settori di attivit\u00e0.<\/p>\n<p><a href=\"http:\/\/www.regioni.it\/download\/conferenze\/619846\/\" target=\"_blank\" rel=\"noopener noreferrer\">DATASHEET<\/a><\/p>\n<\/div>\n<hr \/>\n<h2 class=\"span11\"><a href=\"http:\/\/www.salute.gov.it\/portale\/news\/p3_2_1_1_1.jsp?lingua=italiano&amp;menu=notizie&amp;p=dalministero&amp;id=5105\" target=\"_blank\" rel=\"noopener noreferrer\">CdM proroga stato di emergenza. In GU il decreto legge con misure di contrasto al contagio<\/a><\/h2>\n<p>Il Consiglio dei ministri nella seduta del 7 ottobre ha deliberato la <strong>proroga dello stato di emergenza<\/strong> al 31 gennaio 2021 e approvato, su proposta del Presidente Giuseppe Conte e del Ministro della salute Roberto Speranza,\u00a0il Decreto Legge <a title=\"opens site find me health\" href=\"https:\/\/www.trovanorme.salute.gov.it\/norme\/dettaglioAtto?id=76574\" target=\"_blank\" rel=\"noopener noreferrer\">\u201cMisure urgenti connesse con la proroga della dichiarazione dello stato di emergenza epidemiologica da Covid-19 e per la continuit\u00e0 operativa del sistema di allerta Covid, nonch\u00e9 per l&#8217;attuazione della direttiva (UE) 2020\/739 del 3 giugno 2020&#8243;<\/a>.<\/p>\n<p><a href=\"https:\/\/www.fedaiisf.it\/wp-content\/uploads\/2014\/12\/Consiglio-dei-ministri.jpg\"><img loading=\"lazy\" decoding=\"async\" class=\"wp-image-6718 alignleft\" src=\"https:\/\/www.fedaiisf.it\/wp-content\/uploads\/2014\/12\/Consiglio-dei-ministri.jpg\" alt=\"\" width=\"422\" height=\"192\" srcset=\"https:\/\/www.fedaiisf.it\/wp-content\/uploads\/2014\/12\/Consiglio-dei-ministri.jpg 495w, https:\/\/www.fedaiisf.it\/wp-content\/uploads\/2014\/12\/Consiglio-dei-ministri-300x136.jpg 300w\" sizes=\"auto, (max-width: 422px) 100vw, 422px\" \/><\/a>The <strong>Decreto<\/strong>, pubblicato in Gazzetta Ufficiale nella serata del 7 ottobre, <strong>entra in vigore oggi (8 ottobre 2020).<\/strong><\/p>\n<p>In particolare il Decreto proroga al 15 ottobre le misure contenute nel Decreto del Presidente del Consiglio dei Ministri (Dpcm) del 7 settembre 2020 e proroga al 31 gennaio 2021 le disposizioni gi\u00e0 in vigore che prevedono la possibilit\u00e0 per il governo di adottare misure volte a contenere e contrastare i rischi sanitari derivanti dalla diffusione del virus SARS-CoV-2. Il decreto introduce, anche, l\u2019obbligo di indossare le mascherine all\u2019aperto e nei luoghi al chiuso diversi dalle abitazioni private ed estende il periodo di utilizzo dell\u2019App Immuni.<\/p>\n<p>Di seguito una sintesi dei principali contenuti del Decreto.<\/p>\n<h4>Utilizzo mascherine<\/h4>\n<p>Il Decreto introduce l\u2019obbligo di portare sempre con s\u00e9 i dispositivi di protezione delle vie respiratorie. Le mascherine dovranno essere indossate non solo nei luoghi chiusi accessibili al pubblico, ma pi\u00f9 in generale nei luoghi al chiuso diversi dalle abitazioni private e anche in tutti i luoghi all\u2019aperto. Si fa eccezione a tali obblighi, sia in luogo chiuso che all\u2019aperto, nei casi in cui, per le caratteristiche del luogo o per le circostanze di fatto, sia garantita in modo continuativo la condizione di isolamento rispetto a persone non conviventi. Sono fatti salvi i protocolli e linee-guida anti-contagio previsti per le attivit\u00e0 economiche, produttive, amministrative e sociali. Nei luoghi di lavoro continuano, quindi, ad applicarsi le vigenti regole di sicurezza. Fatte salve anche le linee guida per il consumo di cibi e bevande. Restano esclusi dagli obblighi i bambini di et\u00e0 inferiore ai sei anni, i soggetti con patologie o disabilit\u00e0 incompatibili con l\u2019uso della mascherina e coloro che per interagire con questi ultimi versino nella stessa incompatibilit\u00e0. L\u2019uso della mascherina non sar\u00e0 obbligatorio durante lo svolgimento dell\u2019attivit\u00e0 sportiva.<\/p>\n<h4>Deroghe alle Regioni<\/h4>\n<p>Il Decreto interviene anche sulla facolt\u00e0 delle Regioni di introdurre misure in deroga rispetto a quelle previste a livello nazionale, nelle more dell\u2019adozione dei decreti del Presidente del Consiglio dei ministri. E\u2019 previsto che le Regioni, nei limiti delle proprie competenze regionali e di quanto previsto dal decreto-legge n. 33 del 2020, possano introdurre temporaneamente misure maggiormente restrittive, ovvero, nei soli casi e nel rispetto dei criteri previsti dai Dpcm, anche ampliative. In tal caso \u00e8 prevista una \u201cintesa\u201d con il ministro della Salute.<\/p>\n<h4>Proroga del Dpcm del 7 settembre 2020<\/h4>\n<p>Nelle more dell\u2019adozione di un nuovo Dpcm successivo all\u2019introduzione delle nuove norme, viene prorogata la vigenza del Dpcm del 7 settembre 2020 fino al 15 ottobre 2020.<\/p>\n<h4>Proroga delle disposizioni gi\u00e0 in vigore<\/h4>\n<p><a href=\"https:\/\/www.fedaiisf.it\/wp-content\/uploads\/2020\/04\/Immuni-come-funziona.jpg\"><img loading=\"lazy\" decoding=\"async\" class=\"wp-image-49395 alignright\" src=\"https:\/\/www.fedaiisf.it\/wp-content\/uploads\/2020\/04\/Immuni-come-funziona.jpg\" alt=\"\" width=\"524\" height=\"391\" srcset=\"https:\/\/www.fedaiisf.it\/wp-content\/uploads\/2020\/04\/Immuni-come-funziona.jpg 900w, https:\/\/www.fedaiisf.it\/wp-content\/uploads\/2020\/04\/Immuni-come-funziona-300x224.jpg 300w, https:\/\/www.fedaiisf.it\/wp-content\/uploads\/2020\/04\/Immuni-come-funziona-768x573.jpg 768w\" sizes=\"auto, (max-width: 524px) 100vw, 524px\" \/><\/a>Sono prorogate al 31 gennaio 2021 le disposizioni gi\u00e0 in vigore che prevedono la possibilit\u00e0 per il governo di adottare misure volte a contenere e contrastare i rischi sanitari derivanti dalla diffusione del virus SARS-CoV-2. In relazione all\u2019andamento epidemiologico e secondo principi di adeguatezza e proporzionalit\u00e0 al rischio effettivamente presente, tali misure potranno essere stabilite per specifiche parti o per tutto il territorio nazionale e per periodi predeterminati, ciascuno di durata non superiore a trenta giorni, comunque reiterabili e modificabili.<\/p>\n<h4>App Immuni<\/h4>\n<p>Ai fini del contenimento del contagio, previa valutazione dell\u2019impatto ai sensi delle norme europee sulla privacy, \u00e8 prevista l\u2019interoperabilit\u00e0 dell\u2019applicazione \u201cImmuni\u201d con le piattaforme che operano, con le medesime finalit\u00e0, nel territorio dell\u2019Unione europea e viene esteso il periodo di utilizzo dell\u2019applicazione \u201cImmuni\u201d.<\/p>\n<p><strong>to know more<\/strong><\/p>\n<ul>\n<li><a title=\"opens site find me health\" href=\"https:\/\/www.trovanorme.salute.gov.it\/norme\/dettaglioAtto?id=76574\" target=\"_blank\" rel=\"noopener noreferrer\">Decreto legge 7 ottobre 2020<\/a><\/li>\n<li><a title=\"opens site find me health\" href=\"https:\/\/www.trovanorme.salute.gov.it\/norme\/dettaglioAtto?id=76573\" target=\"_blank\" rel=\"noopener noreferrer\">Delibera proroga stato di emergenza<\/a><\/li>\n<li><a title=\"apre pagina interna\" href=\"http:\/\/www.salute.gov.it\/nuovocoronavirus\" target=\"_blank\" rel=\"noopener noreferrer\">Sito nuovo coronavirus<\/a><\/li>\n<\/ul>\n<hr \/>\n<div class=\"column\"><\/div>\n<div>Documenti<\/div>\n<div>\n<ul>\n<li><a href=\"http:\/\/www.governo.it\/sites\/new.governo.it\/files\/dPCM_13_ottobre_2020.pdf\" target=\"_blank\" rel=\"noopener noreferrer\">Dpcm 13 ottobre 2020 (pdf)<\/a><\/li>\n<li><a href=\"http:\/\/www.governo.it\/sites\/new.governo.it\/files\/Allegati_dpcm_13_ottobre_2020.pdf\" target=\"_blank\" rel=\"noopener noreferrer\">Allegati Dpcm 13 ottobre 2020 (pdf)<\/a><\/li>\n<li><a href=\"http:\/\/www.governo.it\/sites\/new.governo.it\/files\/Dpcm_13_ottobre_2020.docx\" target=\"_blank\" rel=\"noopener noreferrer\">Dpcm 13 ottobre 2020 (word)<\/a><\/li>\n<li><a href=\"http:\/\/www.governo.it\/sites\/new.governo.it\/files\/Allegati_dpcm_13_ottobre_2020.docx\" target=\"_blank\" rel=\"noopener noreferrer\">Allegati Dpcm 13 ottobre 2020 (word)<\/a><\/li>\n<\/ul>\n<\/div>\n<p>&nbsp;<\/p>","protected":false},"excerpt":{"rendered":"<p>&nbsp; Conferenza delle Regioni e delle Province autonome Sono state aggiornate nel corso della Conferenza delle Regioni e delle Province autonome dell\u20198 ottobre 2020 le Linee guida per la riapertura delle Attivit\u00e0 Economiche, Produttive e Ricreative, e in particolare le schede relative a FORMAZIONE PROFESSIONALE e NOLEGGIO VEICOLI E ALTRE ATTREZZATURE. Si tratta, per quanto &hellip;<\/p>","protected":false},"author":4,"featured_media":53434,"comment_status":"closed","ping_status":"closed","sticky":false,"template":"","format":"standard","meta":{"footnotes":""},"categories":[1],"tags":[],"class_list":["post-53429","post","type-post","status-publish","format-standard","has-post-thumbnail","hentry","category-notizie"],"amp_enabled":true,"_links":{"self":[{"href":"https:\/\/www.fedaiisf.it\/en\/wp-json\/wp\/v2\/posts\/53429","targetHints":{"allow":["GET"]}}],"collection":[{"href":"https:\/\/www.fedaiisf.it\/en\/wp-json\/wp\/v2\/posts"}],"about":[{"href":"https:\/\/www.fedaiisf.it\/en\/wp-json\/wp\/v2\/types\/post"}],"author":[{"embeddable":true,"href":"https:\/\/www.fedaiisf.it\/en\/wp-json\/wp\/v2\/users\/4"}],"replies":[{"embeddable":true,"href":"https:\/\/www.fedaiisf.it\/en\/wp-json\/wp\/v2\/comments?post=53429"}],"version-history":[{"count":0,"href":"https:\/\/www.fedaiisf.it\/en\/wp-json\/wp\/v2\/posts\/53429\/revisions"}],"wp:featuredmedia":[{"embeddable":true,"href":"https:\/\/www.fedaiisf.it\/en\/wp-json\/wp\/v2\/media\/53434"}],"wp:attachment":[{"href":"https:\/\/www.fedaiisf.it\/en\/wp-json\/wp\/v2\/media?parent=53429"}],"wp:term":[{"taxonomy":"category","embeddable":true,"href":"https:\/\/www.fedaiisf.it\/en\/wp-json\/wp\/v2\/categories?post=53429"},{"taxonomy":"post_tag","embeddable":true,"href":"https:\/\/www.fedaiisf.it\/en\/wp-json\/wp\/v2\/tags?post=53429"}],"curies":[{"name":"wp","href":"https:\/\/api.w.org\/{rel}","templated":true}]}}