{"id":53438,"date":"2020-10-10T12:53:30","date_gmt":"2020-10-10T10:53:30","guid":{"rendered":"https:\/\/www.fedaiisf.it\/?p=53438"},"modified":"2020-10-11T12:54:24","modified_gmt":"2020-10-11T10:54:24","slug":"elezioni-enasarco-vince-la-lista-unitaria-fare-presto-verra-affrontato-il-problema-dei-silenti-pec-obbligatoria-per-gli-agenti","status":"publish","type":"post","link":"https:\/\/www.fedaiisf.it\/en\/elezioni-enasarco-vince-la-lista-unitaria-fare-presto-verra-affrontato-il-problema-dei-silenti-pec-obbligatoria-per-gli-agenti\/","title":{"rendered":"Enasarco elections. The unitary list \u201cFare presto\u201d wins. The silent problem will be addressed. Mandatory PEC for agents"},"content":{"rendered":"<p><strong>\u201cFare Presto!\u201d,<\/strong> la lista unitaria sostenuta da<em><strong> Anasf, Federagenti, Fiarc e Confesercenti<\/strong><\/em> vince con una ampia\u00a0maggioranza\u00a0le elezioni di <em><strong>Enasarco<\/strong><\/em>.\u00a0 Con 25 delegati su 60, la lista \u00e8 risultata la prima in entrambe le consultazioni, sia lato agenti che lato casa mandante. &#8220;Fare Presto!&#8221; ha infatti ottenuto 14.019 voti come rappresentante agenti\/consulenti (pari al 44,81% del totale dei voti espressi) e 5.919 voti ponderati in rappresentanza delle case mandanti (pari al 33,74%) dove \u00e8 stata netta e chiara l&#8217;affermazione di Confesercenti.<\/p>\n<p>L\u2019elezione far\u00e0 da prologo alla nomina dei Consiglieri di Amministrazione, che guideranno l\u2019Ente per i prossimi quattro anni.<\/p>\n<p>&#8220;Affronteremo il tema dei silenti per far s\u00ec che nessun contributo versato vada perso e per evitare che certi colleghi debbano lavorare fino a 80 anni; il fronte pensionistico per noi \u00e8 centrale e lavoreremo sulla contemporaneit\u00e0 effettiva delle pensioni Enasarco-Inps, sulle pensioni anticipate e sull\u2019introduzione della quota 100: andare in <a href=\"https:\/\/www.fedaiisf.it\/wp-content\/uploads\/2020\/10\/Enasarco-eliminazione-20-anni-contributi-minimi.jpeg\"><img loading=\"lazy\" decoding=\"async\" class=\"wp-image-53441 alignright\" src=\"https:\/\/www.fedaiisf.it\/wp-content\/uploads\/2020\/10\/Enasarco-eliminazione-20-anni-contributi-minimi.jpeg\" alt=\"\" width=\"364\" height=\"438\" srcset=\"https:\/\/www.fedaiisf.it\/wp-content\/uploads\/2020\/10\/Enasarco-eliminazione-20-anni-contributi-minimi.jpeg 694w, https:\/\/www.fedaiisf.it\/wp-content\/uploads\/2020\/10\/Enasarco-eliminazione-20-anni-contributi-minimi-249x300.jpeg 249w\" sizes=\"auto, (max-width: 364px) 100vw, 364px\" \/><\/a>pensione non deve pi\u00f9 essere un miraggio per i nostri colleghi&#8221;. A dirlo \u00e8 Alfonsino Mei (Anasf), promotore della lista \u201cFare Presto!<\/p>\n<h2>I Contributi Silenti<\/h2>\n<p>Gli Agenti e Rappresentanti di Commercio sono soggetti alla contribuzione obbligatoria <a href=\"https:\/\/it.wikipedia.org\/wiki\/Ente_nazionale_di_assistenza_per_gli_agenti_e_i_rappresentanti_di_commercio\" target=\"_blank\" rel=\"noopener noreferrer\">ENASARCO<\/a>.\u00a0 Questa fondazione garantisce i servizi previdenziali alla categoria e conta quasi un milione di iscritti. Circa 650mila di questi rientrano tra i silenti. I Silenti sono ex Agenti di Commercio che non hanno versato i contributi per la soglia temporale minima di venti anni prevista dallo statuto di Enasarco. Fra essi ci sono molti ISF che, pur non essendo obbligati, &#8220;volontariamente&#8221; sono stati indotti a iscriversi alla fondazione.<\/p>\n<p>Questi lavoratori hanno cos\u00ec perso il diritto alla corresponsione della prestazione pensionistica. Nonostante anni di contributi versati e non pi\u00f9 riscattabili. Circa la met\u00e0 dei Rappresentanti ha versato fino a vent\u2019anni di contributi all\u2019ENASARCO senza poter contare su alcun trattamento pensionistico.<\/p>\n<p>Lo scorso Aprile, migliaia di contribuenti riuniti in Associazione, hanno depositato presso la Procura di Roma una denuncia contro ENASARCO. I ricorrenti hanno evidenziato una discriminazione di trattamento rispetto ad altri lavoratori.\u00a0Prima dei 20 anni di contribuzione infatti \u00e8 impossibile sia chiedere qualsiasi prestazione previdenziale sia far confluire i contributi versati nell\u2019INPS.<\/p>\n<p>La lista unitaria &#8220;Fare presto&#8221; si prefigge di portare il contributo minimo a 5 anni al posto degli attuali 20. Inoltre <strong>f<\/strong><b>inir\u00e0<\/b> finalmente <b>l&#8217;ingiustizia di essere Pensionato INPS<\/b> And <b>Of<\/b> dover <b>continuare a pagare<\/b> Contributions <b>Enasarco<\/b>. Sar\u00e0 sufficiente essere <b>Pensionato INPS<\/b> per poter <b>smettere di lavorare<\/b>\u00a0e percepire immediatamente <b>simultaneamente anche<\/b> there <b>Pensione\u00a0<\/b>Anticipata <b>Enasarco<\/b> e\/o la <b>Rendita Contributiva<\/b>.<\/p>\n<hr \/>\n<header class=\"entry-header content-single\">\n<h2 class=\"entry-title\"><a href=\"http:\/\/www.federagenti.org\/notizie\/obbligo-di-pec-per-gli-agenti-dal-1-ottobre-4966\" target=\"_blank\" rel=\"noopener noreferrer\">Obbligo di Pec per gli agenti dal 1\u00b0 Ottobre<\/a><\/h2>\n<div class=\"subtitle_head\">Previste sanzioni per gli inadempienti <a href=\"http:\/\/www.federagenti.org\/wp-content\/plugins\/as-pdf\/generate.php?post=4966\" target=\"_blank\" rel=\"noopener noreferrer\">pdf<\/a><\/div>\n<\/header>\n<div class=\"entry-content\">\n<div class=\"addtoany_share_save_container addtoany_content addtoany_content_top\"><\/div>\n<p>L\u2019art. 37 del D.L.76\/2020 Decreto Semplificazioni convertito in via definitiva dalla Camera prevede l\u2019obbligo anche per Agenti e Rappresentanti di commercio, sia individuali che in forma societaria, di comunicare per via telematica al Registro delle imprese la propria PEC (posta elettronica certificata) entro il 1\u00b0 ottobre 2020. Tale obbligo non vale per \u00a0l\u2019agente che abbia gi\u00e0 una \u00a0PEC valida, attiva \u00a0e comunicata al Registro delle imprese. Coloro che non adempiono alla comunicazione al registro delle imprese, oltre al pagamento della sanzione amministrativa (da 30 a 1.548 euro per le imprese in forma individuale; da 206 a 2.064 euro per le imprese in forma societaria) si vedranno assegnare d\u2019ufficio dalla Camera di commercio una pec (in grado per\u00f2 di ricevere solamente la posta certificata) che sar\u00e0 resa disponibile all\u2019interno del \u00a0proprio Cassetto digitale.<\/p>\n<\/div>\n<p>&nbsp;<\/p>","protected":false},"excerpt":{"rendered":"<p>\u201cFare Presto!\u201d, la lista unitaria sostenuta da Anasf, Federagenti, Fiarc e Confesercenti vince con una ampia\u00a0maggioranza\u00a0le elezioni di Enasarco.\u00a0 Con 25 delegati su 60, la lista \u00e8 risultata la prima in entrambe le consultazioni, sia lato agenti che lato casa mandante. &#8220;Fare Presto!&#8221; ha infatti ottenuto 14.019 voti come rappresentante agenti\/consulenti (pari al 44,81% del &hellip;<\/p>","protected":false},"author":4,"featured_media":49046,"comment_status":"closed","ping_status":"closed","sticky":false,"template":"","format":"standard","meta":{"footnotes":""},"categories":[1],"tags":[],"class_list":["post-53438","post","type-post","status-publish","format-standard","has-post-thumbnail","hentry","category-notizie"],"amp_enabled":true,"_links":{"self":[{"href":"https:\/\/www.fedaiisf.it\/en\/wp-json\/wp\/v2\/posts\/53438","targetHints":{"allow":["GET"]}}],"collection":[{"href":"https:\/\/www.fedaiisf.it\/en\/wp-json\/wp\/v2\/posts"}],"about":[{"href":"https:\/\/www.fedaiisf.it\/en\/wp-json\/wp\/v2\/types\/post"}],"author":[{"embeddable":true,"href":"https:\/\/www.fedaiisf.it\/en\/wp-json\/wp\/v2\/users\/4"}],"replies":[{"embeddable":true,"href":"https:\/\/www.fedaiisf.it\/en\/wp-json\/wp\/v2\/comments?post=53438"}],"version-history":[{"count":0,"href":"https:\/\/www.fedaiisf.it\/en\/wp-json\/wp\/v2\/posts\/53438\/revisions"}],"wp:featuredmedia":[{"embeddable":true,"href":"https:\/\/www.fedaiisf.it\/en\/wp-json\/wp\/v2\/media\/49046"}],"wp:attachment":[{"href":"https:\/\/www.fedaiisf.it\/en\/wp-json\/wp\/v2\/media?parent=53438"}],"wp:term":[{"taxonomy":"category","embeddable":true,"href":"https:\/\/www.fedaiisf.it\/en\/wp-json\/wp\/v2\/categories?post=53438"},{"taxonomy":"post_tag","embeddable":true,"href":"https:\/\/www.fedaiisf.it\/en\/wp-json\/wp\/v2\/tags?post=53438"}],"curies":[{"name":"wp","href":"https:\/\/api.w.org\/{rel}","templated":true}]}}