{"id":53447,"date":"2020-10-12T10:45:11","date_gmt":"2020-10-12T08:45:11","guid":{"rendered":"https:\/\/www.fedaiisf.it\/?p=53447"},"modified":"2020-10-12T10:46:30","modified_gmt":"2020-10-12T08:46:30","slug":"torna-lo-smart-working","status":"publish","type":"post","link":"https:\/\/www.fedaiisf.it\/en\/torna-lo-smart-working\/","title":{"rendered":"Is smart working coming back?"},"content":{"rendered":"<p class=\"asummary d-none d-lg-block\">Governo non esclude di approvare luned\u00ec 12 o marted\u00ec 13 il Dpcm con le nuove misure restriittive\u00a0e conterr\u00e0 una serie di provvedimenti considerati necessari affinch\u00e9 la situazione non precipiti con pesanti ripercussioni per il sistema sanitario, gi\u00e0 messo a dura prova dalla prima ondata del Covid-19.<\/p>\n<p>Al vaglio dell\u2019esecutivo, in queste ore, c\u2019\u00e8 lo stop al calcetto e a tutti gli sport di contatto a livello amatoriale, ma anche una stretta sulla \u201cmovida\u201d con chiusura di bar e ristoranti a mezzanotte &#8211; anche se circola l\u2019ipotesi di un ulteriore anticipo alle 23 &#8211; e il divieto di sostare davanti ai locali dopo le 21. E ancora, ulteriori restrizioni per le cerimonie (come matrimoni e comunioni per un massimo 30 invitati) e un stop assoluto alle feste private. Come pure<span style=\"color: #000000;\"> la conferma per le aziende a incentivare il ricorso allo smart working<\/span>.<\/p>\n<p>Il governo quindi punta a incentivare lo smart working <span style=\"color: #000000;\">portandolo al 70-75%<\/span>: il \u201clavoro agile\u201d potrebbe essere applicato per tutta la durata dello stato di emergenza (quindi fino al 31 gennaio) dai datori di lavoro <span style=\"color: #000000;\">a ogni rapporto di lavoro subordinato anche in assenza degli accordi individuali nel rispetto degli articoli 18 e 23 della legge 81 del 2017 che disciplina il lavoro flessibile.<\/span><\/p>\n<p>(taken from <a href=\"https:\/\/www.ilsole24ore.com\/art\/covid-arriva-nuova-stretta-movida-smart-working-ADRhC1u\" target=\"_blank\" rel=\"noopener noreferrer\">The sun 24 hours<\/a>)<\/p>\n<p>&nbsp;<\/p>","protected":false},"excerpt":{"rendered":"<p>Governo non esclude di approvare luned\u00ec 12 o marted\u00ec 13 il Dpcm con le nuove misure restriittive\u00a0e conterr\u00e0 una serie di provvedimenti considerati necessari affinch\u00e9 la situazione non precipiti con pesanti ripercussioni per il sistema sanitario, gi\u00e0 messo a dura prova dalla prima ondata del Covid-19. Al vaglio dell\u2019esecutivo, in queste ore, c\u2019\u00e8 lo stop &hellip;<\/p>","protected":false},"author":4,"featured_media":49941,"comment_status":"closed","ping_status":"closed","sticky":false,"template":"","format":"standard","meta":{"footnotes":""},"categories":[1],"tags":[],"class_list":["post-53447","post","type-post","status-publish","format-standard","has-post-thumbnail","hentry","category-notizie"],"amp_enabled":true,"_links":{"self":[{"href":"https:\/\/www.fedaiisf.it\/en\/wp-json\/wp\/v2\/posts\/53447","targetHints":{"allow":["GET"]}}],"collection":[{"href":"https:\/\/www.fedaiisf.it\/en\/wp-json\/wp\/v2\/posts"}],"about":[{"href":"https:\/\/www.fedaiisf.it\/en\/wp-json\/wp\/v2\/types\/post"}],"author":[{"embeddable":true,"href":"https:\/\/www.fedaiisf.it\/en\/wp-json\/wp\/v2\/users\/4"}],"replies":[{"embeddable":true,"href":"https:\/\/www.fedaiisf.it\/en\/wp-json\/wp\/v2\/comments?post=53447"}],"version-history":[{"count":0,"href":"https:\/\/www.fedaiisf.it\/en\/wp-json\/wp\/v2\/posts\/53447\/revisions"}],"wp:featuredmedia":[{"embeddable":true,"href":"https:\/\/www.fedaiisf.it\/en\/wp-json\/wp\/v2\/media\/49941"}],"wp:attachment":[{"href":"https:\/\/www.fedaiisf.it\/en\/wp-json\/wp\/v2\/media?parent=53447"}],"wp:term":[{"taxonomy":"category","embeddable":true,"href":"https:\/\/www.fedaiisf.it\/en\/wp-json\/wp\/v2\/categories?post=53447"},{"taxonomy":"post_tag","embeddable":true,"href":"https:\/\/www.fedaiisf.it\/en\/wp-json\/wp\/v2\/tags?post=53447"}],"curies":[{"name":"wp","href":"https:\/\/api.w.org\/{rel}","templated":true}]}}