{"id":53911,"date":"2020-10-25T11:41:58","date_gmt":"2020-10-25T10:41:58","guid":{"rendered":"https:\/\/www.fedaiisf.it\/?p=53911"},"modified":"2020-10-25T11:43:27","modified_gmt":"2020-10-25T10:43:27","slug":"calabria-perche-la-regione-parla-solo-con-un-sindacato-di-una-parte-dei-farmacisti-e-non-con-lordine-che-li-rappresenta-tutti-e-i-farmacisti-isf","status":"publish","type":"post","link":"https:\/\/www.fedaiisf.it\/en\/calabria-perche-la-regione-parla-solo-con-un-sindacato-di-una-parte-dei-farmacisti-e-non-con-lordine-che-li-rappresenta-tutti-e-i-farmacisti-isf\/","title":{"rendered":"Calabria. Perch\u00e9 la regione parla solo con un sindacato di una parte dei farmacisti e non con l&#8217;ordine che li rappresenta tutti? E i farmacisti ISF?"},"content":{"rendered":"<h1 class=\"post-title\">Corapi (ordine farmacisti): \u201cSe la Regione parla con Federfarma si rivolge ad una parte importante ma esigua della categoria\u201d<\/h1>\n<p class=\"occhiello\"><span style=\"font-size: 18px;\">Il presidente dell&#8217;ordine dei farmacisti bacchetta e ristabilisce compiti e priorit\u00e0<\/span><\/p>\n<p><a href=\"https:\/\/www.catanzaroinforma.it\/cronaca\/2020\/10\/24\/corapi-ordine-farmacisti-se-la-regione-parla-con-federfarma-si-rivolge-ad-una-parte-importante-ma-esigua-della-categoria\/171253\/\" target=\"_blank\" rel=\"noopener noreferrer\">Redazione Catanzaro informa &#8211; 24 ottobre 2020<\/a><\/p>\n<p><a href=\"https:\/\/www.fedaiisf.it\/wp-content\/uploads\/2020\/10\/Bevere-Ass-Calabria.png\"><img loading=\"lazy\" decoding=\"async\" class=\"wp-image-53916 alignright\" src=\"https:\/\/www.fedaiisf.it\/wp-content\/uploads\/2020\/10\/Bevere-Ass-Calabria.png\" alt=\"\" width=\"272\" height=\"267\" srcset=\"https:\/\/www.fedaiisf.it\/wp-content\/uploads\/2020\/10\/Bevere-Ass-Calabria.png 550w, https:\/\/www.fedaiisf.it\/wp-content\/uploads\/2020\/10\/Bevere-Ass-Calabria-300x295.png 300w, https:\/\/www.fedaiisf.it\/wp-content\/uploads\/2020\/10\/Bevere-Ass-Calabria-36x36.png 36w\" sizes=\"auto, (max-width: 272px) 100vw, 272px\" \/><\/a>Apprendo con sommo piacere dagli organi di stampa del felice connubio tra i \u2018vertici\u2019 di<strong> Federfarma Calabria<\/strong> and the <strong>D.G. dell\u2019Assessorato alla Salute,\u00a0<\/strong>Bevere.<\/p>\n<p>Una buona notizia tutto sommato, se non fosse che il sottoscritto e\u00a0 <strong>Daniela Musolino<\/strong> (delegata calabrese della FOFI, la Federazione nazionale degli Ordini Farmacisti Italiani), volenti o nolenti, rappresentiamo non solo le 781 farmacie del territorio ma oltre 4500 farmacisti calabresi i quali, vivaddio, non lavorano solo in farmacia.<\/p>\n<p><strong>Il problema vaccinazione ed i tamponi rientrano tra le tante problematiche che la professione del farmacista sta affrontando in questo drammatico periodo sia a carattere nazionale che ancor di pi\u00f9 nella nostra regione.<\/strong><\/p>\n<h3 class=\"article_heading\">PERCHE\u2019 LA REGIONE DISCUTE CON UN SINDACATO E NON CON L\u2019ORDINE DEI FARMACISTI?<\/h3>\n<p>Pertanto, pur accogliendo, ripeto dai media, la bont\u00e0 dei risultati ottenuti dagli incontri che i \u201cvertici\u201d del sindacato dei titolari della Calabria hanno avuto con il D.G. Bevere, rimane sempre forte la perplessit\u00e0 nel comprendere<a href=\"https:\/\/www.fedaiisf.it\/wp-content\/uploads\/2020\/10\/Farmacia-Corapi.jpg\"><img loading=\"lazy\" decoding=\"async\" class=\"wp-image-53918 alignleft\" src=\"https:\/\/www.fedaiisf.it\/wp-content\/uploads\/2020\/10\/Farmacia-Corapi.jpg\" alt=\"\" width=\"377\" height=\"283\" srcset=\"https:\/\/www.fedaiisf.it\/wp-content\/uploads\/2020\/10\/Farmacia-Corapi.jpg 960w, https:\/\/www.fedaiisf.it\/wp-content\/uploads\/2020\/10\/Farmacia-Corapi-300x225.jpg 300w, https:\/\/www.fedaiisf.it\/wp-content\/uploads\/2020\/10\/Farmacia-Corapi-768x576.jpg 768w\" sizes=\"auto, (max-width: 377px) 100vw, 377px\" \/><\/a>perch\u00e9 <strong>mai le problematiche pur condivise siano necessariamente di pertinenza della Farmacia come esercizio e non di tutti i Farmacisti come professionisti del farmaco.<\/strong><\/p>\n<h3 class=\"article_heading\">SOLO GLI ORDINI HANNO UNA VISIONE COMPLESSIVA DELLE SITUAZIONI<\/h3>\n<p>Gli Ordini infatti\u00a0 sono costituiti da tutte le anime della categoria farmaceutica: dai Titolari di Farmacia ma anche dai loro Collaboratori che per numero sono ben quattro volte pi\u00f9 numerosi, dai Titolari di Parafarmacia, dagli Aziendali Ospedalieri, dagli <span style=\"color: #000000;\">Informatori del farmaco<\/span>, dai Ricercatori e Professori universitari e dai tantissimi Disoccupati che si affacciano nel mondo del lavoro per la prima volta o ci sono ricaduti per colpa degli ultimi problemi nel settore.<\/p>\n<p><strong>Dei concorsi per sedi farmaceutiche ancora fermi al terzo interpello, dagli organici delle aziende ospedaliere in affanno di personale, <span style=\"color: #000000;\">del settore dell\u2019informazione medica scientifica alle prese con le restrezioni Covid<\/span> e delle molteplici attivit\u00e0 che potrebbero aumentare le opportunit\u00e0 lavorative nel settore: di questo e di tanto altro avremmo voluto parlare con il DG ma ci\u00f2 ad\u00a0<a class=\"matchTooltip\">oggi<\/a>\u00a0non pare possibile.<\/strong><\/p>\n<h3 class=\"article_heading\" dir=\"auto\">CHI PARLA CON UN AMMINISTRATORE PUBLICO LO HA FATTO A NOME DI UNA PARTE IMPORTANTE MA ESIGUA DELLA CATEGORIA<\/h3>\n<p dir=\"auto\">Se non a pochi \u2018eletti\u2019 i quali per\u00f2 possono parlare con un amministratore pubblico a nome di una parte importante pur esigua di colleghi ma non hanno alcun titolo a rappresentare la totalit\u00e0 dei Farmacisti calabresi\u201d.<\/p>\n<p dir=\"auto\"><strong><a href=\"https:\/\/www.fedaiisf.it\/wp-content\/uploads\/2020\/10\/Vitaliano-Corapi-Fofi-Calabria-Catanzaro.jpg\"><img loading=\"lazy\" decoding=\"async\" class=\"wp-image-53919 alignleft\" src=\"https:\/\/www.fedaiisf.it\/wp-content\/uploads\/2020\/10\/Vitaliano-Corapi-Fofi-Calabria-Catanzaro.jpg\" alt=\"\" width=\"154\" height=\"86\" srcset=\"https:\/\/www.fedaiisf.it\/wp-content\/uploads\/2020\/10\/Vitaliano-Corapi-Fofi-Calabria-Catanzaro.jpg 660w, https:\/\/www.fedaiisf.it\/wp-content\/uploads\/2020\/10\/Vitaliano-Corapi-Fofi-Calabria-Catanzaro-300x167.jpg 300w, https:\/\/www.fedaiisf.it\/wp-content\/uploads\/2020\/10\/Vitaliano-Corapi-Fofi-Calabria-Catanzaro-390x220.jpg 390w, https:\/\/www.fedaiisf.it\/wp-content\/uploads\/2020\/10\/Vitaliano-Corapi-Fofi-Calabria-Catanzaro-546x300.jpg 546w\" sizes=\"auto, (max-width: 154px) 100vw, 154px\" \/><\/a>Vitaliano Corapi Presidente ordine dei farmacisti<\/strong><\/p>\n<p>&nbsp;<\/p>","protected":false},"excerpt":{"rendered":"<p>Corapi (ordine farmacisti): \u201cSe la Regione parla con Federfarma si rivolge ad una parte importante ma esigua della categoria\u201d Il presidente dell&#8217;ordine dei farmacisti bacchetta e ristabilisce compiti e priorit\u00e0 Redazione Catanzaro informa &#8211; 24 ottobre 2020 Apprendo con sommo piacere dagli organi di stampa del felice connubio tra i \u2018vertici\u2019 di Federfarma Calabria e &hellip;<\/p>","protected":false},"author":4,"featured_media":53917,"comment_status":"closed","ping_status":"closed","sticky":false,"template":"","format":"standard","meta":{"footnotes":""},"categories":[1],"tags":[],"class_list":["post-53911","post","type-post","status-publish","format-standard","has-post-thumbnail","hentry","category-notizie"],"amp_enabled":true,"_links":{"self":[{"href":"https:\/\/www.fedaiisf.it\/en\/wp-json\/wp\/v2\/posts\/53911","targetHints":{"allow":["GET"]}}],"collection":[{"href":"https:\/\/www.fedaiisf.it\/en\/wp-json\/wp\/v2\/posts"}],"about":[{"href":"https:\/\/www.fedaiisf.it\/en\/wp-json\/wp\/v2\/types\/post"}],"author":[{"embeddable":true,"href":"https:\/\/www.fedaiisf.it\/en\/wp-json\/wp\/v2\/users\/4"}],"replies":[{"embeddable":true,"href":"https:\/\/www.fedaiisf.it\/en\/wp-json\/wp\/v2\/comments?post=53911"}],"version-history":[{"count":0,"href":"https:\/\/www.fedaiisf.it\/en\/wp-json\/wp\/v2\/posts\/53911\/revisions"}],"wp:featuredmedia":[{"embeddable":true,"href":"https:\/\/www.fedaiisf.it\/en\/wp-json\/wp\/v2\/media\/53917"}],"wp:attachment":[{"href":"https:\/\/www.fedaiisf.it\/en\/wp-json\/wp\/v2\/media?parent=53911"}],"wp:term":[{"taxonomy":"category","embeddable":true,"href":"https:\/\/www.fedaiisf.it\/en\/wp-json\/wp\/v2\/categories?post=53911"},{"taxonomy":"post_tag","embeddable":true,"href":"https:\/\/www.fedaiisf.it\/en\/wp-json\/wp\/v2\/tags?post=53911"}],"curies":[{"name":"wp","href":"https:\/\/api.w.org\/{rel}","templated":true}]}}