{"id":54144,"date":"2020-11-03T13:22:39","date_gmt":"2020-11-03T12:22:39","guid":{"rendered":"https:\/\/www.fedaiisf.it\/?p=54144"},"modified":"2020-11-15T10:56:32","modified_gmt":"2020-11-15T09:56:32","slug":"cagliari-il-brotzu-sospende-le-attivita-ambulatoriali-non-urgenti-ancora-sospesa-attivita-isf","status":"publish","type":"post","link":"https:\/\/www.fedaiisf.it\/en\/cagliari-il-brotzu-sospende-le-attivita-ambulatoriali-non-urgenti-ancora-sospesa-attivita-isf\/","title":{"rendered":"Cagliari, Brotzu suspends non-urgent outpatient activities. ISF activities still suspended"},"content":{"rendered":"<p><span style=\"font-size: 18px;\">L&#8217;emergenza Covid provoca il blocco nell&#8217;Azienda che comprende anche San Michele, Microcitemico e Businco<\/span><\/p>\n<p><a href=\"https:\/\/www.lanuovasardegna.it\/cagliari\/cronaca\/2020\/11\/03\/news\/cagliari-il-brotzu-sospende-le-attivita-ambulatoriali-non-urgenti-1.39494583\" target=\"_blank\" rel=\"noopener noreferrer\">La Nuova Sardegna &#8211; 3 novembre 2020<\/a><\/p>\n<p>Tutte le attivit\u00e0 ambulatoriali non urgenti del blocco ospedaliero cagliaritano dell&#8217;Azienda Brotzu, composto dagli ospedali San Michele, Businco e Microcitemico, sono sospese da oggi 3 novembre al 15 novembre a causa della situazione di emergenza legata alla crescita del numero di contagi da Covid-19. \u00abIl volume delle attivit\u00e0 dovr\u00e0 essere necessariamente contingentato per evitare assembramenti\u00bb, \u00e8 scritto nella disposizione urgente firmata dal commissario straordinario dell&#8217;Azienda Brotzu Paolo Cannas.<\/p>\n<p>Il giro di vite riguarda anche l&#8217;attivit\u00e0 sanitaria erogata in regime di libera professione. Diagnostica ed esami sono garantiti solo se urgenti, mentre le attivit\u00e0 chirurgiche in elezione saranno garantite se non rinviabili e comunque previa autorizzazione della direzione medica. Restano sospese le visite ai pazienti, mentre tirocini e attivit\u00e0 degli specializzandi sono autorizzati solo se utili a garantire attivit\u00e0 assistenziali e comunque dopo tampone negativo. I tirocini, peraltro, potranno essere svolti in modalit\u00e0 smart working. <strong><span style=\"color: #000000;\">Ancora: sono sospese le visite degli informatori scientifici<\/span><\/strong>, le attivit\u00e0 dei bar, e il servizio mensa per i dipendenti (ANSA).<\/p>\n<p>&nbsp;<\/p>","protected":false},"excerpt":{"rendered":"<p>L&#8217;emergenza Covid provoca il blocco nell&#8217;Azienda che comprende anche San Michele, Microcitemico e Businco La Nuova Sardegna &#8211; 3 novembre 2020 Tutte le attivit\u00e0 ambulatoriali non urgenti del blocco ospedaliero cagliaritano dell&#8217;Azienda Brotzu, composto dagli ospedali San Michele, Businco e Microcitemico, sono sospese da oggi 3 novembre al 15 novembre a causa della situazione di &hellip;<\/p>","protected":false},"author":4,"featured_media":54147,"comment_status":"closed","ping_status":"closed","sticky":false,"template":"","format":"standard","meta":{"footnotes":""},"categories":[16],"tags":[155],"class_list":["post-54144","post","type-post","status-publish","format-standard","has-post-thumbnail","hentry","category-primo-piano","tag-divieto-accesso-isf"],"amp_enabled":true,"_links":{"self":[{"href":"https:\/\/www.fedaiisf.it\/en\/wp-json\/wp\/v2\/posts\/54144","targetHints":{"allow":["GET"]}}],"collection":[{"href":"https:\/\/www.fedaiisf.it\/en\/wp-json\/wp\/v2\/posts"}],"about":[{"href":"https:\/\/www.fedaiisf.it\/en\/wp-json\/wp\/v2\/types\/post"}],"author":[{"embeddable":true,"href":"https:\/\/www.fedaiisf.it\/en\/wp-json\/wp\/v2\/users\/4"}],"replies":[{"embeddable":true,"href":"https:\/\/www.fedaiisf.it\/en\/wp-json\/wp\/v2\/comments?post=54144"}],"version-history":[{"count":0,"href":"https:\/\/www.fedaiisf.it\/en\/wp-json\/wp\/v2\/posts\/54144\/revisions"}],"wp:featuredmedia":[{"embeddable":true,"href":"https:\/\/www.fedaiisf.it\/en\/wp-json\/wp\/v2\/media\/54147"}],"wp:attachment":[{"href":"https:\/\/www.fedaiisf.it\/en\/wp-json\/wp\/v2\/media?parent=54144"}],"wp:term":[{"taxonomy":"category","embeddable":true,"href":"https:\/\/www.fedaiisf.it\/en\/wp-json\/wp\/v2\/categories?post=54144"},{"taxonomy":"post_tag","embeddable":true,"href":"https:\/\/www.fedaiisf.it\/en\/wp-json\/wp\/v2\/tags?post=54144"}],"curies":[{"name":"wp","href":"https:\/\/api.w.org\/{rel}","templated":true}]}}