{"id":54498,"date":"2020-11-13T13:14:12","date_gmt":"2020-11-13T12:14:12","guid":{"rendered":"https:\/\/www.fedaiisf.it\/?p=54498"},"modified":"2020-11-13T13:14:12","modified_gmt":"2020-11-13T12:14:12","slug":"aiom-comu-e-cipomo-per-loncologia-medica-soprassedere-alle-visite-in-presenza-degli-isf","status":"publish","type":"post","link":"https:\/\/www.fedaiisf.it\/en\/aiom-comu-e-cipomo-per-loncologia-medica-soprassedere-alle-visite-in-presenza-degli-isf\/","title":{"rendered":"AIOM, COMU and CIPOMO for medical oncology: &quot;defer visits in the presence of ISFs&quot;"},"content":{"rendered":"<div class=\"page\" title=\"Page 1\">\n<div class=\"layoutArea\">\n<div class=\"column\">\n<p><a href=\"https:\/\/www.fedaiisf.it\/wp-content\/uploads\/2020\/11\/Cipomo-raccomandazioni-per-ISF.jpeg\"><img loading=\"lazy\" decoding=\"async\" class=\"size-large wp-image-54499 aligncenter\" src=\"https:\/\/www.fedaiisf.it\/wp-content\/uploads\/2020\/11\/Cipomo-raccomandazioni-per-ISF-1024x141.jpeg\" alt=\"\" width=\"1000\" height=\"138\" srcset=\"https:\/\/www.fedaiisf.it\/wp-content\/uploads\/2020\/11\/Cipomo-raccomandazioni-per-ISF-1024x141.jpeg 1024w, https:\/\/www.fedaiisf.it\/wp-content\/uploads\/2020\/11\/Cipomo-raccomandazioni-per-ISF-300x41.jpeg 300w, https:\/\/www.fedaiisf.it\/wp-content\/uploads\/2020\/11\/Cipomo-raccomandazioni-per-ISF-768x106.jpeg 768w, https:\/\/www.fedaiisf.it\/wp-content\/uploads\/2020\/11\/Cipomo-raccomandazioni-per-ISF.jpeg 1066w\" sizes=\"auto, (max-width: 1000px) 100vw, 1000px\" \/><\/a><span style=\"color: #000000; font-size: 18px;\">Considerata l\u2019elevata contagiosit\u00e0 del coronavirus COVID-19 e la letalit\u00e0 che \u00e8 particolarmente rilevante nei pazienti fragili, in primis oncologici,<\/span><\/p>\n<p><span style=\"color: #000000; font-size: 18px;\">Considerata la fragilit\u00e0 dei pazienti oncologici, spesso immunocompromessi, affetti da pluripatologie, anziani e sottoposti a terapie salvavita che ulteriormente pos sono determinare immunodepressione.<\/span><\/p>\n<p><span style=\"color: #000000; font-size: 18px;\">Nel pieno rispetto delle indicazioni ministeriali, data l\u2019evolutivit\u00e0 della situazione contingente e il costante aumento dei casi sospetti e positivi a COVID-19, che peraltro comporta difficolt\u00e0 ancora maggiori per la gestione dei pazienti oncologici che sono tra i pazienti pi\u00f9 fragili e necessitano di proseguire le terapie oncologiche salvavita nel rispetto di rigorose procedure di sicurezza (tra cui triage telefonico prima dell\u2019accesso in ospedale, triage prima dell\u2019entrata nelle aree di Day Hospital e di degenza delle Strutture di Oncologia, ecc.).<\/span><\/p>\n<\/div>\n<\/div>\n<\/div>\n<div class=\"page\" title=\"Page 1\">\n<div class=\"layoutArea\">\n<div class=\"column\">\n<p><span style=\"color: #000000; font-size: 18px;\">Anche a seguito di approfondimento intercorso con i collegi universitari e ospedalieri di oncologia operanti nel territorio nazionale, al fine del massimo contenimento della possibile trasmissione dei casi infetti tra i pazienti, i visitatori e il personale sanitario, si ravvisa una maggiore necessit\u00e0 di tutelare i pazienti e gli operatori delle strutture di oncologia<\/span><\/p>\n<\/div>\n<\/div>\n<\/div>\n<p>&nbsp;<\/p>\n<p><a href=\"https:\/\/www.fedaiisf.it\/wp-content\/uploads\/2020\/11\/Indicazione-per-ISF-oncologi.jpeg\"><img loading=\"lazy\" decoding=\"async\" class=\"wp-image-54501 aligncenter\" src=\"https:\/\/www.fedaiisf.it\/wp-content\/uploads\/2020\/11\/Indicazione-per-ISF-oncologi-1024x356.jpeg\" alt=\"\" width=\"975\" height=\"339\" srcset=\"https:\/\/www.fedaiisf.it\/wp-content\/uploads\/2020\/11\/Indicazione-per-ISF-oncologi-1024x356.jpeg 1024w, https:\/\/www.fedaiisf.it\/wp-content\/uploads\/2020\/11\/Indicazione-per-ISF-oncologi-300x104.jpeg 300w, https:\/\/www.fedaiisf.it\/wp-content\/uploads\/2020\/11\/Indicazione-per-ISF-oncologi-768x267.jpeg 768w, https:\/\/www.fedaiisf.it\/wp-content\/uploads\/2020\/11\/Indicazione-per-ISF-oncologi.jpeg 1047w\" sizes=\"auto, (max-width: 975px) 100vw, 975px\" \/><\/a><\/p>\n<p>Il documento integrale \u00e8 consultabile cliccando\u00a0<a href=\"https:\/\/www.fedaiisf.it\/wp-content\/uploads\/2020\/11\/20201112_COVID-19_Racc_AIOM-CIPOMO-COMU.pdf\" target=\"_blank\" rel=\"noopener noreferrer\">COVID-19 Raccomandazioni AIOM-CIPOMO-COMU<\/a><\/p>","protected":false},"excerpt":{"rendered":"<p>Considerata l\u2019elevata contagiosit\u00e0 del coronavirus COVID-19 e la letalit\u00e0 che \u00e8 particolarmente rilevante nei pazienti fragili, in primis oncologici, Considerata la fragilit\u00e0 dei pazienti oncologici, spesso immunocompromessi, affetti da pluripatologie, anziani e sottoposti a terapie salvavita che ulteriormente pos sono determinare immunodepressione. Nel pieno rispetto delle indicazioni ministeriali, data l\u2019evolutivit\u00e0 della situazione contingente e il &hellip;<\/p>","protected":false},"author":4,"featured_media":54507,"comment_status":"closed","ping_status":"closed","sticky":false,"template":"","format":"standard","meta":{"footnotes":""},"categories":[1],"tags":[155],"class_list":["post-54498","post","type-post","status-publish","format-standard","has-post-thumbnail","hentry","category-notizie","tag-divieto-accesso-isf"],"amp_enabled":true,"_links":{"self":[{"href":"https:\/\/www.fedaiisf.it\/en\/wp-json\/wp\/v2\/posts\/54498","targetHints":{"allow":["GET"]}}],"collection":[{"href":"https:\/\/www.fedaiisf.it\/en\/wp-json\/wp\/v2\/posts"}],"about":[{"href":"https:\/\/www.fedaiisf.it\/en\/wp-json\/wp\/v2\/types\/post"}],"author":[{"embeddable":true,"href":"https:\/\/www.fedaiisf.it\/en\/wp-json\/wp\/v2\/users\/4"}],"replies":[{"embeddable":true,"href":"https:\/\/www.fedaiisf.it\/en\/wp-json\/wp\/v2\/comments?post=54498"}],"version-history":[{"count":0,"href":"https:\/\/www.fedaiisf.it\/en\/wp-json\/wp\/v2\/posts\/54498\/revisions"}],"wp:featuredmedia":[{"embeddable":true,"href":"https:\/\/www.fedaiisf.it\/en\/wp-json\/wp\/v2\/media\/54507"}],"wp:attachment":[{"href":"https:\/\/www.fedaiisf.it\/en\/wp-json\/wp\/v2\/media?parent=54498"}],"wp:term":[{"taxonomy":"category","embeddable":true,"href":"https:\/\/www.fedaiisf.it\/en\/wp-json\/wp\/v2\/categories?post=54498"},{"taxonomy":"post_tag","embeddable":true,"href":"https:\/\/www.fedaiisf.it\/en\/wp-json\/wp\/v2\/tags?post=54498"}],"curies":[{"name":"wp","href":"https:\/\/api.w.org\/{rel}","templated":true}]}}