{"id":54582,"date":"2020-11-16T17:09:34","date_gmt":"2020-11-16T16:09:34","guid":{"rendered":"https:\/\/www.fedaiisf.it\/?p=54582"},"modified":"2020-11-16T20:47:42","modified_gmt":"2020-11-16T19:47:42","slug":"lettera-di-un-medico-ad-una-isf-in-questo-momento-rappresentiamo-anche-se-con-fatica-una-diga-che-impedisce-che-un-onda-devastante-si-abbatta-sugli-ospedali","status":"publish","type":"post","link":"https:\/\/www.fedaiisf.it\/en\/lettera-di-un-medico-ad-una-isf-in-questo-momento-rappresentiamo-anche-se-con-fatica-una-diga-che-impedisce-che-un-onda-devastante-si-abbatta-sugli-ospedali\/","title":{"rendered":"Letter from a doctor to an ISF. &quot;Right now we represent, albeit with difficulty, a dam that prevents a devastating wave from hitting hospitals&quot;"},"content":{"rendered":"<p><em><strong><span style=\"color: #000000;\">Ed<\/span><\/strong>: Una ISF ci ha inviato la lettera che sotto riportiamo. Le \u00e8 stata spedita da una dottoressa della sua zona con la preghiera di darne diffusione. Per questo la riportiamo e anche perch\u00e9 offre diversi spunti di riflessione. Per correttezza di informazione riportiamo anche i link della Gabanelli<\/em><\/p>\n<hr \/>\n<p><span style=\"color: #000000;\">Abbiamo appreso dalla rubrica \u201cData-Room\u201d di\u00a0 La7, condotta dalla signora Gabbanelli ,come secondo lei sarebbe strutturato\u00a0 e retribuito il nostro lavoro in generale, e durante questa pandemia in particolare.<\/span><\/p>\n<p><span style=\"color: #000000;\"><a href=\"https:\/\/www.fedaiisf.it\/wp-content\/uploads\/2020\/11\/Gabanelli-Data-Room-medici.jpeg\"><img loading=\"lazy\" decoding=\"async\" class=\"wp-image-54585 alignright\" src=\"https:\/\/www.fedaiisf.it\/wp-content\/uploads\/2020\/11\/Gabanelli-Data-Room-medici.jpeg\" alt=\"\" width=\"397\" height=\"277\" srcset=\"https:\/\/www.fedaiisf.it\/wp-content\/uploads\/2020\/11\/Gabanelli-Data-Room-medici.jpeg 693w, https:\/\/www.fedaiisf.it\/wp-content\/uploads\/2020\/11\/Gabanelli-Data-Room-medici-300x209.jpeg 300w\" sizes=\"auto, (max-width: 397px) 100vw, 397px\" \/><\/a>Sembra\u00a0 che, dietro un compenso ragguardevole, il nostro orario consisterebbe in sole tre ore lavorative al giorno, che durante queste tre ore noi\u00a0 non risponderemmo al telefono, e che ci verrebbe corrisposto un compenso per contatto telefonico.<\/span><\/p>\n<p><span style=\"color: #000000;\">Riguardo al nostro \u201ccompenso ragguardevole\u201d, precisiamo che\u00a0 met\u00e0 del lordo va in tasse; una somma non trascurabile \u00e8 data dall\u2019affitto (elevato nelle citt\u00e0), spese condominiali, spese per le pulizie dei locali, per il telefono (quello al quale\u00a0 non risponderemmo\u00a0 mai e che ci costa parecchio ), smaltimento dei rifiuti speciali, canone programma computer, assistenza computer, luce, materiale per medicazioni, eventuale personale di studio e per finire ci sarebbero le spese per i nostri sostituti, in quanto non abbiamo diritto a ferie e indennizzo di malattia (ci sono diarie per malattie lunghe).<\/span><\/p>\n<p><span style=\"color: #000000;\">Veniamo al punto due: \u201ci medici di base lavorano 3 ore al giorno\u201d; si tratta di doveri minimi previsti dall\u2019accordo collettivo che per\u00f2 non corrispondono alla durata reale di un ambulatorio medico. In epoca pre-covid il tempo che un medico con 1500 pazienti trascorreva in media nel proprio ambulatorio era di circa 5\/6 ore al giorno ,al quale si aggiungevano ore per le visite domiciliari\u00a0 programmate e non. Durante questa pandemia si saranno anche ridotte le visite a domicilio, ma per contro sono notevolmente aumentate le ore trascorse in ambulatorio; si arriva ad una permanenza in studio fino a 10\/11 ore giornaliere.<\/span><\/p>\n<p><span style=\"color: #000000;\">Sembra difficile crederci stando a quello che si dice di noi, ma ci stiamo occupando dei nostri pazienti. Fin dove possibile lo facciamo telefonicamente e quando non lo \u00e8, programmiamo l\u2019accesso in sicurezza in ambulatorio, oppure andiamo a visitarli a casa (le USCA si occupano solo di pazienti covid). Elenchiamo in sintesi:<\/span><\/p>\n<p><span style=\"color: #000000;\">-stiamo trattando a casa e con successo molte polmoniti da covid per evitare che i pazienti senza grave insufficienza respiratoria vadano ad intasare gli ospedali, ci\u00f2 comporta un contatto telefonico quotidiano con questi malati nonch\u00e9 l\u2019assunzione di responsabilit\u00e0; se le cose dovessero andare male potremmo essere incolpati per\u00a0 non avere inviato il paziente in ospedale.<\/span><\/p>\n<p><span style=\"color: #000000;\">&#8211; siamo passati all&#8217;invio telematico delle ricette che\u00a0 consente di non fare assembrare i pazienti in studio per il ritiro delle impegnative. Questo richiede un enorme impegno di tempo, ma siamo sicuri che su scala nazionale abbia evitato tantissimi contagi.<\/span><\/p>\n<p><span style=\"color: #000000;\">-continuiamo a seguire tutte le patologie non covid (perch\u00e9\u00a0 esistono anche quelle).<\/span><\/p>\n<p><span style=\"color: #000000;\">&#8211; chiediamo i tamponi diagnostici con un sistema laborioso e lento che non sempre funziona.<\/span><\/p>\n<p><span style=\"color: #000000;\">&#8211; emettiamo valanghe di certificati INPS tra patologie e quarantene.<\/span><\/p>\n<p><span style=\"color: #000000;\"> <a href=\"https:\/\/www.fedaiisf.it\/wp-content\/uploads\/2020\/11\/medico-al-telefono_23-2148285754.jpg\"><img loading=\"lazy\" decoding=\"async\" class=\"wp-image-54587 alignleft\" src=\"https:\/\/www.fedaiisf.it\/wp-content\/uploads\/2020\/11\/medico-al-telefono_23-2148285754.jpg\" alt=\"\" width=\"434\" height=\"289\" srcset=\"https:\/\/www.fedaiisf.it\/wp-content\/uploads\/2020\/11\/medico-al-telefono_23-2148285754.jpg 626w, https:\/\/www.fedaiisf.it\/wp-content\/uploads\/2020\/11\/medico-al-telefono_23-2148285754-300x200.jpg 300w, https:\/\/www.fedaiisf.it\/wp-content\/uploads\/2020\/11\/medico-al-telefono_23-2148285754-274x183.jpg 274w, https:\/\/www.fedaiisf.it\/wp-content\/uploads\/2020\/11\/medico-al-telefono_23-2148285754-80x54.jpg 80w, https:\/\/www.fedaiisf.it\/wp-content\/uploads\/2020\/11\/medico-al-telefono_23-2148285754-130x87.jpg 130w, https:\/\/www.fedaiisf.it\/wp-content\/uploads\/2020\/11\/medico-al-telefono_23-2148285754-359x240.jpg 359w, https:\/\/www.fedaiisf.it\/wp-content\/uploads\/2020\/11\/medico-al-telefono_23-2148285754-85x57.jpg 85w, https:\/\/www.fedaiisf.it\/wp-content\/uploads\/2020\/11\/medico-al-telefono_23-2148285754-546x365.jpg 546w, https:\/\/www.fedaiisf.it\/wp-content\/uploads\/2020\/11\/medico-al-telefono_23-2148285754-165x109.jpg 165w, https:\/\/www.fedaiisf.it\/wp-content\/uploads\/2020\/11\/medico-al-telefono_23-2148285754-112x75.jpg 112w, https:\/\/www.fedaiisf.it\/wp-content\/uploads\/2020\/11\/medico-al-telefono_23-2148285754-179x120.jpg 179w, https:\/\/www.fedaiisf.it\/wp-content\/uploads\/2020\/11\/medico-al-telefono_23-2148285754-170x113.jpg 170w, https:\/\/www.fedaiisf.it\/wp-content\/uploads\/2020\/11\/medico-al-telefono_23-2148285754-81x55.jpg 81w, https:\/\/www.fedaiisf.it\/wp-content\/uploads\/2020\/11\/medico-al-telefono_23-2148285754-765x510.jpg 765w\" sizes=\"auto, (max-width: 434px) 100vw, 434px\" \/><\/a>Arriviamo adesso al punto dolente, il fatto che sembra infastidire tutti e cio\u00e8 la difficolt\u00e0 di contattare il proprio medico. In realt\u00e0 riceviamo tantissime telefonate per le quali naturalmente non ci viene corrisposto alcun compenso. I pazienti per\u00f2\u00a0 lamentano troppe difficolt\u00e0 nel prendere la linea. Hanno ragione, in questo periodo la richiesta di salute \u00e8 molto aumentata a causa della presenza ingombrante dell\u2019infezione covid e per il bisogno di vedere fugate le proprie ansie e paure di questi tempi. <\/span><\/p>\n<p><span style=\"color: #000000;\">Ma quello che realmente intasa le linee sono le decine e decine di telefonate quotidiane per avere notizie sull\u2019arrivo dei vaccini; purtroppo a tutt\u2019oggi non siamo in grado di dare appuntamenti per le vaccinazioni perch\u00e9 non sappiamo quando i vaccini ci verranno forniti. Se a queste\u00a0 si aggiungono le decine e decine di chiamate per avere da noi informazioni in merito ai mancati tracciamenti e alla non programmazione dei controlli dei pazienti covid (che competerebbe all\u2019ATS), appare chiaro che in queste condizioni \u00e8 davvero difficile trovare le linee telefoniche libere.<\/span><\/p>\n<p><span style=\"color: #000000;\">Stiamo facendo il possibile per curare e assistere i nostri pazienti ed \u00e8 proprio nello svolgimento di questo lavoro che molti medici hanno perso la vita o si sono ammalati gravemente.<\/span><\/p>\n<p><span style=\"color: #000000;\">Riguardo al giuramento di Ippocrate , pretendere che fra i compiti di un professionista ci sia quello di andare disarmato nelle case delle persone rischiando il contagio per effettuare visite non strettamente indispensabili (ribadiamo che quelle necessarie vengono eseguite) vuol dire che al medico cosiddetto \u201cdi famiglia\u201d non viene neanche pi\u00f9 attribuita dignit\u00e0 di persona, bens\u00ec di un semplice mezzo.<\/span><\/p>\n<p><span style=\"color: #000000;\">Autorevoli giornalisti esternano nelle molte trasmissioni televisive di informazione come sia incomprensibile il rifiuto dei medici di medicina generale di eseguire i tamponi naso-faringei nei loro studi. Viceversa \u00e8 a noi che appare incomprensibile come questi\u00a0 conoscitori della sanit\u00e0 possano desiderare di frequentare studi medici dove entrano ed escono pazienti covid o presunti tali.<\/span><\/p>\n<p><span style=\"color: #000000;\">Siamo in piena seconda ondata di pandemia; a noi non serve essere attaccati in continuazione, ma ci servirebbero un sostegno reale, mezzi di protezione validi, una rete di contatti con specialisti e un facile accesso ai mezzi di diagnosi per immagini.<\/span><\/p>\n<p><span style=\"color: #000000;\">Dr.ssa Grazia Giardina<\/span><\/p>\n<p>&nbsp;<\/p>\n<p><span style=\"color: #000000;\">Related news<\/span>: <a href=\"https:\/\/fb.watch\/1OovvmtMtl\/\" target=\"_blank\" rel=\"noopener noreferrer\">Il primo video di Milena Gabanelli<\/a><\/p>\n<p><a href=\"https:\/\/fb.watch\/1OlYOqCrIu\/\" target=\"_blank\" rel=\"noopener noreferrer\">Il video di precisazione di Milena Gabanelli<\/a><\/p>\n<p><strong><a href=\"https:\/\/www.rainews.it\/dl\/rainews\/articoli\/Tar-del-Lazio-stop-a-medici-di-famiglia-per-cure-a-casa-273aacdb-c969-4ed7-b65c-e3be3d79a350.html\" target=\"_blank\" rel=\"noopener noreferrer\">Tar del Lazio: stop a medici di famiglia per cure a casa<\/a><\/strong><\/p>\n<h3><a href=\"https:\/\/www.snami.org\/wp-content\/uploads\/clicca-qui-per-leggere-27-OTTOBRE-2020-COMUNICATO-STAMPA.pdf\" target=\"_blank\" rel=\"noopener noreferrer\">INCONTRO SISAC SUI TAMPONI: SNAMI NON FIRMA<\/a><\/h3>\n<h3><a href=\"https:\/\/www.snami.org\/wp-content\/uploads\/clicca-qui-per-leggere-2-Novembre-2020-COMUNICATO-STAMPA-NAZIONALE-SNAMI.pdf\" target=\"_blank\" rel=\"noopener noreferrer\">TAMPONI COATTI IMPOSTI AI MEDICI DI FAMIGLIA.SNAMI A FIMMG:RITIRATE QUELLA SCIAGURATA FIRMA<\/a><\/h3>\n<p><a href=\"http:\/\/sindacatomedicitaliani.it\/index.php\/2020\/11\/04\/comunicato-stampa-la-folle-richiesta\/\" target=\"_blank\" rel=\"noopener noreferrer\">SMI.\u00a0<strong>\u201cLa folle richiesta di effettuare tamponi per sospetto Covid-19 negli ambulatori dei medici di famiglia\u201d<\/strong><\/a><\/p>\n<p>&nbsp;<\/p>","protected":false},"excerpt":{"rendered":"<p>N.d.R.: Una ISF ci ha inviato la lettera che sotto riportiamo. Le \u00e8 stata spedita da una dottoressa della sua zona con la preghiera di darne diffusione. Per questo la riportiamo e anche perch\u00e9 offre diversi spunti di riflessione. Per correttezza di informazione riportiamo anche i link della Gabanelli Abbiamo appreso dalla rubrica \u201cData-Room\u201d di\u00a0 &hellip;<\/p>","protected":false},"author":4,"featured_media":54589,"comment_status":"closed","ping_status":"closed","sticky":false,"template":"","format":"standard","meta":{"footnotes":""},"categories":[1],"tags":[79],"class_list":["post-54582","post","type-post","status-publish","format-standard","has-post-thumbnail","hentry","category-notizie","tag-ssn"],"amp_enabled":true,"_links":{"self":[{"href":"https:\/\/www.fedaiisf.it\/en\/wp-json\/wp\/v2\/posts\/54582","targetHints":{"allow":["GET"]}}],"collection":[{"href":"https:\/\/www.fedaiisf.it\/en\/wp-json\/wp\/v2\/posts"}],"about":[{"href":"https:\/\/www.fedaiisf.it\/en\/wp-json\/wp\/v2\/types\/post"}],"author":[{"embeddable":true,"href":"https:\/\/www.fedaiisf.it\/en\/wp-json\/wp\/v2\/users\/4"}],"replies":[{"embeddable":true,"href":"https:\/\/www.fedaiisf.it\/en\/wp-json\/wp\/v2\/comments?post=54582"}],"version-history":[{"count":0,"href":"https:\/\/www.fedaiisf.it\/en\/wp-json\/wp\/v2\/posts\/54582\/revisions"}],"wp:featuredmedia":[{"embeddable":true,"href":"https:\/\/www.fedaiisf.it\/en\/wp-json\/wp\/v2\/media\/54589"}],"wp:attachment":[{"href":"https:\/\/www.fedaiisf.it\/en\/wp-json\/wp\/v2\/media?parent=54582"}],"wp:term":[{"taxonomy":"category","embeddable":true,"href":"https:\/\/www.fedaiisf.it\/en\/wp-json\/wp\/v2\/categories?post=54582"},{"taxonomy":"post_tag","embeddable":true,"href":"https:\/\/www.fedaiisf.it\/en\/wp-json\/wp\/v2\/tags?post=54582"}],"curies":[{"name":"wp","href":"https:\/\/api.w.org\/{rel}","templated":true}]}}