{"id":54933,"date":"2020-12-03T10:27:39","date_gmt":"2020-12-03T09:27:39","guid":{"rendered":"https:\/\/www.fedaiisf.it\/?p=54933"},"modified":"2020-12-04T10:02:15","modified_gmt":"2020-12-04T09:02:15","slug":"nomos-la-giornata-parlamentare-del-3-dicembre-2020","status":"publish","type":"post","link":"https:\/\/www.fedaiisf.it\/en\/nomos-la-giornata-parlamentare-del-3-dicembre-2020\/","title":{"rendered":"NOMOS. Parliamentary Day on 3 December 2020"},"content":{"rendered":"<header class=\"article-header clearfix\">\n<h1 class=\"article-title\"><a title=\"La Giornata Parlamentare del 3 dicembre 2020\" href=\"https:\/\/www.nomoscsp.com\/settimana-in-parlamento\/la-giornata-parlamentare-del-3-dicembre-2020.html\" target=\"_blank\" rel=\"noopener noreferrer\">La Giornata Parlamentare del 3 dicembre 2020<\/a><\/h1>\n<\/header>\n<aside class=\"article-aside clearfix\">\n<dl class=\"article-info muted\">\n<dd class=\"published hasTooltip\" title=\"\" data-original-title=\"Pubblicato: \"><a href=\"https:\/\/www.nomoscsp.com\/settimana-in-parlamento\/la-giornata-parlamentare-del-3-dicembre-2020.html\" target=\"_blank\" rel=\"noopener noreferrer\"><time datetime=\"2020-12-03T08:16:58+01:00\">Fonte NOMOS &#8211; 03 DICEMBRE 2020 <\/time><\/a><\/dd>\n<\/dl>\n<\/aside>\n<section class=\"article-content clearfix\">\n<h3><b><a href=\"https:\/\/www.fedaiisf.it\/wp-content\/uploads\/2020\/12\/conte-mascherina-bianca-italia.jpg\"><img loading=\"lazy\" decoding=\"async\" class=\"wp-image-54935 alignright\" src=\"https:\/\/www.fedaiisf.it\/wp-content\/uploads\/2020\/12\/conte-mascherina-bianca-italia.jpg\" alt=\"\" width=\"559\" height=\"315\" srcset=\"https:\/\/www.fedaiisf.it\/wp-content\/uploads\/2020\/12\/conte-mascherina-bianca-italia.jpg 900w, https:\/\/www.fedaiisf.it\/wp-content\/uploads\/2020\/12\/conte-mascherina-bianca-italia-300x169.jpg 300w, https:\/\/www.fedaiisf.it\/wp-content\/uploads\/2020\/12\/conte-mascherina-bianca-italia-768x433.jpg 768w, https:\/\/www.fedaiisf.it\/wp-content\/uploads\/2020\/12\/conte-mascherina-bianca-italia-390x220.jpg 390w\" sizes=\"auto, (max-width: 559px) 100vw, 559px\" \/><\/a>Stop agli spostamenti tra regioni dal 21 dicembre all\u2019Epifania<\/b><\/h3>\n<p>The new <b>decreto legge Covid<\/b> conferma la <b>stretta del Governo sulle festivit\u00e0<\/b>, per fare scudo a una possibile terza ondata; in Cdm, dopo un\u2019animata discussione, si decide anche di confermare con il prossimo <b>dpcm<\/b> lo stop alle lezioni in presenza alle superiori fino al 7 gennaio, quando dovrebbero tornare in classe tutti gli studenti. Ma \u00e8 sugli spostamenti che si annuncia gi\u00e0 rovente il confronto delle prossime ore con le Regioni: <b>Pd-M5s-Leu<\/b>mantengono la linea dura. La curva si abbassa e venerd\u00ec il ministro della Salute <b>Robert Hope<\/b>, sulla base del monitoraggio settimanale, firmer\u00e0 le nuove ordinanze che da domenica potrebbero rendere pi\u00f9 gialla l&#8217;Italia, facendo passare alcune Regioni da zona rossa ad arancione e altre da arancione a gialla. Ma la cautela resta massima. Il Governo sceglie, dopo un lungo e teso confronto, di riportare tutti gli <b>alunni delle superiori in classe solo il 7 gennaio<\/b>: in Cdm <b>Lucia Azzolina<\/b> e il M5S confermano la preferenza per il ritorno in classe a dicembre, ma su questo punto dovrebbe essere accolta la richiesta delle Regioni di aspettare il nuovo anno, organizzando intanto il sistema dei trasporti. La decisione finale sar\u00e0 presa nelle prossime ore. In nottata, dopo un lavoro di revisione proseguito anche dopo il Cdm, il Governo dovrebbe inviare ai governatori il <b>nuovo dpcm<\/b> that the premier <b>Joseph Conte<\/b> firmer\u00e0 in serata e sar\u00e0 in vigore dal 4 dicembre. \u00c8 confermato il sistema in tre fasce con <b>coprifuoco<\/b> in tutta Italia alle 22.00 e ristoranti chiusi in zona gialla alle 18.00. Poi nei venti giorni tra Natale e l&#8217;Epifania nessun ammorbidimento: anzi, i blocchi cresceranno, le misure si faranno ovunque pi\u00f9 rigide. Il nuovo decreto, di due soli articoli, serve a dare copertura proprio alla stretta natalizia e permette a Conte di firmare un dpcm che duri fino a 50 giorni (ora il limite \u00e8 30) e quindi di fissarne la scadenza anche oltre l&#8217;Epifania (tra le ipotesi c\u2019\u00e8 quella del 15 gennaio).<\/p>\n<p>Ma soprattutto, consente<span style=\"color: #000000;\"> <b>misure pi\u00f9 rigide nelle festivit\u00e0<\/b> a prescindere dal colore delle Regioni e stabilisce che dal 21 dicembre non ci si potr\u00e0 spostare tra Regioni e province autonome se non per lavoro, salute e situazioni di necessit\u00e0, oltre che per tornare nella propria residenza, domicilio o abitazione.<\/span> \u00c8 proprio sull&#8217;interpretazione di queste eccezioni, in particolare le situazioni di necessit\u00e0, che si dibatter\u00e0 ancora nelle prossime ore con le Regioni, e anche su misure di dettaglio come quella di far chiudere i ristoranti degli alberghi la notte del 31 dicembre o sulle deroghe alla quarantena per chi rientri dall&#8217;estero, su cui si \u00e8 dibattuto a lungo in Cdm. Gli animi si infiammano in particolare durante la discussione quando le ministre di Iv <b>Teresa Bellanova\u00a0<\/b>and <b>Elena Bonetti<\/b> chiedono di eliminare dal testo il divieto di uscire dal proprio Comune il 25 e 26 dicembre e l&#8217;1 gennaio. Rispondono di no, senza appello, i capi delegazione di Pd <b>Dario Franceschini<\/b>, M5S <b>Alfonso Bonafede<\/b> e Leu <b>Robert Hope<\/b> e intervengono <b>Francesco Boccia<\/b> and <b>Enzo Amendola<\/b>: il confronto si infiamma, \u00e8 durissimo. Il premier <b>Joseph Conte<\/b> prende atto che la maggioranza del suo Cdm \u00e8 a favore della norma, ma probabilmente non \u00e8 finita qui perch\u00e9 nelle prossime ore spetter\u00e0 alle <b>Regions<\/b> esprimere un giudizio sulle misure del Governo: in serata prima <b>Michele Emiliano<\/b>, in un&#8217;intervista tv, poi <b>John Toti<\/b> sui social criticano la scelta di chiudere i Comuni.<\/p>\n<h3><b>Fronda nel M5S fa tremare il governo sul Mes, c\u2019\u00e8 una settimana per mediare<\/b><\/h3>\n<p>La lettera dei <b>dissidenti M5S contro il Mes<\/b> \u00e8 una doccia fredda per il premier <b>Joseph Conte<\/b> e anche per gli alleati di governo. Premier e partiti di maggioranza erano convinti che il s\u00ec alla riforma dettato da <b>Vito Crimi<\/b> fosse sufficiente a superare senza incidenti il voto del 9 dicembre, ma il nuovo strappo rimette tutto in discussione e a questo punto l&#8217;apprensione c&#8217;\u00e8, eccome, soprattutto al <b>Senate<\/b>, dove la maggioranza \u00e8 risicata. Il punto fermo, per il Governo, \u00e8 che il 9 si vota, non ci pu\u00f2 essere alcun rinvio del pronunciamento sulla <b>reform of the Mes<\/b>, l&#8217;Ue non lo accetterebbe e Pd e Iv non acconsentirebbero mai a rimandare ulteriormente. Il lavoro, adesso, \u00e8 soprattutto a livello di <i>moral suasion<\/i>: si cerca di limitare i danni, evitando almeno il voto contrario dei ribelli. \u201cServono confronto e pazienza, manca ancora una settimana\u201d, sottolineano fonti del M5S. Per i pentastellati, i pilastri sono due: \u201cNo all&#8217;uso del Mes e massimo sostegno al presidente Conte\u201d, in mezzo c&#8217;\u00e8 lo spazio (tanto o poco si vedr\u00e0) per lavorare. Se i firmatari della lettera si limitassero a non partecipare al voto sarebbe gi\u00e0 molto, perch\u00e9 stavolta non \u00e8 richiesta la maggioranza assoluta come sullo <b>budget variance<\/b> e qualche voto a favore dal centrodestra, nonostante la presa di posizione di <b>Silvio Berlusconi<\/b>, \u00e8 praticamente certo.<\/p>\n<p>Venerd\u00ec sera c&#8217;\u00e8 l&#8217;assemblea congiunta di deputati e senatori M5S proprio sul Consiglio europeo. Nel Movimento si stanno discutendo anche gli assetti dopo gli <b>States General<\/b> e Palazzo Chigi preferisce lasciar fare questo percorso: \u201cPoi luned\u00ec vediamo a che punto siamo\u201d, commentano fonti di Governo, convinti che la lettera dei dissidenti possa essere anche un posizionamento interno nell&#8217;ottica dello scontro su <b>direttorio-segreteria<\/b>. Ma il passaggio \u00e8 delicato e serve cautela, perch\u00e9 la vicenda pu\u00f2 facilmente sfuggire di mano. Per questo anche <b>Pd<\/b> And <b>iv<\/b>, al momento, preferiscono stare alla finestra e vedere cosa succede. In casa <b>Pd<\/b> fanno notare: \u201cUn conto \u00e8 se i dissidenti votano contro, altra cosa \u00e8 se non votano. Noi siamo pronti lavorare per una mediazione, se c&#8217;\u00e8 la volont\u00e0 si trova una risoluzione che metta tutti d&#8217;accordo\u201d, a patto, per\u00f2, che non si mettano in discussione due punti: \u201cPrimo, non firmeremo mai un testo che dice non prenderemo mai il Mes. Un conto \u00e8 lasciare da parte la questione, altra cosa \u00e8 mettere nero su bianco che diciamo no\u201d, secondo, nessuno pensi di chiedere altro tempo, di proporre un ulteriore rinvio della riforma.<\/p>\n<h3><b>La riforma del Mes scuote anche i deputati Fi. Brunetta difende la riforma<\/b><\/h3>\n<p>There <b>reform of the Mes<\/b>, bocciata da <b>Silvio Berlusconi<\/b> e da tutto il centrodestra, scuote l&#8217;assemblea del gruppo azzurro alla Camera. La stragrande maggioranza dei deputati si allinea alla scelta del Presidente: solo <b>Renato Brunetta<\/b>, responsabile economico del partito, e <b>Renata Polverini<\/b> si schierano a favore, provocando qualche piccola frizione. Il mantra della riunione \u00e8 che non c\u2019\u00e8 stata nessuna svolta e che bisogna <b>distinguere il<\/b> <b>Sanitary mes<\/b> <b>dalla riforma<\/b> che sar\u00e0 votata tra una settimana: per la capogruppo <b>Mariastella Gelmini<\/b> \u201cSul Mes non abbiamo cambiato linea. Ieri \u00e8 stata una giornata oggettivamente difficile perch\u00e9 abbiamo avuto un problema di comunicazione che poteva essere evitato\u201d. Sul punto insiste anche <b>Antonio Tajani<\/b>, vicepresidente del partito: \u201cNon \u00e8 che perch\u00e9 votiamo s\u00ec allo scostamento siamo filocomunisti e se votiamo no alla riforma del Mes diventiamo pericolosi sovranisti: noi dobbiamo avere il coraggio di portare avanti la linea di <b>Come on Italy<\/b>\u201d.<\/p>\n<p>Also <b>Sestino Giacomoni<\/b> esorta il partito a voltare pagina: \u201cPensiamo alle cose importanti ottenute, lasciamo la riforma del Mes alla maggioranza, \u00e8 un punto superato. La linea di Forza Italia \u00e8 chiara e l&#8217;ha data il Presidente Berlusconi\u201d. Diversa la posizione di <b>Renato Brunetta<\/b>, apertamente favorevole alla riforma, la cui bocciatura in Parlamento, a suo giudizio, \u201ccreerebbe un grave <b>isolamento politico italiano in Europa<\/b>, che metterebbe a rischio anche l&#8217;approvazione del <b>Recovery Fund<\/b> da parte delle istituzioni europee. Un lusso che il nostro Paese non pu\u00f2 affatto permettersi\u201d. A seguire l&#8217;intervento di <b>Renata Polverini<\/b>, secondo cui la linea tracciata sulla riforma del Mes avrebbe creato un \u201cproblema politico enorme\u201d; a quel punto <b>Antonio Tajani<\/b> avrebbe interrotto l&#8217;ex governatrice del Lazio ricordandole che il Presidente Berlusconi \u00e8 sempre stato contrario a questa riforma e che \u201ctutti lo hanno sempre saputo\u201d, quindi \u201cnessun cambiamento della linea politica\u201d.<\/p>\n<h3><b>The Senate Hall<\/b><\/h3>\n<p>In today&#039;s day the<b>Senate assembly<\/b> non si riunir\u00e0; i lavori riprenderanno mercoled\u00ec prossimo con le <b>comunicazioni del Presidente del Consiglio dei Ministri Giuseppe Conte in vista del Consiglio europeo del 10 e 11 dicembre 2020<\/b>.<\/p>\n<h3><b>The Senate Committees<\/b><\/h3>\n<p>As regards the <b>Commissions<\/b>, the <b>Constitutional affairs <\/b>esaminer\u00e0 l\u2019affare assegnato relativo alle modalit\u00e0 pi\u00f9 efficaci per l&#8217;esercizio delle prerogative costituzionali del Parlamento nell&#8217;ambito di un&#8217;emergenza dichiarata e svolger\u00e0 delle audizioni sul ddl costituzionale per l&#8217;introduzione di un vincolo per il legislatore di rispettare la volont\u00e0 popolare espressa con referendum abrogativo. Con la rispettiva della Camera, ascolter\u00e0 la Commissione di esperti presieduta dal presidente dell&#8217;Istat Gian Carlo Blangiardo sullo schema di decreto legislativo per la determinazione dei collegi uninominali e plurinominali per l&#8217;elezione della Camera e del Senato. La <b>Public Works<\/b>, With the&#039;<b>Industria,<\/b> will carry out hearings as part of the cognitive survey on artificial intelligence. There <b>Productive activities <\/b>it will carry out several hearings in the context of the assigned deal on the support and promotion systems of tourist services and the production chains associated with the valorisation of the territory. <span style=\"color: #000000;\">There <b>Healthcare<\/b> proseguir\u00e0 il ciclo di audizioni sull\u2019affare assegnato per il potenziamento e riqualificazione della medicina territoriale nell&#8217;epoca post Covid e alcune altre sul tema del ricorso ai test e al tracciamento per il contenimento della pandemia di Covid-19.\u00a0<\/span><\/p>\n<h3><b>The House Chamber<\/b><\/h3>\n<p>The Hall of <b>Room<\/b> torner\u00e0 a alle 9.30 per l\u2019approvazione in prima lettura del <b>immigration and security decree<\/b>.<\/p>\n<h3><b>House Committees<\/b><\/h3>\n<p>As regards the <b>Commissions<\/b>, the <b>Constitutional affairs<\/b> it will examine the draft legislative decree for the determination of single-member and multi-member constituencies for the election of the Chamber and the Senate. There <b>Justice<\/b> si confronter\u00e0 sullo schema di decreto legislativo sul mandato d&#8217;arresto europeo, sullo schema di decreto legislativo per la cooperazione rafforzata sull&#8217;istituzione della Procura europea \u2013 EPPO e svolger\u00e0 delle audizioni sull\u2019accesso alla professione forense. La <b>Budget Commission<\/b> riprender\u00e0 l\u2019esame della legge di bilancio con i ricorsi sulle inammissibilit\u00e0 dichiarate ieri. La <b>Finances<\/b>esaminer\u00e0 la proposta di legge sull\u2019istituzione dei certificati di compensazione fiscale e con la Attivit\u00e0 Produttive svolger\u00e0 alcune audizioni sullo schema di decreto ministeriale recante regolamento in materia di requisiti di accesso, condizioni, criteri e modalit\u00e0 degli interventi del Patrimonio Destinato. La <b>Transportation<\/b> audir\u00e0 diversi esperti nell&#8217;ambito dell&#8217;esame della proposta di legge sulla disciplina del volo da diporto o sportivo. <span style=\"color: #000000;\">There <b>Social Affairs<\/b>, with the <b>Transportation<\/b>, ascolter\u00e0 il Commissario straordinario per l&#8217;attuazione e il coordinamento delle misure occorrenti per il contenimento e contrasto dell&#8217;emergenza epidemiologica COVID-19 Domenico Arcuri in merito ai temi del trasporto e della distribuzione dei vaccini contro il COVID-19<\/span>. There <b>Agriculture<\/b> ascolter\u00e0 e si confronter\u00e0 sulla proposta di nomina del professor Carlo Gaudio a presidente del Consiglio per la ricerca in agricoltura e l&#8217;analisi dell&#8217;economia agraria (CREA). Infine la <b>Policies of the European Union<\/b> will examine the European Law 2019-2020.<\/p>\n<\/section>","protected":false},"excerpt":{"rendered":"<p>La Giornata Parlamentare del 3 dicembre 2020 Fonte NOMOS &#8211; 03 DICEMBRE 2020 Stop agli spostamenti tra regioni dal 21 dicembre all\u2019Epifania Il nuovo decreto legge Covid conferma la stretta del Governo sulle festivit\u00e0, per fare scudo a una possibile terza ondata; in Cdm, dopo un\u2019animata discussione, si decide anche di confermare con il prossimo &hellip;<\/p>","protected":false},"author":4,"featured_media":54358,"comment_status":"closed","ping_status":"closed","sticky":false,"template":"","format":"standard","meta":{"footnotes":""},"categories":[1],"tags":[],"class_list":["post-54933","post","type-post","status-publish","format-standard","has-post-thumbnail","hentry","category-notizie"],"amp_enabled":true,"_links":{"self":[{"href":"https:\/\/www.fedaiisf.it\/en\/wp-json\/wp\/v2\/posts\/54933","targetHints":{"allow":["GET"]}}],"collection":[{"href":"https:\/\/www.fedaiisf.it\/en\/wp-json\/wp\/v2\/posts"}],"about":[{"href":"https:\/\/www.fedaiisf.it\/en\/wp-json\/wp\/v2\/types\/post"}],"author":[{"embeddable":true,"href":"https:\/\/www.fedaiisf.it\/en\/wp-json\/wp\/v2\/users\/4"}],"replies":[{"embeddable":true,"href":"https:\/\/www.fedaiisf.it\/en\/wp-json\/wp\/v2\/comments?post=54933"}],"version-history":[{"count":0,"href":"https:\/\/www.fedaiisf.it\/en\/wp-json\/wp\/v2\/posts\/54933\/revisions"}],"wp:featuredmedia":[{"embeddable":true,"href":"https:\/\/www.fedaiisf.it\/en\/wp-json\/wp\/v2\/media\/54358"}],"wp:attachment":[{"href":"https:\/\/www.fedaiisf.it\/en\/wp-json\/wp\/v2\/media?parent=54933"}],"wp:term":[{"taxonomy":"category","embeddable":true,"href":"https:\/\/www.fedaiisf.it\/en\/wp-json\/wp\/v2\/categories?post=54933"},{"taxonomy":"post_tag","embeddable":true,"href":"https:\/\/www.fedaiisf.it\/en\/wp-json\/wp\/v2\/tags?post=54933"}],"curies":[{"name":"wp","href":"https:\/\/api.w.org\/{rel}","templated":true}]}}