{"id":55125,"date":"2020-12-16T13:24:56","date_gmt":"2020-12-16T12:24:56","guid":{"rendered":"https:\/\/www.fedaiisf.it\/?p=55125"},"modified":"2020-12-16T13:24:56","modified_gmt":"2020-12-16T12:24:56","slug":"comunicato-sindacati-leuropa-post-covid-e-la-strategia-farmaceutica-necessario-assolutamente-regolamentare-lattivita-di-informazione-scientifica","status":"publish","type":"post","link":"https:\/\/www.fedaiisf.it\/en\/comunicato-sindacati-leuropa-post-covid-e-la-strategia-farmaceutica-necessario-assolutamente-regolamentare-lattivita-di-informazione-scientifica\/","title":{"rendered":"Union statement. Post Covid Europe and the pharmaceutical strategy. &quot;Absolutely necessary to regulate the activity of Scientific Information&quot;"},"content":{"rendered":"<p style=\"text-align: justify;\"><a href=\"https:\/\/www.fedaiisf.it\/wp-content\/uploads\/2020\/12\/OO.SS_.-Europa-Post-Covid.jpeg\"><img loading=\"lazy\" decoding=\"async\" class=\"size-full wp-image-55126 aligncenter\" src=\"https:\/\/www.fedaiisf.it\/wp-content\/uploads\/2020\/12\/OO.SS_.-Europa-Post-Covid.jpeg\" alt=\"\" width=\"976\" height=\"489\" srcset=\"https:\/\/www.fedaiisf.it\/wp-content\/uploads\/2020\/12\/OO.SS_.-Europa-Post-Covid.jpeg 976w, https:\/\/www.fedaiisf.it\/wp-content\/uploads\/2020\/12\/OO.SS_.-Europa-Post-Covid-300x150.jpeg 300w, https:\/\/www.fedaiisf.it\/wp-content\/uploads\/2020\/12\/OO.SS_.-Europa-Post-Covid-768x385.jpeg 768w\" sizes=\"auto, (max-width: 976px) 100vw, 976px\" \/><\/a><span style=\"color: #000000; font-size: 18px;\">Che la pandemia sia destinata ad essere una sorta di spartiacque \u00e8 oramai un fatto acclarato, ci sar\u00e0 un prima e un dopo e il ruolo delle istituzioni europee \u00e8 destinato a crescere, incontrando sempre meno resistenze dal punto di vista politico degli stati membri, oggi in grande difficolt\u00e0.<\/span><\/p>\n<p style=\"text-align: justify;\"><span style=\"color: #000000; font-size: 18px;\">La necessit\u00e0 di costruire e rafforzare una Sanit\u00e0 Pubblica accessibile, universale garantita a tutti i cittadini europei, \u00e8 forse una delle sfide maggiori, la pi\u00f9 importante, come la necessit\u00e0 di fronteggiare in modo coordinato ed ordinato emergenze come quella che stiamo vivendo, o la necessit\u00e0 di dare risposte collettive ed universali che non permettono pi\u00f9 alcun indugio.<\/span><\/p>\n<p style=\"text-align: justify;\"><span style=\"color: #000000; font-size: 18px;\">La richiesta, congiunta a Farmindustria, della costituzione del Tavolo della Farmaceutica presso il Ministero dello Sviluppo Economico, che andrebbe allargato anche ai Ministeri della Salute e della Ricerca, \u00e8 un passo importante e non pi\u00f9 eludibile soprattutto in questo momento, perch\u00e9 all&#8217;interno del Servizio Sanitario il settore Farmaceutico in tutti i suoi aspetti, dalla Ricerca alla Produzione, dalla distribuzione all&#8217;accesso ai farmaci, rappresenta il nodo fondamentale, della tutela della salute dei cittadini, oggetto in questi anni di continue sollecitazioni da parte delle Organizzazioni Sindacali nei singoli Paesi, riprodotte a livello europeo, attraverso il sindacato dell&#8217;industria IndustriAll.<\/span><\/p>\n<p style=\"text-align: justify;\"><span style=\"color: #000000; font-size: 18px;\">La pandemia non ha fatto altro che dimostrare, quanto sia importante un Servizio Sanitario Nazionale Pubblico universale ed efficiente che garantisca l&#8217;accesso a farmaci e presidi medici in fasi complesse come quella che stiamo affrontando.<\/span><\/p>\n<p style=\"text-align: justify;\"><span style=\"color: #000000; font-size: 18px;\">Il fatto che uno dei temi in discussione in Europa sia proprio la remunerazione di tutte le fasi legate al farmaco, dalla produzione alla ricerca, fino alla garanzia delle disponibilit\u00e0 per tutti i cittadini, a prescindere dalla regione in cui vivono, ci fa dire che non \u00e8 pi\u00f9 rinviabile un confronto nazionale con le istituzioni su questo tema. Un confronto che possa cogliere anche le opportunit\u00e0 di investimento nel settore rappresentate dalle risorse del Recovery Fund stanziate a livello Europeo.<\/span><\/p>\n<p style=\"text-align: justify;\"><span style=\"color: #000000; font-size: 18px;\">La prossima sfida sar\u00e0 la disponibilit\u00e0 dei vaccini e delle cure anticovid, e come le risposte positive su questo versante, saranno in grado di dare una spinta al riavvio dell&#8217;economia nel nostro paese.<\/span><\/p>\n<p style=\"text-align: justify;\"><span style=\"color: #000000; font-size: 18px;\">Sar\u00e0 necessario costruire regolamentazioni sulla circolazione dei vaccini e dei farmaci impostato sulla trasparenza ed al rispetto di criteri oggettivi e universali, che valgano per tutti i cittadini e per i tanti lavoratori che operano del settore.<\/span><\/p>\n<p style=\"text-align: justify;\"><span style=\"color: #000000; font-size: 18px;\">Necessario assolutamente regolamentare l&#8217;attivit\u00e0 di Informazione Scientifica, restituendole una normale operativit\u00e0, dopo le tante esperienze organizzative da remoto sperimentate in questi mesi di pandemia, ed alla conseguente limitazione degli accessi di persona nelle strutture sanitarie in genere.<\/span><\/p>\n<p style=\"text-align: justify;\"><span style=\"color: #000000; font-size: 18px;\">Diventa indispensabile avviare una discussione che analizzi e affronti tutte le problematiche connesse alle nuove forme di lavoro a distanza, evitando storture e cattiva gestione della figura professionale dell\u2019informatore scientifico che pu\u00f2 limitare la formazione di medici e cittadini sul corretto, etico ed appropriato utilizzo dei farmaci.<\/span><\/p>\n<p style=\"text-align: justify;\"><span style=\"color: #000000; font-size: 18px;\">Per questo \u00e8 assolutamente necessario un nuovo patto sociale tra il settore farmaceutico e la medicina territoriale, ivi compresa la rete dei medici di base e le farmacie che dovr\u00e0 vedere un impegno straordinario dell\u2019informazione scientifica che risponda alle normative e al perimetro contrattuale previsto nel settore chimico farmaceutico.<\/span><\/p>\n<p style=\"text-align: justify;\"><span style=\"color: #000000; font-size: 18px;\">Alla luce di tutto ci\u00f2 ci attiveremo, coinvolgendo anche i vertici di Farmindustria, nei confronti del Ministero dello Sviluppo Economico, affinch\u00e9 si metta in campo quanto prima, un Tavolo di confronto, che sia in grado di affrontare i temi in oggetto, con una visione pi\u00f9 generale che metta al centro gli interessi dei cittadini, e quelli di un settore fondamentale come quello Farmaceutico, esempio di buona occupazione e capace di creare valore economico per il nostro Paese, ad oggi uno degli Hub pi\u00f9 interessanti ed importanti del manifatturiero di qualit\u00e0 in Europa e nel Mondo.<\/span><\/p>\n<p style=\"text-align: center;\"><span style=\"color: #000000; font-size: 18px;\">The National Secretariats<\/span><\/p>\n<p style=\"text-align: center;\"><span style=\"color: #000000; font-size: 18px;\">FILCTEM CGIL \u2013 FEMCA CISL -UILTEC UIL<\/span><\/p>\n<p><span style=\"color: #000000;\">Roma 16 dicembre 2020<\/span><\/p>","protected":false},"excerpt":{"rendered":"<p>Che la pandemia sia destinata ad essere una sorta di spartiacque \u00e8 oramai un fatto acclarato, ci sar\u00e0 un prima e un dopo e il ruolo delle istituzioni europee \u00e8 destinato a crescere, incontrando sempre meno resistenze dal punto di vista politico degli stati membri, oggi in grande difficolt\u00e0. La necessit\u00e0 di costruire e rafforzare &hellip;<\/p>","protected":false},"author":4,"featured_media":55128,"comment_status":"closed","ping_status":"closed","sticky":false,"template":"","format":"standard","meta":{"footnotes":""},"categories":[1],"tags":[21,44],"class_list":["post-55125","post","type-post","status-publish","format-standard","has-post-thumbnail","hentry","category-notizie","tag-informatori-scientifici","tag-sindacati"],"amp_enabled":true,"_links":{"self":[{"href":"https:\/\/www.fedaiisf.it\/en\/wp-json\/wp\/v2\/posts\/55125","targetHints":{"allow":["GET"]}}],"collection":[{"href":"https:\/\/www.fedaiisf.it\/en\/wp-json\/wp\/v2\/posts"}],"about":[{"href":"https:\/\/www.fedaiisf.it\/en\/wp-json\/wp\/v2\/types\/post"}],"author":[{"embeddable":true,"href":"https:\/\/www.fedaiisf.it\/en\/wp-json\/wp\/v2\/users\/4"}],"replies":[{"embeddable":true,"href":"https:\/\/www.fedaiisf.it\/en\/wp-json\/wp\/v2\/comments?post=55125"}],"version-history":[{"count":0,"href":"https:\/\/www.fedaiisf.it\/en\/wp-json\/wp\/v2\/posts\/55125\/revisions"}],"wp:featuredmedia":[{"embeddable":true,"href":"https:\/\/www.fedaiisf.it\/en\/wp-json\/wp\/v2\/media\/55128"}],"wp:attachment":[{"href":"https:\/\/www.fedaiisf.it\/en\/wp-json\/wp\/v2\/media?parent=55125"}],"wp:term":[{"taxonomy":"category","embeddable":true,"href":"https:\/\/www.fedaiisf.it\/en\/wp-json\/wp\/v2\/categories?post=55125"},{"taxonomy":"post_tag","embeddable":true,"href":"https:\/\/www.fedaiisf.it\/en\/wp-json\/wp\/v2\/tags?post=55125"}],"curies":[{"name":"wp","href":"https:\/\/api.w.org\/{rel}","templated":true}]}}