{"id":55142,"date":"2020-12-17T10:32:34","date_gmt":"2020-12-17T09:32:34","guid":{"rendered":"https:\/\/www.fedaiisf.it\/?p=55142"},"modified":"2020-12-18T10:37:12","modified_gmt":"2020-12-18T09:37:12","slug":"nomos-la-giornata-parlamentare-del-17-dicembre-2020","status":"publish","type":"post","link":"https:\/\/www.fedaiisf.it\/en\/nomos-la-giornata-parlamentare-del-17-dicembre-2020\/","title":{"rendered":"NOMOS. Parliamentary Day on 17 December 2020"},"content":{"rendered":"<header class=\"article-header clearfix\">\n<h1 class=\"article-title\"><a title=\"Parliamentary Day on 17 December 2020\" href=\"https:\/\/www.nomoscsp.com\/settimana-in-parlamento\/la-giornata-parlamentare-del-17-dicembre-2020.html\" target=\"_blank\" rel=\"noopener noreferrer\">Parliamentary Day on 17 December 2020<\/a><\/h1>\n<\/header>\n<aside class=\"article-aside clearfix\">\n<dl class=\"article-info muted\">\n<dd class=\"published hasTooltip\" title=\"\" data-original-title=\"Pubblicato: \"><a href=\"https:\/\/www.nomoscsp.com\/settimana-in-parlamento\/la-giornata-parlamentare-del-17-dicembre-2020.html\" target=\"_blank\" rel=\"noopener noreferrer\"><time datetime=\"2020-12-17T08:27:26+01:00\">Source NOMOS \u2013 17 DECEMBER 2020 <\/time><\/a><\/dd>\n<\/dl>\n<\/aside>\n<section class=\"article-content clearfix\">\n<h3><b><a href=\"https:\/\/www.fedaiisf.it\/wp-content\/uploads\/2020\/12\/Ursula-von-der-veyen.jpg\"><img loading=\"lazy\" decoding=\"async\" class=\"wp-image-55144 alignright\" src=\"https:\/\/www.fedaiisf.it\/wp-content\/uploads\/2020\/12\/Ursula-von-der-veyen-1024x576.jpg\" alt=\"\" width=\"571\" height=\"321\" srcset=\"https:\/\/www.fedaiisf.it\/wp-content\/uploads\/2020\/12\/Ursula-von-der-veyen-1024x576.jpg 1024w, https:\/\/www.fedaiisf.it\/wp-content\/uploads\/2020\/12\/Ursula-von-der-veyen-300x169.jpg 300w, https:\/\/www.fedaiisf.it\/wp-content\/uploads\/2020\/12\/Ursula-von-der-veyen-768x432.jpg 768w, https:\/\/www.fedaiisf.it\/wp-content\/uploads\/2020\/12\/Ursula-von-der-veyen-390x220.jpg 390w, https:\/\/www.fedaiisf.it\/wp-content\/uploads\/2020\/12\/Ursula-von-der-veyen.jpg 1440w\" sizes=\"auto, (max-width: 571px) 100vw, 571px\" \/><\/a>Green light to the anti-Covid vaccine plan, we start already after Christmas<\/b><\/h3>\n<p>In Italy it will not only be a Christmas under Covid, but also the one in which the <b>vaccination campaign<\/b> most impressive in history. The plan in which hope is placed to loosen the grip of the coronavirus is ready: before the last of the year and at the same time as the other EU countries there will be the first limited batteries of vaccinations for symbolic categories such as health care. Something like the <b>V Day<\/b> desired by the president of the EU Commission <b>Ursula von der Leyen<\/b>: \u201cIt would be nice to have a single date for European countries. I hope it can be done in early January \u201d, says the premier <b>Joseph Conte<\/b>\u201cbut to have an impact on the population it is necessary to reach\u201d a sufficient percentage of vaccinated people, \u201c10-15 million, and we expect to have them in late spring\u201d. It will start in January <b>mass vaccination<\/b> real. To begin with, over 1.8 million doses will be delivered by <b>Pfizer<\/b>on a day yet to be established, after the authorization of the<b>European Medicines Agency <\/b>(Ema) and then of the Italian one, the<b>Aifa<\/b>, expected next week, in record time. The vaccination plan presented by the Commissioner <b>Dominic Arcuri<\/b> was approved by <b>State-Regions Conference<\/b> and the first batches of doses were assigned to the latter, first la <b>Lombardy<\/b> epicenter of the pandemic in Italy with almost 305,000 vials. Arcuri will send the Regions an instruction booklet for the vaccine and all the indications for the administration procedure.<\/p>\n<p>But there are already controversies: the Campania of <b>Vincent DeLuca<\/b> complains that the initial quota is too small (135,890 doses) for a population of almost 6 million inhabitants. In the first delivery, Pfizer will send 1,833,975 doses of vaccine, with which they will be vaccinated <b>healthcare workers<\/b> <b>and social health<\/b>, <b>public and private<\/b>, as well as guests and staff of <b>residences for the elderly;<\/b> in the second, a few weeks later, over two and a half million: there will be a booster for the first vaccinated and doses will begin to be administered to <b>more fragile categories<\/b>. For mass vaccination, the emergency commissioner is looking for 3,000 doctors and 12,000 nurses; Applications can be sent from yesterday. Eight out of 10 Italians are ready to get vaccinated, according to a Demopolis poll for <i>Rai Radio 1<\/i>: the 40% as soon as possible, the 44% at a later time; only the 16% is not going to do that. To reach at least 70-80% of the population and the<b>herd immunity <\/b>an information campaign on the safe, non-mandatory and free vaccine will be important, given that even among the health personnel there is a share of distrustful or refractory.<\/p>\n<h3><b>The Government is ready to put Italy in the red zone from the eve to 3 January<\/b><\/h3>\n<p>The Government has now decided: to avoid the risk of gatherings and a new surge in the contagion curve, the only way is to give another turn of the screw to the containment measures. On this point there is a substantial sharing on the part of Ministers, Regions and political forces, who on a day full of river-summits deliver as a hypothesis the <b>high-risk closure on holidays and days before holidays from December 24th to January 3rd<\/b>. Giuseppe Conte clarifies that \u201cWe met to reinforce the Christmas plan. The experts have advised us on a few additional measures and we must <b>avoid a third wave<\/b>\u201d. The decision is not yet definitive, the confrontation with Italia Viva is still missing, whose head of delegation, <b>Teresa Bellanova<\/b>, was involved in an important summit in Brussels for Made in Italy; if Matteo Renzi&#039;s party also gives its go-ahead, the car will be set in motion, most likely with a <b>new Dpcm<\/b>, but other avenues are not excluded, such as a <b>amendment to the Christmas decree<\/b> or even an o<b>ordinance of the Minister of Health<\/b>.<\/p>\n<p>Several regional presidents also tuned in on the penalty line, <b>Luca Zaia<\/b> in the lead, but to support the governor of Veneto are also Lazio di <b>Nicola Zingaretti<\/b>, Friuli Venezia Giulia of <b>Massimiliano Fedriga<\/b>, Molise and the Marches. The applause also comes from the Government, in particular from the Minister of Regional Affairs <b>Francesco Boccia<\/b> and from that of Health <b>Robert Hope<\/b>. The term of comparison is Germany, where the chancellor <b>Angela Merkel<\/b> approved the lockdown during the holiday season to keep the population safe and avoid further closures in January, when the rhythms of production would risk suffering a dangerous stop due to the Coronavirus, just when vaccination campaigns will begin throughout Europe. His reflection has also made inroads in our country, especially in the executive rooms. The new tightening will come by the end of this week, most likely, after the end of the round of meetings with local authorities and political forces.<\/p>\n<h3><b>This evening Conte will meet Renzi to try to avert the crisis<\/b><\/h3>\n<p>The crisis must be avoided, but the problems remain. The government verification does not dissolve doubts about the future of <b>Joseph Conte<\/b>, after the strong fibrillations of the last few days. The premier&#039;s face-to-face meetings with the forces of the majority have (until now) had the desired effect: now the last, and probably the most important, one that can confirm or reverse the situation is missing: the meeting between the premier and <b>Matthew Renzi<\/b>, which will take place tonight at 18.00. &quot;We will discuss and see if there are the conditions to start again more cohesive than before&quot;, admits Conte, who reiterates the concept: &quot;Iv is a travel companion, it is essential but we must address the issues on the merits&quot;, because &quot;a government cannot it can go on without the trust of each majority political force. If it weren&#039;t there, we know what the consequences would be.&quot; But he warns: &quot;It would be a serious irresponsibility to stop for a lack of internal confrontation&quot;. Therefore, full openness to the requests of <b>Italy alive<\/b>, also on the reshuffle: &quot;If there are political petitions, they must be addressed&quot;. The reverse of the Prime Minister on <b>control room<\/b> who will have to deal with <b>Recovery plans<\/b> it is another demonstration that everyone understands the importance of taking a step back and giving up one&#039;s goals: \u201cIf there are alternative proposals, they are welcome\u201d, the head of the executive tones down.<\/p>\n<h3><b>The Mes agitates the majority. Compact Pd, Leu and IV, the M5S remains on the barricades<\/b><\/h3>\n<p>But reducing the risk of a crisis in the dark doesn&#039;t mean that i <b>internal problems of the majority<\/b> are resolved magically. The deep division remains on some issues, such as the <b>month<\/b>. The positions of the various players in the coalition have never changed, and the words of the deputy secretary of the Democratic Party prove it <b>Andrew Orlando<\/b>: \u201cI believe that all of Europe will need all the resources, and this too will be used, but perhaps a further change will be needed\u201d. Phrases that will be echoed in the ears of the allies <b>Five stars<\/b> like a cannon shot; in fact, the pentastellati hoped to have been clear on the point: &quot;As long as we are in government, Italy will not ask for it&quot;, he repeated like a mantra <b>Louis DiMaio<\/b> on every occasion, public and private. And Conte did the same, reiterating that those 37 billion are of no use to our country, which can already count on the resources of the Recovery Fund. But in this match the <b>centre-left<\/b> it is compact: in addition to the dem, too <b>Robert Hope<\/b> has always said that any money for health care is welcome.<\/p>\n<p>While even more direct are the exponents of Iv: \u201cIs there a limit to lies? For months now the prime minister and the M5S have been carrying on their ideological battle to deprive our country of the money from the Mes, which is already ready and available &quot;, bites the deputy <b>Luciano Nobili<\/b>. The reasoning, however, does not penetrate the heart of the pentastellati, who resist: &quot;We must not be ideological, for me the Mes is not necessary for our country at the moment&quot;, try to close the matter <b>Robert Fig<\/b>; the Speaker of the Chamber uses Europe as a point of comparison: &quot;There is no country that has accessed the Mechanism, also looking at how the auctions of our securities are going&quot;. The position is corroborated by the Minister for Relations with Parliament <b>Federico D&#039;Inc\u00e0<\/b>: \u201cWe have two priorities: to run the country through the Recovery plan and, from January, to put into practice a great vaccination plan to get out of the pandemic\u201d. Words that fit perfectly with the thought of the Minister for EU Affairs <b>Enzo Amendola<\/b>: &quot;I doubt that there are alternative majorities that can be created on the Mes in Parliament&quot;. The challenge remains open, leaving the majority on the grill for the umpteenth time.<\/p>\n<h3><b>The Senate Hall<\/b><\/h3>\n<p>L&#039;<b>Senate assembly<\/b> will meet again at 9.30 to examine the preliminary question on the so-called <b>security decree<\/b> passed last week by the House; later, but not before the afternoon, discussions on the same measure will take place.<\/p>\n<h3><b>The Senate Committees<\/b><\/h3>\n<p>As regards the <b>Commissions<\/b>, the <b>Constitutional affairs<\/b>, in meeting with the <b>Justice<\/b>, will conclude the examination of the decree on immigration, international and complementary protection, as well as measures on the subject of prohibition of access to public establishments and places of public detention, to contrast the distorted use of the web and to regulate the national Guarantor of the rights of persons deprived of their personal liberty. There <b>Justice <\/b>it will examine the bill on the suspension of the terms relating to obligations to be paid by the freelancer in the event of illness or accident. There<b> Defence<\/b> the cycle of hearings on the assigned deal relating to the profiles of cyber security pertaining to national defense will continue. There <b>Instruction<\/b>, in meeting with the <b>Work<\/b>, will listen to the representatives of the Italian National Olympic Committee (CONI) on the draft legislative decree on the reorganization and reform of the safety regulations for the construction and operation of sports facilities and on the legislation on the modernization or construction of sports facilities . <span style=\"color: #000000;\">There <b>Healthcare<\/b> discussions will continue on the decree, already approved by the Chamber, for the relaunch of the health service of the Calabria region and for the renewal of the elected bodies of the Regions with ordinary statute.<\/span><\/p>\n<p><b>The House Chamber<\/b><\/p>\n<p>L&#039;<b>Hall of the Chamber<\/b> will meet again on Thursday at 15.30 for the examination on the <b>decree for the protection of health and economic support measures related to the COVID emergency<\/b>, the so-called <b>refreshment decree<\/b>, which also includes the subsequent bis, ter and quater decrees which have merged into the provision through amendments by the Government.<\/p>\n<h3><b>House Committees<\/b><\/h3>\n<p>As regards the <b>Commissions<\/b>, the <b>Justice<\/b> it will hold several hearings on the pdl for access to the legal profession and some on the pdl relating to the illicit production, trafficking and possession of narcotic or psychotropic substances in minor cases. The commissions <b>Foreign,<\/b> with the <b>EU policies<\/b>, will listen to the German Ambassador in Italy HE Viktor Elbling on the results of the German Presidency of the Council of the European Union. In today&#039;s day the <b>Budget Commission<\/b> it will not meet to examine the budget law. There <b>Finances<\/b>, with the <b>Productive activities<\/b>, will compare and conclude the examination on the relaunch decree. There <b>Culture<\/b> will examine the bills for the abolition of the ban on simultaneous enrollment in several universities or university study courses. There <b>Transportation<\/b> the cycle of hearings will continue on the pdl for the modification of the Highway Code and some on the program contract scheme between MIT, Ferrovie dello Stato Italiane and the Euralpin Lyon-Turin Tunnel (TELT), for the financing, design and construction of the section cross-border of the common part of the new railway line. With the <b>Productive activities<\/b> it will discuss the draft decree of the President of the Council of Ministers for the identification of strategically important assets in the energy, transport and communications sectors.<\/p>\n<p>There <b>Productive activities<\/b> it will examine the draft legislative decree for the adaptation of national legislation to the European provisions on measures to guarantee the security of gas supply. There <b>Work<\/b> will listen to the representatives of CUB and SGB in the context of the examination of the bill on early retirement for workers in construction and related companies, and those of Assocontact in the context of the discussion of the resolution on the application of the legislation on the matter of fixed-term contracts introduced by the so-called dignity decree. <span style=\"color: #000000;\">There <b>Social Affairs<\/b> will listen to the representatives of the Conference of the Regions and Autonomous Provinces of Trento and Bolzano in the context of the examination of the enabling law to the Government for the support and enhancement of the family and will examine the resolutions to counter the social repercussions of the epidemiological emergency .<\/span> There <b>Agriculture<\/b>he will continue the hearings on the pdl on the subject of horse farming, he will examine the draft ministerial decree for the allocation of the Mipaaf allocation for the year 2020, relating to contributions to bodies, institutes, associations, foundations and other bodies, and the pdl to favor restoration, recovery, maintenance and protection of chestnut groves. Finally, the <b>EU policies<\/b> will examine the European delegation law.<\/p>\n<\/section>","protected":false},"excerpt":{"rendered":"<p>La Giornata Parlamentare del 17 dicembre 2020 Fonte NOMOS &#8211; 17 DICEMBRE 2020 Via libera al piano vaccini anti Covid, si parte gi\u00e0 dopo Natale In Italia non sar\u00e0 solo un Natale sotto il Covid, ma anche quello in cui partir\u00e0 la campagna di vaccinazione pi\u00f9 imponente della storia. Il piano nel quale si ripone &hellip;<\/p>","protected":false},"author":4,"featured_media":54358,"comment_status":"closed","ping_status":"closed","sticky":false,"template":"","format":"standard","meta":{"footnotes":""},"categories":[1],"tags":[161],"class_list":["post-55142","post","type-post","status-publish","format-standard","has-post-thumbnail","hentry","category-notizie","tag-nomos"],"amp_enabled":true,"_links":{"self":[{"href":"https:\/\/www.fedaiisf.it\/en\/wp-json\/wp\/v2\/posts\/55142","targetHints":{"allow":["GET"]}}],"collection":[{"href":"https:\/\/www.fedaiisf.it\/en\/wp-json\/wp\/v2\/posts"}],"about":[{"href":"https:\/\/www.fedaiisf.it\/en\/wp-json\/wp\/v2\/types\/post"}],"author":[{"embeddable":true,"href":"https:\/\/www.fedaiisf.it\/en\/wp-json\/wp\/v2\/users\/4"}],"replies":[{"embeddable":true,"href":"https:\/\/www.fedaiisf.it\/en\/wp-json\/wp\/v2\/comments?post=55142"}],"version-history":[{"count":0,"href":"https:\/\/www.fedaiisf.it\/en\/wp-json\/wp\/v2\/posts\/55142\/revisions"}],"wp:featuredmedia":[{"embeddable":true,"href":"https:\/\/www.fedaiisf.it\/en\/wp-json\/wp\/v2\/media\/54358"}],"wp:attachment":[{"href":"https:\/\/www.fedaiisf.it\/en\/wp-json\/wp\/v2\/media?parent=55142"}],"wp:term":[{"taxonomy":"category","embeddable":true,"href":"https:\/\/www.fedaiisf.it\/en\/wp-json\/wp\/v2\/categories?post=55142"},{"taxonomy":"post_tag","embeddable":true,"href":"https:\/\/www.fedaiisf.it\/en\/wp-json\/wp\/v2\/tags?post=55142"}],"curies":[{"name":"wp","href":"https:\/\/api.w.org\/{rel}","templated":true}]}}