{"id":55239,"date":"2020-12-22T11:10:29","date_gmt":"2020-12-22T10:10:29","guid":{"rendered":"https:\/\/www.fedaiisf.it\/?p=55239"},"modified":"2020-12-23T09:49:37","modified_gmt":"2020-12-23T08:49:37","slug":"nomos-la-giornata-parlamentare-del-22-dicembre-2020","status":"publish","type":"post","link":"https:\/\/www.fedaiisf.it\/en\/nomos-la-giornata-parlamentare-del-22-dicembre-2020\/","title":{"rendered":"NOMOS. La Giornata Parlamentare del 22 dicembre 2020"},"content":{"rendered":"<header class=\"article-header clearfix\">\n<h1 class=\"article-title\"><a title=\"La Giornata Parlamentare del 22 dicembre 2020\" href=\"https:\/\/www.nomoscsp.com\/settimana-in-parlamento\/la-giornata-parlamentare-del-22-dicembre-2020.html\" target=\"_blank\" rel=\"noopener noreferrer\">La Giornata Parlamentare del 22 dicembre 2020<\/a><\/h1>\n<\/header>\n<aside class=\"article-aside clearfix\">\n<dl class=\"article-info muted\">\n<dd class=\"published hasTooltip\" title=\"\" data-original-title=\"Pubblicato: \"><a href=\"https:\/\/www.nomoscsp.com\/settimana-in-parlamento\/la-giornata-parlamentare-del-22-dicembre-2020.html\" target=\"_blank\" rel=\"noopener noreferrer\"><time datetime=\"2020-12-22T08:07:53+01:00\">Fonte NOMOS &#8211; 22 DICEMBRE 2020 <\/time><\/a><\/dd>\n<\/dl>\n<\/aside>\n<section class=\"article-content clearfix\">\n<h3><b><a href=\"https:\/\/www.fedaiisf.it\/wp-content\/uploads\/2019\/11\/Conte-Pres.-Consiglio.jpg\"><img loading=\"lazy\" decoding=\"async\" class=\"wp-image-46775 alignright\" src=\"https:\/\/www.fedaiisf.it\/wp-content\/uploads\/2019\/11\/Conte-Pres.-Consiglio.jpg\" alt=\"\" width=\"482\" height=\"360\" srcset=\"https:\/\/www.fedaiisf.it\/wp-content\/uploads\/2019\/11\/Conte-Pres.-Consiglio.jpg 593w, https:\/\/www.fedaiisf.it\/wp-content\/uploads\/2019\/11\/Conte-Pres.-Consiglio-300x224.jpg 300w\" sizes=\"auto, (max-width: 482px) 100vw, 482px\" \/><\/a>Conte apre sulla governance del Recovery e punta alle Camere; Iv a un bivio<\/b><\/h3>\n<p>La riapertura del <b>dossier Recovery Plan<\/b> a partire dai suoi contenuti, la creazione di un <b>gruppo di lavoro ad hoc<\/b> di maggioranza, l&#8217;approdo finale in <b>Parliament<\/b>: con queste garanzie <b>Joseph Conte<\/b> tenta di evitare la <b>government crisis<\/b>. La tensione con <b>Italy alive<\/b> resta comunque altissima ma, nel frattempo, il premier mette sul tavolo alcune controproposte: di fatto quel Consiglio dei ministri al quale fu presentata la bozza del Piano di Ripresa e Resilienza \u00e8 stato cancellato e l&#8217;obiettivo, spiega Conte, ora \u00e8 portare la <b>bozza finale<\/b> in un Cdm entro l&#8217;anno: \u201cDiscutiamo ma andare oltre sarebbe imperdonabile\u201d, sottolinea. Non aveva scelta anche perch\u00e9, se da un lato c\u2019\u00e8 il s\u00ec ad una maggiore collegialit\u00e0, dall&#8217;altro c&#8217;\u00e8 il nodo tempi, non pi\u00f9 aggirabile. La nuova serie d\u2019incontri che il presidente del Consiglio organizza sul Recovery non prevede la presenza di leader politici ma delle rappresentanze governative delle singole forze, accompagnate dai capigruppo e da chi, in queste settimane, ha lavorato al dossier. Il telaio del Recovery Plan non verr\u00e0 rivoluzionato ma qualcosa di sostanziale cambier\u00e0: la novit\u00e0 politica del giorno \u00e8 la creazione di un <b>gruppo di lavoro ad hoc<\/b> composto dai rappresentanti delle forze di maggioranza, proposta che viene dal <b>M5S<\/b>, che per primo vede Conte. Il gruppo di lavoro potrebbe servire a sminare le possibili tensioni interne tra le basi parlamentari dei singoli partiti della maggioranza e i rispettivi Ministri. \u201cPossiamo discutere di tutto ma facciamolo nel merito\u201d, \u00e8 il messaggio recapitato dal premier alla maggioranza, ed \u00e8 una mossa che, forse, pu\u00f2 allontanare la crisi: \u201cIeri sera qualcosa \u00e8 cambiato\u201d.<\/p>\n<p>\u201cConte ha convocato una serie di riunioni che sono cominciate oggi. Mi sembra un fatto positivo\u201d, sottolinea il presidente di Iv <b>Hector Rosato<\/b>, che solo domenica parlava di una fiducia della maggioranza evaporata nei confronti del premier. Intanto <b>Matthew Renzi<\/b> tiene alta la tensione e in mattinata attacca sulle misure anti-Covid e rilancia sul <b>Sanitary mes<\/b> innescando l&#8217;indiretta replica del premier: \u201cLe risorse sulla sanit\u00e0 non sono solo dirette ma ci sono progetti trasversali, come per l&#8217;efficientamento degli ospedali\u201d, spiega il premier incontrando la delegazione del <b>Democratic party<\/b>, che plaude allo sblocco dell&#8217;<i>impasse<\/i> sul Piano ma avverte che bisogna \u201cconsentire la discussione in Parlamento e l&#8217;apertura di un dibattito nel Paese, con le parti sociali, le imprese, l&#8217;associazionismo, i giovani, le donne, le associazioni ambientaliste. <b>\u00c8 impensabile disegnare l&#8217;Italia del 2030 senza coinvolgere il sistema Paese\u201d<\/b>. Conte ascolta e nelle prossime ore si muover\u00e0 di conseguenza mettendo in agenda incontri con parti sociali ed enti locali. L&#8217;obiettivo \u00e8 garantire quella <b>collegialit\u00e0<\/b> senza la quale non solo il Recovery ma anche il governo Conte II non sarebbe andato avanti. \u201cSulla task force serve chiarezza, non pu\u00f2 sostituire le istituzioni\u201d, sottolineano i dem; la struttura ce la chiede l&#8217;Ue \u201cma non \u00e8 pensabile n\u00e9 lo abbiamo mai fatto che sia centralizzata e invasiva\u201d, assicura Conte promettendo \u201cuna soluzione ampia e condivisa\u201d. Crisi rientrata? No. Solo i prossimi giorni potranno dirlo ma una cosa, \u00e8 certa: il presidente del Consiglio, nel caso Renzi continui per la sua strada, <b>parametrizzer\u00e0 la crisi<\/b>: \u201cIl Piano nazionale deve riflettere e riflette le indicazioni del Parlamento sulle linee guida. Non vedo l&#8217;ora di mandare il documento di aggiornamento per poi ricevere ulteriori indirizzi e predisporci al piano finale\u201d spiega Conte alla delegazione M5S affiancato dai ministri <b>Robert Gualtieri<\/b> and <b>Enzo Amendola<\/b>. E chiss\u00e0 che, in Aula, sul Recovery Plan qualche voto arrivi anche dall&#8217;opposizione. Prima dell&#8217;approdo in Aula, Conte dovr\u00e0 risolvere anche il rebus <b>reshuffle<\/b>, che torna d\u2019attualit\u00e0 ogni volta che si allontana la crisi. E torna d\u2019attualit\u00e0 anche quella <b>delega ai Servizi<\/b> ancora nelle sue mani, ma sulla quale aumenta il pressing interno alla maggioranza.<\/p>\n<h3><b>Salvini vede un governo di coalizione dopo Conte; per la Meloni c\u2019\u00e8 solo il voto\u00a0<\/b><\/h3>\n<p>Il centrodestra non far\u00e0 da facilitatore a un <b>technical government<\/b> perch\u00e9 per il dopo Conte ci sono solo le elezioni. E questo \u00e8 l&#8217;unico punto che accomuna, per il momento, i tre leader <b>Matthew Salvini<\/b>, <b>Giorgia Meloni<\/b> And <b>Silvio Berlusconi<\/b>. Il Capitano, dopo la maratona in commissione Bilancio della Camera, rivendica i risultati ottenuti nella manovra, con diversi emendamenti della coalizione approvati, veri e propri \u201csuccessi per le famiglie, le partite Iva, i commercianti\u201d. L&#8217;unit\u00e0, il dialogo e il confronto anche con la maggioranza hanno sicuramente rafforzato l&#8217;alleanza, ma quando si parla del futuro dell&#8217;esecutivo guidato da <b>Joseph Conte<\/b> le strade si separano. Il Capitano non ha dubbi: \u201cSpero che questo Governo tolga il disturbo il prima possibile. La via maestra sono le <b>elections<\/b>. Se cos\u00ec non fosse, penso che il centrodestra dovrebbe assumersi la responsabilit\u00e0 di prendere per mano questo Paese\u201d. A smorzare gli entusiasmi del leader leghista ci pensa <b>Giorgia Meloni<\/b>: \u201c\u00c8 un po&#8217; difficile che si realizzi, non so quanto sia utile fare un altro governo che poi si tiene un&#8217;altra volta con un voto di scarto\u201d. Insomma per la leader di Fdi o voto o niente e sembra pensarla cos\u00ec Berlusconi, con una sfumatura molto diversa da quella dell&#8217;ex ministro dell\u2019interno: \u201cNon credo nei <b>Governi tecnici<\/b> e non vedo un nuovo Governo all\u2019orizzonte. <b>Come on Italy<\/b> per il bene del Paese \u00e8 a disposizione per lavorare con il Governo che c\u2019\u00e8, anche se questo Governo non ci piace. Cos\u00ec abbiamo ottenuto nella <b>Legge di bilancio<\/b> diversi risultati importanti. Vorrei che si parlasse di pi\u00f9 di queste cose, davvero importanti per gli italiani, piuttosto che delle eterne mosse del teatrino della politica\u201d.<\/p>\n<p>Se Salvini e Meloni, di fatto, hanno tutto l&#8217;interesse ad andare a votare, Berlusconi sa di non poterselo permettere e che per <b>Come on Italy<\/b> sarebbe meglio provare con un esecutivo di centrodestra, coadiuvato da un gruppo di responsabili pronti a fargli raggiungere i numeri necessari. Nel caso in cui andasse bene, gli azzurri sarebbero il secondo gruppo nella coalizione e con un peso specifico pesante per la formazione di un governo. Anche questa ipotesi, che Salvini continua a nutrire, tuttavia \u00e8 quasi un miraggio: per raggiungere i numeri in Parlamento servirebbero quasi 50 deputati e 25 senatori, un obiettivo non facile da raggiungere e decisamente difficile da gestire per gli equilibri dell&#8217;alleanza. \u00c8 per questo motivo che <b>Giorgia Meloni<\/b>, in forte ascesa e pronta a mettere la freccia per superare i 5 Stelle in termini di consensi, getta acqua sul fuoco sul progetto di Salvini. Questa eterogeneit\u00e0 si riscontra anche sul fronte delle candidature alle prossime <b>amministrative<\/b>: lo stallo \u00e8 cronico, con <b>Guido Bertolaso<\/b> a Roma e <b>Paolo Damilano<\/b> a Torino che tornano in lizza, ma che non hanno ancora ottenuto il benestare ufficiale dei leader. E che dire della Calabria che andr\u00e0 al voto ancora prima delle grandi citt\u00e0 e su cui si sta consumando l&#8217;ennesimo braccio di ferro? Anche <b>Bernardo Misaggi<\/b>, il luminare che cur\u00f2 la mamma di Berlusconi, la signora Rosa, sembra essere stata una fake costruita ad arte per coprire le tensioni sul territorio calabrese.<\/p>\n<h3><b>In the Senate<\/b><\/h3>\n<p>Over the course of this week, the<b>Senate assembly<\/b> it will not gather. The Hall of Palazzo Madama will resume its work on Monday 28 December with <b>communications from the President Maria Elisabetta Alberti Casellati <\/b>on the discussion of <b>budget law<\/b>. As regards the <b>Commissions<\/b>, l\u2019<b>Industry <\/b>si confronter\u00e0 sullo schema di decreto ministeriale per la definizione delle modalit\u00e0 e dei criteri per un ingresso consapevole dei clienti finali nel mercato dell&#8217;energia. Le altre Commissioni invece non hanno in previsione sedute.<\/p>\n<h3><b>To the Chamber<\/b><\/h3>\n<p>L&#039;<b>Chamber of the Chamber<\/b> torner\u00e0 a riunirsi alle 9.00 per la discussione, in prima lettura, del <b>State budget for the financial year 2021 and the multi-year budget for the three-year period 2021-2023,<\/b> the so-called <b>budget law<\/b>.<\/p>\n<p>As regards the <b>Commissions<\/b>, the <b>Justice<\/b>, with the <b>Finances<\/b>, si confronter\u00e0 sulla Comunicazione della Commissione Europea relativa a un piano d&#8217;azione per una politica integrata in materia di prevenzione del riciclaggio di denaro e del finanziamento del terrorismo. La Commissioni <b>Foreign<\/b>proseguir\u00e0 il ciclo di audizioni dell\u2019indagine conoscitiva relativa alla politica estera dell&#8217;Italia per la pace e la stabilit\u00e0 nel Mediterraneo e<b>,<\/b> with the <span style=\"color: #000000;\"><b>Social Affairs<\/b>, ascolter\u00e0 la dottoressa Laura Harth, esperta in diritto internazionale e rappresentante del Global Committee for the Rule of Law <i>Marco Pannella<\/i>, nell&#8217;ambito dell&#8217;esame della proposta d\u2019inchiesta parlamentare per l\u2019istituzione di una Commissione d&#8217;inchiesta sulle cause dello scoppio della pandemia di SARS-CoV-2 e sulla congruit\u00e0 delle misure adottate dagli Stati e dall&#8217;OMS per evitarne la propagazione nel mondo.<\/span> There <b>Finances<\/b> will examine the communication from the European Commission to the European Parliament, the European Council and the Council &quot;Towards a more efficient and democratic decision-making in EU tax policy&quot;. There <b>Culture<\/b> esaminer\u00e0, in sede di comitato ristretto, le proposte di legge per il reclutamento e lo stato giuridico dei ricercatori universitari e degli Enti di ricerca, nonch\u00e9 di dottorato e assegni di ricerca. La <b>Transportation<\/b> esaminer\u00e0 le proposte sulla continuit\u00e0 territoriale con la Sardegna e la risoluzione sui canoni per le concessioni aeroportuali, e ascolter\u00e0 il professor Sergio Prete nell&#8217;ambito dell&#8217;esame della proposta di nomina a presidente dell&#8217;Autorit\u00e0 di sistema portuale del Mar Ionio.<\/p>\n<p>There <b>Productive activities<\/b> esaminer\u00e0 lo schema di decreto ministeriale sulle modalit\u00e0 e i criteri per un ingresso consapevole dei clienti finali nel mercato dell&#8217;energia e lo schema di decreto legislativo sulle misure volte a garantire la sicurezza dell&#8217;approvvigionamento di gas. Con la <b>Finances<\/b> si confronter\u00e0 sullo schema di decreto ministeriale sui requisiti di accesso, condizioni, criteri e modalit\u00e0 degli interventi del Patrimonio Destinato. La <b>Work<\/b> will examine the pdl on the provisions on work, employment and increased productivity and the resolutions on social protection systems for workers. There <b>Agriculture<\/b> discussions will continue on the draft legislative decree for the production and marketing of propagating material and fruit plants and vegetables, the draft legislative decree for the protection of plants from harmful organisms, the draft legislative decree for the production for marketing and marketing of seed products and the draft legislative decree for the production and marketing of propagating material for vines.<\/p>\n<\/section>","protected":false},"excerpt":{"rendered":"<p>La Giornata Parlamentare del 22 dicembre 2020 Fonte NOMOS &#8211; 22 DICEMBRE 2020 Conte apre sulla governance del Recovery e punta alle Camere; Iv a un bivio La riapertura del dossier Recovery Plan a partire dai suoi contenuti, la creazione di un gruppo di lavoro ad hoc di maggioranza, l&#8217;approdo finale in Parlamento: con queste &hellip;<\/p>","protected":false},"author":4,"featured_media":54358,"comment_status":"closed","ping_status":"closed","sticky":false,"template":"","format":"standard","meta":{"footnotes":""},"categories":[1],"tags":[161],"class_list":["post-55239","post","type-post","status-publish","format-standard","has-post-thumbnail","hentry","category-notizie","tag-nomos"],"amp_enabled":true,"_links":{"self":[{"href":"https:\/\/www.fedaiisf.it\/en\/wp-json\/wp\/v2\/posts\/55239","targetHints":{"allow":["GET"]}}],"collection":[{"href":"https:\/\/www.fedaiisf.it\/en\/wp-json\/wp\/v2\/posts"}],"about":[{"href":"https:\/\/www.fedaiisf.it\/en\/wp-json\/wp\/v2\/types\/post"}],"author":[{"embeddable":true,"href":"https:\/\/www.fedaiisf.it\/en\/wp-json\/wp\/v2\/users\/4"}],"replies":[{"embeddable":true,"href":"https:\/\/www.fedaiisf.it\/en\/wp-json\/wp\/v2\/comments?post=55239"}],"version-history":[{"count":0,"href":"https:\/\/www.fedaiisf.it\/en\/wp-json\/wp\/v2\/posts\/55239\/revisions"}],"wp:featuredmedia":[{"embeddable":true,"href":"https:\/\/www.fedaiisf.it\/en\/wp-json\/wp\/v2\/media\/54358"}],"wp:attachment":[{"href":"https:\/\/www.fedaiisf.it\/en\/wp-json\/wp\/v2\/media?parent=55239"}],"wp:term":[{"taxonomy":"category","embeddable":true,"href":"https:\/\/www.fedaiisf.it\/en\/wp-json\/wp\/v2\/categories?post=55239"},{"taxonomy":"post_tag","embeddable":true,"href":"https:\/\/www.fedaiisf.it\/en\/wp-json\/wp\/v2\/tags?post=55239"}],"curies":[{"name":"wp","href":"https:\/\/api.w.org\/{rel}","templated":true}]}}