{"id":55502,"date":"2021-01-05T12:27:42","date_gmt":"2021-01-05T11:27:42","guid":{"rendered":"https:\/\/www.fedaiisf.it\/?p=55502"},"modified":"2021-01-07T20:04:41","modified_gmt":"2021-01-07T19:04:41","slug":"isf-operatori-sanitari","status":"publish","type":"post","link":"https:\/\/www.fedaiisf.it\/en\/isf-operatori-sanitari\/","title":{"rendered":"ISF healthcare workers?"},"content":{"rendered":"<p>In questi giorni ci giungono molte domande che ci chiedono se \u00e8 vero che gli ISF sono ormai considerati \u201cOperatori Sanitari\u201d?<\/p>\n<p>Facciamo una breve storia di come siamo giunti a questa affermazione.<\/p>\n<p><a href=\"https:\/\/www.fedaiisf.it\/wp-content\/uploads\/2021\/01\/Preparazione-vaccini-Covid-19.jpeg\"><img loading=\"lazy\" decoding=\"async\" class=\"wp-image-55477 alignright\" src=\"https:\/\/www.fedaiisf.it\/wp-content\/uploads\/2021\/01\/Preparazione-vaccini-Covid-19.jpeg\" alt=\"\" width=\"438\" height=\"243\" srcset=\"https:\/\/www.fedaiisf.it\/wp-content\/uploads\/2021\/01\/Preparazione-vaccini-Covid-19.jpeg 620w, https:\/\/www.fedaiisf.it\/wp-content\/uploads\/2021\/01\/Preparazione-vaccini-Covid-19-300x166.jpeg 300w\" sizes=\"auto, (max-width: 438px) 100vw, 438px\" \/><\/a>Ha iniziato la Basilicata quando la sezione locale Fedaiisf ci ha comunicato che, grazie al loro intervento, il 24 dicembre scorso ha preso il via la campagna di screening per gli informatori scientifici del farmaco della Basilicata, frutto degli incontri fra Fedaiisf Basilicata e il Dipartimento Politiche della Persona della Regione Basilicata: \u201cLa sicurezza di questi professionisti (ISF) \u00e8 fondamentale per la sicurezza delle persone e delle strutture presso cui svolgono la propria attivit\u00e0\u201d.<\/p>\n<p>Poi \u00e8 circolata sulle varie chat whatsapp una bozza della regione Campania sul piano vaccini che la regione stessa intende adottare. Al punto 7 di questa bozza erano inseriti anche gli ISF. Ma questa era una bozza che proprio per questo abbiamo deciso di non pubblicare, fra l\u2019altro la sua pubblicazione avrebbe potuto anche danneggiare la categoria. Poi \u00e8 girata sulle varie chat una lettera del Direttore Generale dell\u2019ASL 3 Napoli Sud ai responsabili di unit\u00e0 complesse e direttori di Presidio sull\u2019attuazione del piano regionale vaccinazione in cui gli ISF erano inseriti al punto 7. Questa lettera non era pubblica e non l\u2019abbiamo pubblicata proprio per questo. Sul sito della Regione Campania non \u00e8 ancora apparso alcun piano vaccinazioni per cui non vogliamo certo dare patenti di ufficialit\u00e0 a cose che ancora non l\u2019hanno. Quando questi documenti diventano pubblici, ossia fruibile da tutti, lo riferiremo puntualmente e sar\u00e0 una notizia verificata e certificata.<\/p>\n<p>Da queste circostanze c\u2019\u00e8 chi ha concluso che gli ISF sono \u201cOperatori Sanitari\u201d.<\/p>\n<p><a href=\"https:\/\/www.fedaiisf.it\/wp-content\/uploads\/2021\/01\/Vaccinazione-operatore-sanitario.jpg\"><img loading=\"lazy\" decoding=\"async\" class=\"wp-image-55506 alignleft\" src=\"https:\/\/www.fedaiisf.it\/wp-content\/uploads\/2021\/01\/Vaccinazione-operatore-sanitario.jpg\" alt=\"\" width=\"439\" height=\"246\" srcset=\"https:\/\/www.fedaiisf.it\/wp-content\/uploads\/2021\/01\/Vaccinazione-operatore-sanitario.jpg 621w, https:\/\/www.fedaiisf.it\/wp-content\/uploads\/2021\/01\/Vaccinazione-operatore-sanitario-300x168.jpg 300w, https:\/\/www.fedaiisf.it\/wp-content\/uploads\/2021\/01\/Vaccinazione-operatore-sanitario-390x220.jpg 390w\" sizes=\"auto, (max-width: 439px) 100vw, 439px\" \/><\/a>In the\u00a0<a href=\"https:\/\/info.vaccinicovid.gov.it\/docs\/Piano_strategico_vaccini.pdf\" target=\"_blank\" rel=\"noopener\">Piano Strategico Nazionale per la Vaccinazione<\/a>\u00a0anti Covid-19 si indicano le categorie a rischio che dovrebbero essere vaccinate con priorit\u00e0. Oltre alle categorie note (medici, infermieri, RSA, anziani, ecc.) il Piano specifica: &#8220;<span style=\"color: #000000;\"><em>Nel corso dell&#8217;epidemia si potr\u00e0 attuare una strategia di tipo adattativo, <u>qualora venissero identificate <strong>particolari categorie a rischio<\/strong><\/u> o gruppi di popolazione in grado di sostenere la trasmissione dell&#8217;infezione nella comunit\u00e0, o nel caso in cui si sviluppassero focolai epidemici rilevanti in specifiche aree del Paese, destinando eventuali scorte di vaccino a strategie vaccinali di tipo &#8220;reattivo&#8221; (reactive vaccination)<\/em><\/span>&#8220;.<\/p>\n<p>Ora, visto che le stesse Strutture Sanitarie hanno considerato gli ISF a rischio con provvedimenti fortemente restrittivi della loro attivit\u00e0, \u00e8 consequenziale e logico inserirli fra le categorie con una certa priorit\u00e0 vaccinale, come ha fatto, finora, la regione Basilicata e la Campania.<\/p>\n<p>Per quanto ne sappiamo \u00e8 ancora allo studio il come applicare le disposizioni vaccinali. Probabilmente le aziende dovranno inviare l&#8217;elenco aggiornato dei loro ISF e le rispettive residenze. Vedremo.<\/p>\n<p>Da questo per\u00f2 a dire che gli ISF sono \u201cOperatori Sanitari\u201d ce ne passa. <span style=\"color: #000000;\"><u>Il Piano strategico Nazionale per la Vaccinazione <strong>non parla di ISF<\/strong><\/u><\/span>, <span style=\"color: #000000;\">ma di categorie a rischio<\/span>, come gli addetti alla pulizia o alle cucine degli ospedali, senza con ci\u00f2 considerare i cuochi operatori sanitari. Cos\u00ec gli ISF devono essere considerati facenti parte di una categoria a rischio, visto che proprio le strutture sanitarie cos\u00ec li hanno considerati dall\u2019inizio della pandemia.<\/p>\n<p>\u00c8 negli obiettivo Fedaiisf far s\u00ec che gli ISF rientrino fra gli operatori sanitari, ma non \u00e8 questo delle priorit\u00e0 vaccinali un riconoscimento di questo tipo.<\/p>\n<p><a href=\"https:\/\/www.fedaiisf.it\/wp-content\/uploads\/2021\/01\/Vaccinazione-copertura-popolazione.jpeg\"><img loading=\"lazy\" decoding=\"async\" class=\"size-full wp-image-55505 aligncenter\" src=\"https:\/\/www.fedaiisf.it\/wp-content\/uploads\/2021\/01\/Vaccinazione-copertura-popolazione.jpeg\" alt=\"\" width=\"980\" height=\"659\" srcset=\"https:\/\/www.fedaiisf.it\/wp-content\/uploads\/2021\/01\/Vaccinazione-copertura-popolazione.jpeg 980w, https:\/\/www.fedaiisf.it\/wp-content\/uploads\/2021\/01\/Vaccinazione-copertura-popolazione-300x202.jpeg 300w, https:\/\/www.fedaiisf.it\/wp-content\/uploads\/2021\/01\/Vaccinazione-copertura-popolazione-768x516.jpeg 768w\" sizes=\"auto, (max-width: 980px) 100vw, 980px\" \/><\/a><\/p>","protected":false},"excerpt":{"rendered":"<p>In questi giorni ci giungono molte domande che ci chiedono se \u00e8 vero che gli ISF sono ormai considerati \u201cOperatori Sanitari\u201d? Facciamo una breve storia di come siamo giunti a questa affermazione. Ha iniziato la Basilicata quando la sezione locale Fedaiisf ci ha comunicato che, grazie al loro intervento, il 24 dicembre scorso ha preso &hellip;<\/p>","protected":false},"author":4,"featured_media":55504,"comment_status":"closed","ping_status":"closed","sticky":false,"template":"","format":"standard","meta":{"footnotes":""},"categories":[58,1],"tags":[21,39],"class_list":["post-55502","post","type-post","status-publish","format-standard","has-post-thumbnail","hentry","category-in-evidenza","category-notizie","tag-informatori-scientifici","tag-vaccini"],"amp_enabled":true,"_links":{"self":[{"href":"https:\/\/www.fedaiisf.it\/en\/wp-json\/wp\/v2\/posts\/55502","targetHints":{"allow":["GET"]}}],"collection":[{"href":"https:\/\/www.fedaiisf.it\/en\/wp-json\/wp\/v2\/posts"}],"about":[{"href":"https:\/\/www.fedaiisf.it\/en\/wp-json\/wp\/v2\/types\/post"}],"author":[{"embeddable":true,"href":"https:\/\/www.fedaiisf.it\/en\/wp-json\/wp\/v2\/users\/4"}],"replies":[{"embeddable":true,"href":"https:\/\/www.fedaiisf.it\/en\/wp-json\/wp\/v2\/comments?post=55502"}],"version-history":[{"count":0,"href":"https:\/\/www.fedaiisf.it\/en\/wp-json\/wp\/v2\/posts\/55502\/revisions"}],"wp:featuredmedia":[{"embeddable":true,"href":"https:\/\/www.fedaiisf.it\/en\/wp-json\/wp\/v2\/media\/55504"}],"wp:attachment":[{"href":"https:\/\/www.fedaiisf.it\/en\/wp-json\/wp\/v2\/media?parent=55502"}],"wp:term":[{"taxonomy":"category","embeddable":true,"href":"https:\/\/www.fedaiisf.it\/en\/wp-json\/wp\/v2\/categories?post=55502"},{"taxonomy":"post_tag","embeddable":true,"href":"https:\/\/www.fedaiisf.it\/en\/wp-json\/wp\/v2\/tags?post=55502"}],"curies":[{"name":"wp","href":"https:\/\/api.w.org\/{rel}","templated":true}]}}