{"id":55510,"date":"2021-01-05T09:08:16","date_gmt":"2021-01-05T08:08:16","guid":{"rendered":"https:\/\/www.fedaiisf.it\/?p=55510"},"modified":"2021-01-05T13:10:44","modified_gmt":"2021-01-05T12:10:44","slug":"55510-2","status":"publish","type":"post","link":"https:\/\/www.fedaiisf.it\/en\/55510-2\/","title":{"rendered":"Enasarco. Press release \u201cFare presto\u201d and \u201cArt\u00e9nasarco\u201d"},"content":{"rendered":"<p><a href=\"https:\/\/www.fedaiisf.it\/wp-content\/uploads\/2021\/01\/Nota-Stampa-Fiarc-Enasarco.jpeg\"><img loading=\"lazy\" decoding=\"async\" class=\"alignnone size-large wp-image-55511\" src=\"https:\/\/www.fedaiisf.it\/wp-content\/uploads\/2021\/01\/Nota-Stampa-Fiarc-Enasarco-1024x543.jpeg\" alt=\"\" width=\"1024\" height=\"543\" srcset=\"https:\/\/www.fedaiisf.it\/wp-content\/uploads\/2021\/01\/Nota-Stampa-Fiarc-Enasarco-1024x543.jpeg 1024w, https:\/\/www.fedaiisf.it\/wp-content\/uploads\/2021\/01\/Nota-Stampa-Fiarc-Enasarco-300x159.jpeg 300w, https:\/\/www.fedaiisf.it\/wp-content\/uploads\/2021\/01\/Nota-Stampa-Fiarc-Enasarco-768x407.jpeg 768w, https:\/\/www.fedaiisf.it\/wp-content\/uploads\/2021\/01\/Nota-Stampa-Fiarc-Enasarco.jpeg 1113w\" sizes=\"auto, (max-width: 1024px) 100vw, 1024px\" \/><\/a><\/p>\n<p>&#8220;<em>La pagina pi\u00f9 arrogante vissuta da Enasarco, nella sua gloriosa storia<\/em>&#8220;, questo rendono noto le liste &#8220;<strong>Fare Presto!&#8221; e &#8220;Art\u00e9nasarco&#8221;<\/strong> &#8211; unite in coalizione &#8211; sostenute da <strong>Confesercenti, Anasf, Assopam, Federagenti e Fiarc<\/strong>, in relazione alle vicende che oggi, luned\u00ec 4 gennaio 2021, hanno portato all&#8217;elezione di presidente e vicepresidenti della Fondazione, in occasione della prima riunione del nuovo CdA: &#8220;<em>Una elezione che non riteniamo legittima e per la quale ricorreremo in ogni sede, al fine di ripristinare la legittimit\u00e0 e la democrazia che riteniamo lesa e che la nostra Cassa Previdenziale esige<\/em>&#8220;.<\/p>\n<p>I fatti. Oggi si \u00e8 riunito per la prima volta il CdA Enasarco, costituitosi a seguito delle elezioni dell&#8217;ottobre scorso e che, dopo l&#8217;Assemblea dei Delegati del 23 dicembre e le discusse decisioni assunte dalla Commissione Elettorale della Fondazione cinque giorni pi\u00f9 tardi, ha dato alla governance uscente la maggioranza dei Consiglieri: 8 su 15. Sette, invece, i Consiglieri in quota Fare Presto \u2013<\/p>\n<p>Art\u00e9nasarco, che pure avevano ottenuto la met\u00e0 dei Consiglieri Lato Agenti (5 su 10) tra cui il reggino <strong>Nino<\/strong> <strong>Marcian\u00f2 <\/strong>\u00a0(riconfermato) e la maggioranza dei voti Lato Casa Mandante al termine delle elezioni: 50,96% il risultato della somma complessiva dei voti ottenuti da Fare Presto! e Art\u00e9nasarco. Un Consiglio di Amministrazione che si \u00e8 svolto al netto della &#8220;<em>diffida a procedere alla costituzione e alle attivit\u00e0 consiliari, presentata dalla nostra coalizione<\/em>&#8221; perch\u00e9 &#8220;<em>in assenza della dichiarazione di accettazione dell\u2019incarico e della conseguente individuazione di tutti i Consiglieri, non si pu\u00f2 ritenere correttamente convocato e costituito<\/em>&#8220;; CdA che si \u00e8 in effetti svolto alla sola presenza di 14 Consiglieri e che quindi &#8220;<em>non \u00e8 da considerarsi legittimato ad assumere alcuna decisione<\/em>&#8220;.<\/p>\n<p>Al netto di ci\u00f2 il CdA di oggi ha eletto a maggioranza (8 vs 6) il segretario generale Usarci Antonello Marzolla quale presidente Enasarco e i dirigenti di Confapi e Confindustria, Leonardo Catarci ed Emanuele Orsini, suoi vice: &#8220;<em>Usarci aveva presentato un programma che prometteva di portare gli agenti alla guida di Enasarco, invece ha portato in CdA, tra gli altri, il proprio segretario generale, ovvero un sindacalista che siede nel CdA della Fondazione da circa 20 anni, un sindacalista UGL e un sindacalista CISL, cosa quantomeno bizzarra. Ma noi non ci stiamo. Al netto delle varie azioni compiute in Assemblea, in Commissione Elettorale e oggi in CdA, i cui eventuali responsabili risponderanno alle autorit\u00e0 competenti, noi, con la forza della verit\u00e0 e della giustizia, con il sostegno degli iscritti e la certezza della bont\u00e0 del nostro programma e delle persone che lo sostengono, combatteremo in ogni sede per ridare dignit\u00e0 alla Fondazione Enasarco, che oggi ha vissuto una delle pagine pi\u00f9 arroganti della sua storia<\/em>&#8220;.<\/p>\n<p><strong><em>04.01.2021<\/em><\/strong><\/p>\n<p style=\"text-align: center;\"><strong><em>www.fiarcweb.it<\/em><\/strong><\/p>\n<p style=\"text-align: center;\"><strong><em>e-mail: <\/em><\/strong><a href=\"mailto:info@fiarcweb.it\"><strong><em>info@fiarcweb.it<\/em><\/strong><\/a><\/p>\n<p>&nbsp;<\/p>","protected":false},"excerpt":{"rendered":"<p>&#8220;La pagina pi\u00f9 arrogante vissuta da Enasarco, nella sua gloriosa storia&#8220;, questo rendono noto le liste &#8220;Fare Presto!&#8221; e &#8220;Art\u00e9nasarco&#8221; &#8211; unite in coalizione &#8211; sostenute da Confesercenti, Anasf, Assopam, Federagenti e Fiarc, in relazione alle vicende che oggi, luned\u00ec 4 gennaio 2021, hanno portato all&#8217;elezione di presidente e vicepresidenti della Fondazione, in occasione della &hellip;<\/p>","protected":false},"author":4,"featured_media":27382,"comment_status":"closed","ping_status":"closed","sticky":false,"template":"","format":"standard","meta":{"footnotes":""},"categories":[1],"tags":[44],"class_list":["post-55510","post","type-post","status-publish","format-standard","has-post-thumbnail","hentry","category-notizie","tag-sindacati"],"amp_enabled":true,"_links":{"self":[{"href":"https:\/\/www.fedaiisf.it\/en\/wp-json\/wp\/v2\/posts\/55510","targetHints":{"allow":["GET"]}}],"collection":[{"href":"https:\/\/www.fedaiisf.it\/en\/wp-json\/wp\/v2\/posts"}],"about":[{"href":"https:\/\/www.fedaiisf.it\/en\/wp-json\/wp\/v2\/types\/post"}],"author":[{"embeddable":true,"href":"https:\/\/www.fedaiisf.it\/en\/wp-json\/wp\/v2\/users\/4"}],"replies":[{"embeddable":true,"href":"https:\/\/www.fedaiisf.it\/en\/wp-json\/wp\/v2\/comments?post=55510"}],"version-history":[{"count":0,"href":"https:\/\/www.fedaiisf.it\/en\/wp-json\/wp\/v2\/posts\/55510\/revisions"}],"wp:featuredmedia":[{"embeddable":true,"href":"https:\/\/www.fedaiisf.it\/en\/wp-json\/wp\/v2\/media\/27382"}],"wp:attachment":[{"href":"https:\/\/www.fedaiisf.it\/en\/wp-json\/wp\/v2\/media?parent=55510"}],"wp:term":[{"taxonomy":"category","embeddable":true,"href":"https:\/\/www.fedaiisf.it\/en\/wp-json\/wp\/v2\/categories?post=55510"},{"taxonomy":"post_tag","embeddable":true,"href":"https:\/\/www.fedaiisf.it\/en\/wp-json\/wp\/v2\/tags?post=55510"}],"curies":[{"name":"wp","href":"https:\/\/api.w.org\/{rel}","templated":true}]}}