{"id":55547,"date":"2021-01-08T01:48:20","date_gmt":"2021-01-08T00:48:20","guid":{"rendered":"https:\/\/www.fedaiisf.it\/?p=55547"},"modified":"2021-01-07T20:00:23","modified_gmt":"2021-01-07T19:00:23","slug":"umbria-fora-sollecita-anche-linserimento-in-fascia-1-del-piano-di-vaccinazione-degli-informatori-scientifici-del-farmaco","status":"publish","type":"post","link":"https:\/\/www.fedaiisf.it\/en\/umbria-fora-sollecita-anche-linserimento-in-fascia-1-del-piano-di-vaccinazione-degli-informatori-scientifici-del-farmaco\/","title":{"rendered":"Umbria. Regional Councilor Fora also urges &quot;the inclusion in band 1 of the vaccination plan of scientific representatives of the drug&quot;"},"content":{"rendered":"<h1 class=\"article-title\"><a title=\"Covid: \u201cQuali tempi per vaccinare farmacisti, odontoiatri e medici a partita Iva?\u201d - Fora (Patto Civico) annuncia interrogazione\" href=\"http:\/\/umbrianotizieweb.it\/politica\/28634-covid-quali-tempi-per-vaccinare-farmacisti-odontoiatri-e-medici-a-partita-iva-fora-patto-civico-annuncia-interrogazione\" target=\"_blank\" rel=\"noopener\">Covid: \u201cQuali tempi per vaccinare farmacisti, odontoiatri e medici a partita Iva?\u201d &#8211; Fora (Patto Civico) annuncia interrogazione<\/a><\/h1>\n<div class=\"field-anteprima\">\n<p><a href=\"https:\/\/www.fedaiisf.it\/wp-content\/uploads\/2021\/01\/Andrea-Fora-Consigliere-Umbria-678x381-1.jpg\"><img loading=\"lazy\" decoding=\"async\" class=\"wp-image-55548 alignright\" src=\"https:\/\/www.fedaiisf.it\/wp-content\/uploads\/2021\/01\/Andrea-Fora-Consigliere-Umbria-678x381-1.jpg\" alt=\"\" width=\"367\" height=\"206\" srcset=\"https:\/\/www.fedaiisf.it\/wp-content\/uploads\/2021\/01\/Andrea-Fora-Consigliere-Umbria-678x381-1.jpg 678w, https:\/\/www.fedaiisf.it\/wp-content\/uploads\/2021\/01\/Andrea-Fora-Consigliere-Umbria-678x381-1-300x169.jpg 300w, https:\/\/www.fedaiisf.it\/wp-content\/uploads\/2021\/01\/Andrea-Fora-Consigliere-Umbria-678x381-1-390x220.jpg 390w\" sizes=\"auto, (max-width: 367px) 100vw, 367px\" \/><\/a>Il consigliere regionale Andrea Fora (Patto civico) annuncia la presentazione di una interrogazione per \u201cconoscere quali sono i tempi attivazione della linea di intervento vaccinale per farmacisti, odontoiatri e medici a partita Iva\u201d. <strong><span style=\"color: #000000;\">Fora sollecita anche \u201cl\u2019inserimento in fascia 1 del piano di vaccinazione degli informatori scientifici del farmaco<\/span><\/strong>\u201d e chiede \u201cuna corsia preferenziale per il personale degli ambulatori medici\u201d.<\/p>\n<p><a href=\"http:\/\/umbrianotizieweb.it\/politica\/28634-covid-quali-tempi-per-vaccinare-farmacisti-odontoiatri-e-medici-a-partita-iva-fora-patto-civico-annuncia-interrogazione\" target=\"_blank\" rel=\"noopener\">Umbria Notizie &#8211; 7 gennaio 2021<\/a><\/p>\n<p>(UNWEB) Perugia,Conoscere quali sono i tempi attivazione della linea di intervento vaccinale per farmacisti, odontoiatri e medici a partita Iva\u201d. \u00c8 quanto chiede alla Giunta il consigliere regionale Andrea Fora (Patto civico) che annuncia la presentazione di una interrogazione in merito eIl\u00a0. Inoltre Fora chiede di \u201cindividuare una corsia preferenziale e prioritaria anche per il personale amministrativo e di segreteria che opera negli ambulatori medici, sia esso dipendente diretto che di cooperative\u201d.<\/p>\n<\/div>\n<p>\u201cLe maggiori organizzazioni di rappresentanza dei medici di medicina generale \u2013 ricorda Fora &#8211; hanno gi\u00e0 richiesto dallo scorso mese di dicembre di essere vaccinati in via prioritaria per la particolarit\u00e0 della loro professione. Il 5 gennaio il vice commissario all\u2019emergenza Covid, Massimo D\u2019Angelo, in una nota stampa ha affermato che \u2018la Regione nel momento in cui acquisir\u00e0 maggiori dosi vorr\u00e0 promuover\u00e0 un\u2019ulteriore linea di intervento vaccinale sui farmacisti, sugli odontoiatri e sui medici a partita iva, sulla base della valutazione del rischio in modo da garantire la vaccinazione sulla base di priorit\u00e0\u2019\u201d.<\/p>\n<p>\u201c\u00c8 di tutta evidenza \u2013 prosegue Fora &#8211; che <span style=\"color: #000000;\">occorre in brevissimo tempo sottoporre a vaccinazione tutto il personale e le professioni che ruotano attorno alla sanit\u00e0 e a contatto diretto con i cittadini. Anche negli ambulatori medici dove fra gennaio e marzo anche per le patologie stagionali, pur nel rispetto di tutte le normative e procedure di sicurezza legate al Covid, sosterranno un numero di cittadini e pazienti sempre maggiore. Per questo<\/span> <strong><span style=\"color: #000000;\">occorre includere fra i soggetti da vaccinare in via prioritaria gli informatori scientifici del farmaco, che alcune Regioni come ad esempio la Basilicata e la Campania hanno gi\u00e0 assimilato ad operatori, ma anche il personale sanitario<\/span><\/strong>\u201d.<\/p>\n<p>Related news: <a href=\"https:\/\/www.fedaiisf.it\/wp-content\/uploads\/2021\/01\/Allegato1-PIANO-VACCINAZIONE-COVID-19-UMbria.pdf\" target=\"_blank\" rel=\"noopener\">Allegato1) PIANO VACCINAZIONE COVID-19 UMbria<\/a><\/p>\n<p><a href=\"https:\/\/www.fedaiisf.it\/wp-content\/uploads\/2021\/01\/Allegato-B-DITTE-ESTERNE-SSR.docx\" target=\"_blank\" rel=\"noopener\">Allegato B &#8211; DITTE ESTERNE SSR<\/a><\/p>","protected":false},"excerpt":{"rendered":"<p>Covid: \u201cQuali tempi per vaccinare farmacisti, odontoiatri e medici a partita Iva?\u201d &#8211; Fora (Patto Civico) annuncia interrogazione Il consigliere regionale Andrea Fora (Patto civico) annuncia la presentazione di una interrogazione per \u201cconoscere quali sono i tempi attivazione della linea di intervento vaccinale per farmacisti, odontoiatri e medici a partita Iva\u201d. Fora sollecita anche \u201cl\u2019inserimento &hellip;<\/p>","protected":false},"author":4,"featured_media":55550,"comment_status":"closed","ping_status":"closed","sticky":false,"template":"","format":"standard","meta":{"footnotes":""},"categories":[1],"tags":[154,39],"class_list":["post-55547","post","type-post","status-publish","format-standard","has-post-thumbnail","hentry","category-notizie","tag-regolamentazione-isf","tag-vaccini"],"amp_enabled":true,"_links":{"self":[{"href":"https:\/\/www.fedaiisf.it\/en\/wp-json\/wp\/v2\/posts\/55547","targetHints":{"allow":["GET"]}}],"collection":[{"href":"https:\/\/www.fedaiisf.it\/en\/wp-json\/wp\/v2\/posts"}],"about":[{"href":"https:\/\/www.fedaiisf.it\/en\/wp-json\/wp\/v2\/types\/post"}],"author":[{"embeddable":true,"href":"https:\/\/www.fedaiisf.it\/en\/wp-json\/wp\/v2\/users\/4"}],"replies":[{"embeddable":true,"href":"https:\/\/www.fedaiisf.it\/en\/wp-json\/wp\/v2\/comments?post=55547"}],"version-history":[{"count":0,"href":"https:\/\/www.fedaiisf.it\/en\/wp-json\/wp\/v2\/posts\/55547\/revisions"}],"wp:featuredmedia":[{"embeddable":true,"href":"https:\/\/www.fedaiisf.it\/en\/wp-json\/wp\/v2\/media\/55550"}],"wp:attachment":[{"href":"https:\/\/www.fedaiisf.it\/en\/wp-json\/wp\/v2\/media?parent=55547"}],"wp:term":[{"taxonomy":"category","embeddable":true,"href":"https:\/\/www.fedaiisf.it\/en\/wp-json\/wp\/v2\/categories?post=55547"},{"taxonomy":"post_tag","embeddable":true,"href":"https:\/\/www.fedaiisf.it\/en\/wp-json\/wp\/v2\/tags?post=55547"}],"curies":[{"name":"wp","href":"https:\/\/api.w.org\/{rel}","templated":true}]}}