{"id":55653,"date":"2021-01-11T11:17:50","date_gmt":"2021-01-11T10:17:50","guid":{"rendered":"https:\/\/www.fedaiisf.it\/?p=55653"},"modified":"2021-01-11T19:25:25","modified_gmt":"2021-01-11T18:25:25","slug":"piemonte-gli-informatori-inseriti","status":"publish","type":"post","link":"https:\/\/www.fedaiisf.it\/en\/piemonte-gli-informatori-inseriti\/","title":{"rendered":"Piemonte. Gli informatori inseriti nella prima fase di vaccinazioni anti covid-19"},"content":{"rendered":"<p><em>Il giorno 9 gennaio 2021, il commissario area giuridica unita crisi della regione Piemonte ha scritto:<\/em><\/p>\n<p>Si comunica, a tutte le DG delle ASR\u00a0 e AOU e AO, l&#8217;elenco qui di seguito esplicitato che <span style=\"color: #000000;\">estende la vaccinazione in questa prima fase oltre al personale gi\u00e0 individuato, ad altre figure<\/span>, pur sempre in ottemperanza alla normativa di riferimento e in coerenza con il Piano Vaccini Arcuri (del 17.11.2020)<\/p>\n<p>Profile:<\/p>\n<p>MMG, PLS, Guardia Medica, Sumaisti, Medici, infermieri, veterinari, biologi, odontoiatri ,chimici, fisici, personale tecnico sanitario, farmacisti,\u00a0 personale tecnico, psicologi, studenti universitari, personale con funzioni riabilitative (ad. es. fisioterapisti, da educatori professionali, logopedisti, etc), personale amministrativo e dirigenziale, personale di vigilanza ed ispezione, personale alberghiero, personale di trasporto e manutenzione,<span style=\"text-decoration: underline;\"><strong><span style=\"color: #000000; text-decoration: underline;\"> pharmaceutical informants<\/span><\/strong><\/span>, personale volontario, inquadrati a qualunque titolo (det\/indeterminato, libero professionale, borsisti, contratto di ricerca, volontariato) che operano presso le seguenti strutture:<\/p>\n<p>ASL, AO, AOU, IRCSS, Strutture sanitarie e sociosanitarie, enti di ricerca in ambito medico o sanitario pubbliche e private (accreditate, convenzionate, autorizzate), compresi ambulatori, laboratori analisi, farmacie territoriali, associazioni e strutture socio-assistenziali, ARPA.<\/p>\n<p>Inoltre, si chiarisce che la squadra vaccinale destinata alla inoculazione deve essere composta come di seguito specificato:<\/p>\n<p>1 Medico, da 1-4 infermieri, da 1-2 amministrativi, da 1-2 OSS.<\/p>\n<p>Il numero degli amministrativi e degli OSS \u00e8 proporzionale rispetto al numero di infermieri. (6\u00a0 infermieri 3 amministrativi e 3 OSS etc.)<\/p>\n<p>Il numero del personale medico \u00e8 calcolato rispetto all&#8217;effettiva supervisione dell&#8217;attivit\u00e0 vaccinale, al fine di poter garantire una tempestiva assistenza, tenuto anche conto del contesto logistico-strutturale in cui la suddetta attivit\u00e0 viene svolta.<\/p>\n<p>Si ricorda che il Consenso informato alla vaccinazione deve essere firmato da n. 2 medici quindi, qualora la squadra vaccinale debba somministrare il consenso informato, il numero dei medici deve essere necessariamente di due unit\u00e0-<\/p>\n<p>Si ribadisce che le vaccinazioni devono essere effettuate 7 giorni su 7 negli orari concordati.<\/p>\n<p>Si deve altres\u00ec assicurare un numero telefonico di pronta reperibilit\u00e0 cui il vaccinato possa rivolgersi qualora le reazioni subentrino nelle ore successive al periodo di osservazione in situ.<\/p>\n<p>Best regards<\/p>\n<p>Antonio Rinaudo<\/p>\n<p>Coordinatore Generale\/Commissario per piano vaccinale Covid-19<\/p>\n<p>Area Giuridico &#8211; Amministrativa<\/p>\n<p>Unit\u00e0 di Crisi per l&#8217;Emergenza Covid-19<\/p>\n<p>Via Silvio Pellico, 19 10125 Torino<\/p>\n<p>Tel. 011.6540439<\/p>\n<hr \/>\n<p>Cari colleghi con piacere vi comunichiamo che abbiamo ottenuto in Regione Piemonte l&#8217;accesso prioritario come ISF alla vaccinazione in quanto riconosciuti tra le categorie maggiormente esposte visto il lavoro che facciamo.<br \/>\n\u00c8 un traguardo importante perch\u00e9 ci fa finalmente emergere dalla trasparenza ed \u00e8 un primo passo per ulteriori riconoscimenti e considerazioni.<br \/>\nIn pochi mesi grazie al contributo di molti colleghi dell&#8217;associazione ci siamo fatti conoscere in Regione. Abbiamo ancora tanto da fare ma abbiamo bisogno pi\u00f9 che mai di essere il pi\u00f9 rappresentativi possibili perch\u00e9 da soli non si va da nessuna parte.<br \/>\nCoordinamento Regionale Fedaiisf<\/p>\n<p>Note: <em>Ci giunge notizia che a Mondov\u00ec alcuni ISF sono gi\u00e0 stati vaccinati, chiamati in sostituzione di chi, pur avendo un accesso prioritario, non si \u00e8 presentato.<\/em><\/p>\n<p>&nbsp;<\/p>","protected":false},"excerpt":{"rendered":"<p>Il giorno 9 gennaio 2021, il commissario area giuridica unita crisi della regione Piemonte ha scritto: Si comunica, a tutte le DG delle ASR\u00a0 e AOU e AO, l&#8217;elenco qui di seguito esplicitato che estende la vaccinazione in questa prima fase oltre al personale gi\u00e0 individuato, ad altre figure, pur sempre in ottemperanza alla normativa &hellip;<\/p>","protected":false},"author":4,"featured_media":55654,"comment_status":"closed","ping_status":"closed","sticky":false,"template":"","format":"standard","meta":{"footnotes":""},"categories":[16],"tags":[45,21,154],"class_list":["post-55653","post","type-post","status-publish","format-standard","has-post-thumbnail","hentry","category-primo-piano","tag-fedaiisf","tag-informatori-scientifici","tag-regolamentazione-isf"],"amp_enabled":true,"_links":{"self":[{"href":"https:\/\/www.fedaiisf.it\/en\/wp-json\/wp\/v2\/posts\/55653","targetHints":{"allow":["GET"]}}],"collection":[{"href":"https:\/\/www.fedaiisf.it\/en\/wp-json\/wp\/v2\/posts"}],"about":[{"href":"https:\/\/www.fedaiisf.it\/en\/wp-json\/wp\/v2\/types\/post"}],"author":[{"embeddable":true,"href":"https:\/\/www.fedaiisf.it\/en\/wp-json\/wp\/v2\/users\/4"}],"replies":[{"embeddable":true,"href":"https:\/\/www.fedaiisf.it\/en\/wp-json\/wp\/v2\/comments?post=55653"}],"version-history":[{"count":0,"href":"https:\/\/www.fedaiisf.it\/en\/wp-json\/wp\/v2\/posts\/55653\/revisions"}],"wp:featuredmedia":[{"embeddable":true,"href":"https:\/\/www.fedaiisf.it\/en\/wp-json\/wp\/v2\/media\/55654"}],"wp:attachment":[{"href":"https:\/\/www.fedaiisf.it\/en\/wp-json\/wp\/v2\/media?parent=55653"}],"wp:term":[{"taxonomy":"category","embeddable":true,"href":"https:\/\/www.fedaiisf.it\/en\/wp-json\/wp\/v2\/categories?post=55653"},{"taxonomy":"post_tag","embeddable":true,"href":"https:\/\/www.fedaiisf.it\/en\/wp-json\/wp\/v2\/tags?post=55653"}],"curies":[{"name":"wp","href":"https:\/\/api.w.org\/{rel}","templated":true}]}}