{"id":55761,"date":"2021-01-12T19:33:25","date_gmt":"2021-01-12T18:33:25","guid":{"rendered":"https:\/\/www.fedaiisf.it\/?p=55761"},"modified":"2021-01-12T19:47:34","modified_gmt":"2021-01-12T18:47:34","slug":"comunicato-uiltec-tutti-i-professionisti-che-svolgono-attivita-nelle-strutture-sanitarie-italiane-dovrebbero-usufruire-di-priorita-vaccinale","status":"publish","type":"post","link":"https:\/\/www.fedaiisf.it\/en\/comunicato-uiltec-tutti-i-professionisti-che-svolgono-attivita-nelle-strutture-sanitarie-italiane-dovrebbero-usufruire-di-priorita-vaccinale\/","title":{"rendered":"UILTEC press release. All professionals, such as the ISF, who carry out activities in Italian health facilities should take advantage of vaccination priority"},"content":{"rendered":"<hr \/>\n<p><a href=\"https:\/\/www.fedaiisf.it\/wp-content\/uploads\/2021\/01\/Comunicato-UILTEC.jpeg\"><img loading=\"lazy\" decoding=\"async\" class=\"size-large wp-image-55764 aligncenter\" src=\"https:\/\/www.fedaiisf.it\/wp-content\/uploads\/2021\/01\/Comunicato-UILTEC-1024x316.jpeg\" alt=\"\" width=\"1024\" height=\"316\" srcset=\"https:\/\/www.fedaiisf.it\/wp-content\/uploads\/2021\/01\/Comunicato-UILTEC-1024x316.jpeg 1024w, https:\/\/www.fedaiisf.it\/wp-content\/uploads\/2021\/01\/Comunicato-UILTEC-300x93.jpeg 300w, https:\/\/www.fedaiisf.it\/wp-content\/uploads\/2021\/01\/Comunicato-UILTEC-768x237.jpeg 768w, https:\/\/www.fedaiisf.it\/wp-content\/uploads\/2021\/01\/Comunicato-UILTEC.jpeg 1150w\" sizes=\"auto, (max-width: 1024px) 100vw, 1024px\" \/><\/a><\/p>\n<p style=\"text-align: justify;\"><span style=\"font-size: 14pt; font-family: arial, helvetica, sans-serif;\">La pandemia COVID 19 ha cambiato in questi mesi per tutti i lavoratori, italiani e non, il proprio modo di lavorare, ponendo tutti noi improvvisamente di fronte a nuove sfide ma anche nuovi rischi. Per talune professionalit\u00e0 per\u00f2, anche nell&#8217;ambito del nostro CCNL, i rischi sono pi\u00f9 elevati, avendo a che fare da vicino e quotidianamente con strutture sanitarie e personale medico o para-medico; tra queste si possono facilmente individuare gli informatori scientifici del farmaco e tutte le altre figure &#8211; tecniche o di field- dipendenti di quelle aziende farmaceutiche che come Organizzazione Sindacale rappresentiamo.<\/span><\/p>\n<p style=\"text-align: justify;\"><span style=\"font-size: 14pt; font-family: arial, helvetica, sans-serif;\">A seguito della decisione di alcune Regioni italiane di includere la figura dell&#8217;informatore scientifico del farmaco nei piani di vaccinazione prioritari, assimilandoli al personale sanitario cui dare priorit\u00e0 nella tutela da possibili contagi COVID-19, come UILTEC abbiamo ritenuto utile nei giorni scorsi intervenire con Farmindustria per verificare la possibilit\u00e0 che questo processo possa attuarsi in modo univoco su tutto il territorio nazionale e per tutte le figure del nostro CCNL che per attivit\u00e0 lavorativa sono esposti ai suddetti rischi.<\/span><\/p>\n<p style=\"text-align: justify;\"><span style=\"font-size: 14pt; font-family: arial, helvetica, sans-serif;\">Da parte di Farmindustria abbiamo avuto come risposta la rassicurazione sul proprio gi\u00e0 adoperato interessamento e segnalazione al Ministero della Salute, affinch\u00e8 l&#8217;intero settore farmaceutico sia tenuto in particolare considerazione rispetto all&#8217;esposizione ai rischi da contagio.<\/span><\/p>\n<p style=\"text-align: justify;\"><span style=\"font-size: 14pt; font-family: arial, helvetica, sans-serif;\">Riteniamo infatti che il nostro ordinamento legislativo &#8211; che delegando ad ambito regionale il tema della sanit\u00e0 consente iniziative autonome con tempi e modalit\u00e0 diversificati nel nostro Paese &#8211; possa esporre a trattamenti iniqui.<\/span><\/p>\n<p style=\"text-align: justify;\"><span style=\"font-size: 14pt; font-family: arial, helvetica, sans-serif;\">TUTTI i professionisti che svolgono la propria attivit\u00e0 quotidiana nei presidi ospedalieri o presso studi e ambulatori medici, a diretto contatto con clinici e talvolta anche pazienti, e dunque non si devono determinare inaccettabili disparit\u00e0 tra lavoratori, oltre che a livello di salute, anche prestando il fianco a possibili manovre occupazionali tra regioni, con lavoratori che possono recarsi al lavoro e lavoratori esclusi in applicazione alle delibere.<\/span><\/p>\n<p style=\"text-align: justify;\"><span style=\"font-size: 14pt; font-family: arial, helvetica, sans-serif;\">Confidenti nel fatto che il nostro impegno ed i nostri sforzi come sindacato possano essere uniti con le Parti datoriali e le istituzioni verso l&#8217;obiettivo comune della salvaguardia e dello sviluppo del settore, vi terremo aggiornati sull&#8217;evoluzione della situazione.<\/span><\/p>\n<p style=\"text-align: justify;\"><span style=\"font-size: 14pt; font-family: arial, helvetica, sans-serif;\">Roma, 12\/01\/2021<\/span><\/p>\n<p style=\"text-align: right;\"><span style=\"font-size: 14pt; font-family: arial, helvetica, sans-serif;\">Segreteria Nazionale UILTEC \u2013 Coordinamento Nazionale ISF<\/span><\/p>\n<p>&nbsp;<\/p>\n<hr \/>\n<p>&nbsp;<\/p>","protected":false},"excerpt":{"rendered":"<p>La pandemia COVID 19 ha cambiato in questi mesi per tutti i lavoratori, italiani e non, il proprio modo di lavorare, ponendo tutti noi improvvisamente di fronte a nuove sfide ma anche nuovi rischi. Per talune professionalit\u00e0 per\u00f2, anche nell&#8217;ambito del nostro CCNL, i rischi sono pi\u00f9 elevati, avendo a che fare da vicino e &hellip;<\/p>","protected":false},"author":4,"featured_media":55766,"comment_status":"closed","ping_status":"closed","sticky":false,"template":"","format":"standard","meta":{"footnotes":""},"categories":[1],"tags":[21,44],"class_list":["post-55761","post","type-post","status-publish","format-standard","has-post-thumbnail","hentry","category-notizie","tag-informatori-scientifici","tag-sindacati"],"amp_enabled":true,"_links":{"self":[{"href":"https:\/\/www.fedaiisf.it\/en\/wp-json\/wp\/v2\/posts\/55761","targetHints":{"allow":["GET"]}}],"collection":[{"href":"https:\/\/www.fedaiisf.it\/en\/wp-json\/wp\/v2\/posts"}],"about":[{"href":"https:\/\/www.fedaiisf.it\/en\/wp-json\/wp\/v2\/types\/post"}],"author":[{"embeddable":true,"href":"https:\/\/www.fedaiisf.it\/en\/wp-json\/wp\/v2\/users\/4"}],"replies":[{"embeddable":true,"href":"https:\/\/www.fedaiisf.it\/en\/wp-json\/wp\/v2\/comments?post=55761"}],"version-history":[{"count":0,"href":"https:\/\/www.fedaiisf.it\/en\/wp-json\/wp\/v2\/posts\/55761\/revisions"}],"wp:featuredmedia":[{"embeddable":true,"href":"https:\/\/www.fedaiisf.it\/en\/wp-json\/wp\/v2\/media\/55766"}],"wp:attachment":[{"href":"https:\/\/www.fedaiisf.it\/en\/wp-json\/wp\/v2\/media?parent=55761"}],"wp:term":[{"taxonomy":"category","embeddable":true,"href":"https:\/\/www.fedaiisf.it\/en\/wp-json\/wp\/v2\/categories?post=55761"},{"taxonomy":"post_tag","embeddable":true,"href":"https:\/\/www.fedaiisf.it\/en\/wp-json\/wp\/v2\/tags?post=55761"}],"curies":[{"name":"wp","href":"https:\/\/api.w.org\/{rel}","templated":true}]}}