{"id":55796,"date":"2021-01-13T23:43:34","date_gmt":"2021-01-13T22:43:34","guid":{"rendered":"https:\/\/www.fedaiisf.it\/?p=55796"},"modified":"2021-01-22T18:33:51","modified_gmt":"2021-01-22T17:33:51","slug":"lombardia-vaccinazione-isf-nella-fase-1","status":"publish","type":"post","link":"https:\/\/www.fedaiisf.it\/en\/lombardia-vaccinazione-isf-nella-fase-1\/","title":{"rendered":"Lombardy. Vaccinations: &quot;enlargement of the audience to be vaccinated&quot;, including the ISFs"},"content":{"rendered":"<h2>Lombardia oltre 100mila vaccinati, entro domenica sar\u00e0 inoculato il 70 per cento delle dosi<\/h2>\n<p><span style=\"font-size: 14pt;\"><a href=\"https:\/\/www.fedaiisf.it\/wp-content\/uploads\/2021\/01\/Giacomo-Lucchini-Covid-Lombardia.jpg\"><img loading=\"lazy\" decoding=\"async\" class=\"wp-image-55798 alignright\" src=\"https:\/\/www.fedaiisf.it\/wp-content\/uploads\/2021\/01\/Giacomo-Lucchini-Covid-Lombardia-1024x576.jpg\" alt=\"\" width=\"403\" height=\"227\" srcset=\"https:\/\/www.fedaiisf.it\/wp-content\/uploads\/2021\/01\/Giacomo-Lucchini-Covid-Lombardia-1024x576.jpg 1024w, https:\/\/www.fedaiisf.it\/wp-content\/uploads\/2021\/01\/Giacomo-Lucchini-Covid-Lombardia-300x169.jpg 300w, https:\/\/www.fedaiisf.it\/wp-content\/uploads\/2021\/01\/Giacomo-Lucchini-Covid-Lombardia-768x432.jpg 768w, https:\/\/www.fedaiisf.it\/wp-content\/uploads\/2021\/01\/Giacomo-Lucchini-Covid-Lombardia-390x220.jpg 390w, https:\/\/www.fedaiisf.it\/wp-content\/uploads\/2021\/01\/Giacomo-Lucchini-Covid-Lombardia.jpg 1280w\" sizes=\"auto, (max-width: 403px) 100vw, 403px\" \/><\/a>La Lombardia prova a cambiare passo nella campagna di vaccinazioni anti Covid. Superate le 100mila iniezioni grazie al coinvolgimento del personale delle Rsa. Giacomo Lucchini, responsabile del vaccino in Regione, ha fatto il punto in audizione al Pirellone. \u201cDomenica raggiungeremo i parametri previsti e rimarremo nella forchetta tra 60 e 70 per cento rispetto alle dosi consegnate\u201d. Nella seconda fase sar\u00e0 necessario raddoppiare le dosi giornaliere.<\/span><\/p>\n<p><a href=\"https:\/\/www.fanpage.it\/milano\/lombardia-oltre-100mila-vaccinati-entro-domenica-sara-inoculato-il-70-per-cento-delle-dosi\/\" target=\"_blank\" rel=\"noopener\">fanpage &#8211; 13 gennaio 2021<\/a><\/p>\n<p>&#8220;L&#8217;indicazione che abbiamo avuto dalla struttura commissariale \u00e8 di conservare un margine di circa il 30 per cento delle dosi ricevute in caso di variazioni o ritardi delle consegne. Domenica raggiungeremo i parametri previsti e rimarremo nella forchetta tra 60 e 70 per cento rispetto alle dosi consegnate, con ovvie oscillazioni perch\u00e9 la percentuale cala nel giorno di consegna&#8221;. Lo ha detto Giacomo Lucchini, responsabile della campagna del vaccino anti Covid-19 in Regione Lombardia, rispondendo in audizione alla commissione sanit\u00e0 del Consiglio regionale.<\/p>\n<h3>In Lombardia superate le 100mila dosi di vaccino inoculate<\/h3>\n<p>Con la giornata di ieri la Lombardia ha superato le 100mila dosi inoculate, ed \u00e8 ora prima in valore assoluto tra le regioni italiane (ma \u00e8 tra le ultime in rapporto alle fiale ricevute, avendo una scorta decisamente maggiore. Lucchini ha ricordato che al momento arrivano circa 90mila dosi alla settimana e sono 340mila gli operatori e ospiti delle Rsa da vaccinare nella prima fase.<\/p>\n<p>Ieri sono state iniettate 17mila dosi. Un incremento che \u00e8 stato possibile grazie alla campagna nelle case di riposo che, dopo alcuni ritardi, \u00e8 finalmente entrata nel vivo. &#8221; gestori delle Rsa hanno coinvolto il proprio personale nella somministrazione&#8221;, ha comunicato Lucchini.<\/p>\n<h3>Prima fase chiusa entro febbraio, platea da allargare anche a disabilit\u00e0<\/h3>\n<p>La prima fase del piano si completer\u00e0 con la fine del mese di febbraio, mentre \u00e8 in corso la pianificazione della fase 2. Uno dei temi in discussione \u00e8 \u00a0con urgenza. &#8220;\u00c8 emersa la necessit\u00e0 di allargare la popolazione da vaccinare anche alle Rsd e alla disabilit\u00e0 in genere, ma anche agli operatori che possono essere coinvolti come somministratori&#8221;. <strong>T<span style=\"color: #000000;\">ra le prossime categorie da immunizzare ci sarebbero<\/span> <\/strong>gli operatori della sanit\u00e0 militare e delle forze dell&#8217;ordine, ma anche il personale di centri diurni e assistenza domiciliare. Seguono anche farmacisti, dentisti, laboratori accreditati, <strong><span style=\"color: #000000;\"><span style=\"text-decoration: underline;\">drug sales representatives<\/span>&#8220;.<\/span><\/strong><\/p>\n<h3>Nella seconda fase dosi da raddoppiare, una struttura ogni 40mila abitanti<\/h3>\n<p>L&#8217;altro grande tema \u00e8 quello della disponibilit\u00e0 di dosi. Quando i numeri della popolazione interessata aumenteranno sar\u00e0 necessario &#8220;raddoppiare&#8221; il numero delle vaccinazioni quotidiane. &#8220;Il vaccino Pfizer arriver\u00e0 in quantit\u00e0 maggiore&#8221;, ha spiegato Lucchini, &#8220;si sta pianificando la fase 2, che in primis riguarda gli ultra ottantenni, che sono 700 mila in Lombardia, poi la fascia 60-79 in cui sono comprese 2 milioni di persone&#8221;. Ultimo capitolo, la logistica. Il responsabile della campagna vaccinale ha assicurato che \u00f2e somministrazioni saranno svolte nelle aziende sanitarie, negli hub, in strutture temporanee come le primule predisposte dal governo, ma anche in altre strutture prestate come fiere o padiglioni. Servir\u00e0 una struttura ogni 40mila abitanti.<\/p>\n<p>Related news: <a href=\"https:\/\/www.fedaiisf.it\/en\/regione-lombardia\/\" target=\"_blank\" rel=\"noopener\">ISF inseriti nelle categorie prioritaria. Raccolta adesioni<\/a><\/p>\n<hr \/>\n<h3><a href=\"https:\/\/www.ansa.it\/lombardia\/notizie\/2021\/01\/13\/covid-il-punto-in-lombardia_093ebb99-b472-4447-8c3b-5d57ccb9216b.html\" target=\"_blank\" rel=\"noopener\">HANDLE<\/a> estratto<\/h3>\n<p><span style=\"color: #000000;\">Lucchini ha assicurato che la prima fase del Piano sar\u00e0 completata entro met\u00e0 febbraio e che &#8220;\u00e8 emersa la necessit\u00e0 di integrare queste prime dosi dei vaccini anche a disabili, centri diurni, personale impegnato all&#8217;assistenza domiciliare, farmacisti, dentisti, operatori dei laboratori e <span style=\"text-decoration: underline;\"><strong>informatori medici scientifici<\/strong><\/span>&#8220;. <\/span><\/p>\n<p>Related articles: <a href=\"https:\/\/www.fedaiisf.it\/en\/fedaiisf-lombardia\/\" target=\"_blank\" rel=\"noopener\">FEDAIISF Lombardia<\/a>; <a href=\"https:\/\/www.fedaiisf.it\/en\/gli-informatori-scientifici-del-farmaco-regione-ci-inserisca-nei-piani-di-vaccinazione-anti-covid\/\" target=\"_blank\" rel=\"noopener\">AIISF Bergamo<\/a>; <a href=\"https:\/\/www.fedaiisf.it\/en\/lettera-del-consigliere-regionale-niccolo-carretta-in-direzione-welfare-lombardia\/\" target=\"_blank\" rel=\"noopener\">Carretta Niccol\u00f2.<\/a><\/p>\n<p>&nbsp;<\/p>\n<div style=\"width: 640px;\" class=\"wp-video\"><video class=\"wp-video-shortcode\" id=\"video-55796-1\" width=\"640\" height=\"352\" preload=\"metadata\" controls=\"controls\"><source type=\"video\/mp4\" src=\"https:\/\/www.fedaiisf.it\/wp-content\/uploads\/2021\/01\/Andrea-Arena-intervista-2021-01-14.mp4?_=1\" \/><a href=\"https:\/\/www.fedaiisf.it\/wp-content\/uploads\/2021\/01\/Andrea-Arena-intervista-2021-01-14.mp4\">https:\/\/www.fedaiisf.it\/wp-content\/uploads\/2021\/01\/Andrea-Arena-intervista-2021-01-14.mp4<\/a><\/video><\/div>","protected":false},"excerpt":{"rendered":"<p>Lombardia oltre 100mila vaccinati, entro domenica sar\u00e0 inoculato il 70 per cento delle dosi La Lombardia prova a cambiare passo nella campagna di vaccinazioni anti Covid. Superate le 100mila iniezioni grazie al coinvolgimento del personale delle Rsa. Giacomo Lucchini, responsabile del vaccino in Regione, ha fatto il punto in audizione al Pirellone. \u201cDomenica raggiungeremo i &hellip;<\/p>","protected":false},"author":4,"featured_media":55800,"comment_status":"closed","ping_status":"closed","sticky":false,"template":"","format":"standard","meta":{"footnotes":""},"categories":[16],"tags":[21,154,39],"class_list":["post-55796","post","type-post","status-publish","format-standard","has-post-thumbnail","hentry","category-primo-piano","tag-informatori-scientifici","tag-regolamentazione-isf","tag-vaccini"],"amp_enabled":true,"_links":{"self":[{"href":"https:\/\/www.fedaiisf.it\/en\/wp-json\/wp\/v2\/posts\/55796","targetHints":{"allow":["GET"]}}],"collection":[{"href":"https:\/\/www.fedaiisf.it\/en\/wp-json\/wp\/v2\/posts"}],"about":[{"href":"https:\/\/www.fedaiisf.it\/en\/wp-json\/wp\/v2\/types\/post"}],"author":[{"embeddable":true,"href":"https:\/\/www.fedaiisf.it\/en\/wp-json\/wp\/v2\/users\/4"}],"replies":[{"embeddable":true,"href":"https:\/\/www.fedaiisf.it\/en\/wp-json\/wp\/v2\/comments?post=55796"}],"version-history":[{"count":0,"href":"https:\/\/www.fedaiisf.it\/en\/wp-json\/wp\/v2\/posts\/55796\/revisions"}],"wp:featuredmedia":[{"embeddable":true,"href":"https:\/\/www.fedaiisf.it\/en\/wp-json\/wp\/v2\/media\/55800"}],"wp:attachment":[{"href":"https:\/\/www.fedaiisf.it\/en\/wp-json\/wp\/v2\/media?parent=55796"}],"wp:term":[{"taxonomy":"category","embeddable":true,"href":"https:\/\/www.fedaiisf.it\/en\/wp-json\/wp\/v2\/categories?post=55796"},{"taxonomy":"post_tag","embeddable":true,"href":"https:\/\/www.fedaiisf.it\/en\/wp-json\/wp\/v2\/tags?post=55796"}],"curies":[{"name":"wp","href":"https:\/\/api.w.org\/{rel}","templated":true}]}}