{"id":55802,"date":"2021-01-13T21:59:53","date_gmt":"2021-01-13T20:59:53","guid":{"rendered":"https:\/\/www.fedaiisf.it\/?p=55802"},"modified":"2021-01-13T23:23:02","modified_gmt":"2021-01-13T22:23:02","slug":"fedaiisf-lombardia","status":"publish","type":"post","link":"https:\/\/www.fedaiisf.it\/en\/fedaiisf-lombardia\/","title":{"rendered":"FEDAIISF Lombardy. Request vaccinations for ISF in the first phase"},"content":{"rendered":"<p style=\"text-align: justify;\"><a href=\"https:\/\/www.fedaiisf.it\/wp-content\/uploads\/2021\/01\/FEDAIISF-LOMBARDIA01.jpg\"><img loading=\"lazy\" decoding=\"async\" class=\"alignnone wp-image-55806\" src=\"https:\/\/www.fedaiisf.it\/wp-content\/uploads\/2021\/01\/FEDAIISF-LOMBARDIA01-300x176.jpg\" alt=\"\" width=\"545\" height=\"320\" srcset=\"https:\/\/www.fedaiisf.it\/wp-content\/uploads\/2021\/01\/FEDAIISF-LOMBARDIA01-300x176.jpg 300w, https:\/\/www.fedaiisf.it\/wp-content\/uploads\/2021\/01\/FEDAIISF-LOMBARDIA01-1024x601.jpg 1024w, https:\/\/www.fedaiisf.it\/wp-content\/uploads\/2021\/01\/FEDAIISF-LOMBARDIA01-768x451.jpg 768w, https:\/\/www.fedaiisf.it\/wp-content\/uploads\/2021\/01\/FEDAIISF-LOMBARDIA01.jpg 1078w\" sizes=\"auto, (max-width: 545px) 100vw, 545px\" \/><\/a><\/p>\n<p style=\"text-align: justify;\">Spett.li Tutti,<br \/>\nscriviamo come coordinamento regionale di AIISF (Associazione Italiana Informatori Scientifici del Farmaco e del<br \/>\nParafarmaco) in merito alla campagna vaccinale Covid-19, in rappresentanza degli informatori scientifici e dei<br \/>\nlavoratori del settore farmaceutico coinvolti a vario titolo nelle attivit\u00e0 formative ed informative presso la classe<br \/>\nmedica, che si svolgono all\u2019interno delle strutture ambulatoriali ed ospedaliere della regione.<br \/>\nCome si evince dal Piano Strategico per la vaccinazione anti-SARS-COV-2\/Covid-19, la strategia di sanit\u00e0 pubblica per queste fase si focalizza inizialmente sulla riduzione diretta della morbilit\u00e0 e della mortalit\u00e0, nonch\u00e9 del mantenimento dei servizi essenziali pi\u00f9 critici. Le categorie da vaccinare in via prioritaria sono gli operatori sanitari e socio-sanitari, innanzitutto quelli \u201cin prima linea\u201d, sia pubblici che privati, avendo un rischio pi\u00f9 elevato di esposizione all\u2019infezione da Covid-19 e di trasmetterla a pazienti suscettibili e vulnerabili in contesti sanitari e sociali. La priorit\u00e0 di vaccinazione di queste categorie \u00e8 supportata dal principio di reciprocit\u00e0, indicato dal Framework di valori SAGE e rappresenta una priorit\u00e0 assoluta. Ed \u00e8 proprio in riferimento a questo punto che noi Informatori Scientifici della regione Lombardia (circa 6500 lavoratori) ci rivogliamo ai responsabili della campagna vaccinale regionale, sottolineando il nostro ruolo di operatori di pubblica utilit\u00e0, nello specifico Informatori Scientifici, presso le strutture ospedaliere ed ambulatoriali chiedendo che la nostra figura professionale (ISF) venga menzionata e di conseguenza contemplata tra le figure sopra citate ed essere cos\u00ec vaccinati al pari degli operatori socio-sanitari.<br \/>\nDiverse regioni (Calabria, Friuli Venezia Giulia, Basilicata, Campania, ) hanno gi\u00e0 deliberato in tal senso e stanno<br \/>\nprocedendo, www.fedaiisf.it, a vaccinare gli isf del proprio territorio ed altre sono prossime alla medesima<br \/>\ndecisione. Auspichiamo che anche la nostra regione, cos\u00ec fortemente colpita dall\u2019epidemia, provveda affinch\u00e9 noi<br \/>\ninformatori possiamo svolgere la nostra attivit\u00e0 lavorativa con maggiore sicurezza all\u2019interno delle strutture<br \/>\nsanitarie.<br \/>\nTroppo spesso in questi mesi gli informatori scientifici si sono visti precludere l\u2019accesso agli ospedali e agli ambulatori, nonostante avessero ricevuto una rigorosa formazione circa l\u2019adozione di precisi protocolli di sicurezza e sull\u2019utilizzo degli adeguati dispositivi di protezione individuale. N\u00e9 il nostro lavoro pu\u00f2 essere svolto \u201cda remoto\u201d, in quanto esso si basa sullo scambio continuo di competenze ed informazioni nei riguardi della classe medica, senza dimenticare il delicato compito di farmacovigilanza che la legge ci attribuisce. Ne consegue la necessit\u00e0 di inserire gli Informatori Scientifici tra le categorie di lavoratori da vaccinare in via prioritaria.<\/p>\n<p style=\"text-align: justify;\">Certi della Vostra comprensione rispetto a quanto sopra descritto, restiamo in attesa di una delibera in tal senso<br \/>\noffrendo, fin da subito, qualsiasi forma di collaborazione attraverso le tre sezioni provinciali FED.A.I.I.S.F presenti in Lombardia. Cordiali saluti.<\/p>\n<p style=\"text-align: justify;\">I Presidenti delle sezioni AIISF, federate Fedaiisf, di Bergamo, Brescia e Varese<\/p>\n<p style=\"text-align: justify;\">Andrea Arena Presidente sez.Bergamo email isfbergamo@gmail.com<br \/>\nLorella Fasano Presidente sez.Brescia email aiisfbrescia@yahoo.com<br \/>\nFrancesca Boni Presidente sez.Varese email fedaiisfvarese@gmail.com<\/p>\n<p>Fonte: lettera <a href=\"https:\/\/www.fedaiisf.it\/wp-content\/uploads\/2021\/01\/Regione-Lombardia-Vaccinazione-1.pdf\">Regione Lombardia Vaccinazione (1)<\/a><\/p>","protected":false},"excerpt":{"rendered":"<p>Spett.li Tutti, scriviamo come coordinamento regionale di AIISF (Associazione Italiana Informatori Scientifici del Farmaco e del Parafarmaco) in merito alla campagna vaccinale Covid-19, in rappresentanza degli informatori scientifici e dei lavoratori del settore farmaceutico coinvolti a vario titolo nelle attivit\u00e0 formative ed informative presso la classe medica, che si svolgono all\u2019interno delle strutture ambulatoriali ed &hellip;<\/p>","protected":false},"author":495,"featured_media":55453,"comment_status":"closed","ping_status":"closed","sticky":false,"template":"","format":"standard","meta":{"footnotes":""},"categories":[14,1],"tags":[133,180,183,143,181,182],"class_list":["post-55802","post","type-post","status-publish","format-standard","has-post-thumbnail","hentry","category-news-fedaiisf","category-notizie","tag-bergamo","tag-brescia","tag-covid","tag-lombardia","tag-varese","tag-vavvinazioni"],"amp_enabled":true,"_links":{"self":[{"href":"https:\/\/www.fedaiisf.it\/en\/wp-json\/wp\/v2\/posts\/55802","targetHints":{"allow":["GET"]}}],"collection":[{"href":"https:\/\/www.fedaiisf.it\/en\/wp-json\/wp\/v2\/posts"}],"about":[{"href":"https:\/\/www.fedaiisf.it\/en\/wp-json\/wp\/v2\/types\/post"}],"author":[{"embeddable":true,"href":"https:\/\/www.fedaiisf.it\/en\/wp-json\/wp\/v2\/users\/495"}],"replies":[{"embeddable":true,"href":"https:\/\/www.fedaiisf.it\/en\/wp-json\/wp\/v2\/comments?post=55802"}],"version-history":[{"count":0,"href":"https:\/\/www.fedaiisf.it\/en\/wp-json\/wp\/v2\/posts\/55802\/revisions"}],"wp:featuredmedia":[{"embeddable":true,"href":"https:\/\/www.fedaiisf.it\/en\/wp-json\/wp\/v2\/media\/55453"}],"wp:attachment":[{"href":"https:\/\/www.fedaiisf.it\/en\/wp-json\/wp\/v2\/media?parent=55802"}],"wp:term":[{"taxonomy":"category","embeddable":true,"href":"https:\/\/www.fedaiisf.it\/en\/wp-json\/wp\/v2\/categories?post=55802"},{"taxonomy":"post_tag","embeddable":true,"href":"https:\/\/www.fedaiisf.it\/en\/wp-json\/wp\/v2\/tags?post=55802"}],"curies":[{"name":"wp","href":"https:\/\/api.w.org\/{rel}","templated":true}]}}