{"id":55869,"date":"2021-01-15T11:38:41","date_gmt":"2021-01-15T10:38:41","guid":{"rendered":"https:\/\/www.fedaiisf.it\/?p=55869"},"modified":"2021-01-15T11:38:41","modified_gmt":"2021-01-15T10:38:41","slug":"filctem-prestazioni-straordinarie-fondi-sanitari","status":"publish","type":"post","link":"https:\/\/www.fedaiisf.it\/en\/filctem-prestazioni-straordinarie-fondi-sanitari\/","title":{"rendered":"Filctem. Extraordinary benefits health funds"},"content":{"rendered":"<p style=\"text-align: justify;\"><strong><a href=\"https:\/\/www.fedaiisf.it\/wp-content\/uploads\/2021\/01\/Filctem-fondi-sanitari.jpeg\"><img loading=\"lazy\" decoding=\"async\" class=\"size-full wp-image-55870 aligncenter\" src=\"https:\/\/www.fedaiisf.it\/wp-content\/uploads\/2021\/01\/Filctem-fondi-sanitari.jpeg\" alt=\"\" width=\"919\" height=\"260\" srcset=\"https:\/\/www.fedaiisf.it\/wp-content\/uploads\/2021\/01\/Filctem-fondi-sanitari.jpeg 919w, https:\/\/www.fedaiisf.it\/wp-content\/uploads\/2021\/01\/Filctem-fondi-sanitari-300x85.jpeg 300w, https:\/\/www.fedaiisf.it\/wp-content\/uploads\/2021\/01\/Filctem-fondi-sanitari-768x217.jpeg 768w\" sizes=\"auto, (max-width: 919px) 100vw, 919px\" \/><\/a><span style=\"font-family: arial, helvetica, sans-serif;\">Oggetto: riepilogo prestazioni straordinarie fondi sanitari in relazione al protrarsi dell\u2019emergenza sanitaria Covid-19 anno 2021 <\/span><\/strong><\/p>\n<p style=\"text-align: justify;\"><span style=\"font-family: arial, helvetica, sans-serif;\">in relazione al protrarsi della fase pandemica che ha generato nuovi fabbisogni sia in termini di tutela individuale che di prevenzione collettiva, i Fondi di sanit\u00e0 del nostro perimetro contrattuale hanno apportato delle integrazioni ai Regolamenti e ai Tariffari vigenti per attuare i principi di mutuo soccorso propri della sanit\u00e0 integrativa contrattuale e, nel contempo, si \u00e8 provveduto a semplificare le procedure in essere per sopperire ai disagi che derivano dal protrarsi dell\u2019emergenza sanitaria<\/span><\/p>\n<p style=\"text-align: justify;\"><span style=\"font-family: arial, helvetica, sans-serif;\">In termini generali, gli Organismi preposti (CDA\/Assemblee) hanno ampliato il portafoglio di prestazioni erogabili contemplando quelle di natura straordinaria derivanti da contagio da Covid-19 , disciplinando delle indennit\u00e0 a fronte del verificarsi di ricovero\/isolamento domiciliare degli iscritti, stabilendo la rimborsabilit\u00e0 di prestazioni erogate in videoconsulenza\/domiciliari, inserendo rimborsi per acquisti di dispositivi medici ove necessari<\/span><\/p>\n<p style=\"text-align: justify;\"><span style=\"font-family: arial, helvetica, sans-serif;\">In alcuni Fondi si \u00e8 provveduto ad estendere i termini di presentazione della documentazione necessaria nonch\u00e9 i quelli inerenti la presentazione delle domande di rimborso, per sopperire alla difficolt\u00e0 di rinvenire la documentazione nei tempi utili previsti statutariamente<\/span><\/p>\n<p style=\"text-align: justify;\"><span style=\"font-family: arial, helvetica, sans-serif;\">Le prestazioni innovative introdotte e il sostegno economico che ne deriva sono a dimostrare quanto la copertura sanitaria derivante dai CCNL sia efficace e pronta ad essere rimodulata in relazione alla diversificazione dei bisogni di tutela della platea che rappresentiamo<\/span><\/p>\n<p style=\"text-align: justify;\"><span style=\"font-family: arial, helvetica, sans-serif;\">Le tabelle in calce rappresentano una sintesi delle tipologie di prestazioni introdotte, invitiamo pertanto le strutture ed i delegati a consultare il sito di riferimento per una visione puntuale e dettagliata delle recenti integrazioni , nel rispetto delle corrette modalit\u00e0 per l\u2019invio della documentazione e dei tempi stabiliti .<\/span><\/p>\n<p style=\"text-align: justify;\"><span style=\"font-family: arial, helvetica, sans-serif;\">Tutto ci\u00f2 necessita di una diffusione capillare sui posti di lavoro per favorire la conoscenza delle appendici in materia tra i nostri iscritti ed associati al Fondo, affinch\u00e9 possano essere informati delle coperture spettanti in questa fase di estrema criticit\u00e0<\/span><\/p>\n<p style=\"text-align: justify;\"><span style=\"font-family: arial, helvetica, sans-serif;\">Nel rimanere a disposizione per eventuali necessit\u00e0 inviamo fraterni saluti .<\/span><\/p>\n<p style=\"text-align: justify;\"><span style=\"font-family: arial, helvetica, sans-serif;\">Filctem CGIL Roma e Lazio<\/span><\/p>\n<p><span style=\"font-family: arial, helvetica, sans-serif;\">E.Baldini<\/span><\/p>\n<p><a href=\"https:\/\/www.fedaiisf.it\/wp-content\/uploads\/2021\/01\/Faschim-Covid.jpeg\"><img loading=\"lazy\" decoding=\"async\" class=\"size-full wp-image-55871 aligncenter\" src=\"https:\/\/www.fedaiisf.it\/wp-content\/uploads\/2021\/01\/Faschim-Covid.jpeg\" alt=\"\" width=\"932\" height=\"360\" srcset=\"https:\/\/www.fedaiisf.it\/wp-content\/uploads\/2021\/01\/Faschim-Covid.jpeg 932w, https:\/\/www.fedaiisf.it\/wp-content\/uploads\/2021\/01\/Faschim-Covid-300x116.jpeg 300w, https:\/\/www.fedaiisf.it\/wp-content\/uploads\/2021\/01\/Faschim-Covid-768x297.jpeg 768w\" sizes=\"auto, (max-width: 932px) 100vw, 932px\" \/><\/a><\/p>\n<p><a href=\"http:\/\/www.faschim.it\/pdf\/pdf_pdf_265.pdf\" target=\"_blank\" rel=\"noopener\"><strong><u>18\/12\/2020 -RINNOVO PRESTAZIONI STRAORDINARIE COVID19 fino al 31\/3\/2021 : appendice 3 al regolamento\u00a0 e tariffario<\/u><\/strong><\/a><\/p>\n<p>&nbsp;<\/p>","protected":false},"excerpt":{"rendered":"<p>Oggetto: riepilogo prestazioni straordinarie fondi sanitari in relazione al protrarsi dell\u2019emergenza sanitaria Covid-19 anno 2021 in relazione al protrarsi della fase pandemica che ha generato nuovi fabbisogni sia in termini di tutela individuale che di prevenzione collettiva, i Fondi di sanit\u00e0 del nostro perimetro contrattuale hanno apportato delle integrazioni ai Regolamenti e ai Tariffari vigenti &hellip;<\/p>","protected":false},"author":4,"featured_media":55874,"comment_status":"closed","ping_status":"closed","sticky":false,"template":"","format":"standard","meta":{"footnotes":""},"categories":[1],"tags":[82],"class_list":["post-55869","post","type-post","status-publish","format-standard","has-post-thumbnail","hentry","category-notizie","tag-fonchimfaschim"],"amp_enabled":true,"_links":{"self":[{"href":"https:\/\/www.fedaiisf.it\/en\/wp-json\/wp\/v2\/posts\/55869","targetHints":{"allow":["GET"]}}],"collection":[{"href":"https:\/\/www.fedaiisf.it\/en\/wp-json\/wp\/v2\/posts"}],"about":[{"href":"https:\/\/www.fedaiisf.it\/en\/wp-json\/wp\/v2\/types\/post"}],"author":[{"embeddable":true,"href":"https:\/\/www.fedaiisf.it\/en\/wp-json\/wp\/v2\/users\/4"}],"replies":[{"embeddable":true,"href":"https:\/\/www.fedaiisf.it\/en\/wp-json\/wp\/v2\/comments?post=55869"}],"version-history":[{"count":0,"href":"https:\/\/www.fedaiisf.it\/en\/wp-json\/wp\/v2\/posts\/55869\/revisions"}],"wp:featuredmedia":[{"embeddable":true,"href":"https:\/\/www.fedaiisf.it\/en\/wp-json\/wp\/v2\/media\/55874"}],"wp:attachment":[{"href":"https:\/\/www.fedaiisf.it\/en\/wp-json\/wp\/v2\/media?parent=55869"}],"wp:term":[{"taxonomy":"category","embeddable":true,"href":"https:\/\/www.fedaiisf.it\/en\/wp-json\/wp\/v2\/categories?post=55869"},{"taxonomy":"post_tag","embeddable":true,"href":"https:\/\/www.fedaiisf.it\/en\/wp-json\/wp\/v2\/tags?post=55869"}],"curies":[{"name":"wp","href":"https:\/\/api.w.org\/{rel}","templated":true}]}}