{"id":55955,"date":"2021-01-21T10:10:11","date_gmt":"2021-01-21T09:10:11","guid":{"rendered":"https:\/\/www.fedaiisf.it\/?p=55955"},"modified":"2021-01-21T10:15:19","modified_gmt":"2021-01-21T09:15:19","slug":"vaccinazione-anti-covid-isf-camera-approva-odg-a-prima-firma-menga-m5s-il-governo-valutera-se-inserirli-tra-i-destinatari-della-fase-1","status":"publish","type":"post","link":"https:\/\/www.fedaiisf.it\/en\/vaccinazione-anti-covid-isf-camera-approva-odg-a-prima-firma-menga-m5s-il-governo-valutera-se-inserirli-tra-i-destinatari-della-fase-1\/","title":{"rendered":"ISF Covid vaccination. Chamber approves Odg at first signing Menga (M5S). The Government will evaluate whether to include them among the recipients of &quot;Phase 1&quot;."},"content":{"rendered":"<p><strong><span style=\"font-size: 18pt;\">Buone notizie per gli informatori scientifici del farmaco.<\/span><\/strong><\/p>\n<p>Questa mattina la Camera dei deputati ha approvato l\u2019Ordine del Giorno a prima firma della deputata M5S, Rosa Menga, presentato al disegno di legge n. 2835, di conversione in legge del decreto-legge 18 dicembre <a href=\"https:\/\/www.fedaiisf.it\/wp-content\/uploads\/2021\/01\/Camera-vaccini-per-isf-OdG.jpg\"><img loading=\"lazy\" decoding=\"async\" class=\"wp-image-55959 alignright\" src=\"https:\/\/www.fedaiisf.it\/wp-content\/uploads\/2021\/01\/Camera-vaccini-per-isf-OdG.jpg\" alt=\"\" width=\"497\" height=\"480\" srcset=\"https:\/\/www.fedaiisf.it\/wp-content\/uploads\/2021\/01\/Camera-vaccini-per-isf-OdG.jpg 752w, https:\/\/www.fedaiisf.it\/wp-content\/uploads\/2021\/01\/Camera-vaccini-per-isf-OdG-300x290.jpg 300w\" sizes=\"auto, (max-width: 497px) 100vw, 497px\" \/><\/a>2020, n. 172, che reca <strong><span style=\"color: #000000;\">ulteriori disposizioni urgenti<\/span> <\/strong>per fronteggiare i rischi sanitari connessi alla diffusione del virus COVID-19.<\/p>\n<p><strong><span style=\"color: #000000;\">Un\u2019approvazione con la quale la Camera impegna il Governo a valutare l&#8217;opportunit\u00e0 di modificare le linee guida del Piano strategico per la vaccinazione anti-SARS-Cov-2\/COVID-19, allargando la platea dei destinatari della \u201cFase I\u201d anche agli <span style=\"text-decoration: underline;\">informatori scientifici del farmaco<\/span>.<\/span><\/strong><\/p>\n<p>Tra i primi Paesi europei, l\u2019Italia &#8211; come si legge nel testo dell\u2019OdG presentato dall\u2019On. Menga &#8211; ha presentato \u201cin data 2 dicembre 2020, le linee guida del Piano strategico per la vaccinazione anti-SARS-Cov-2\/COVID-19, elaborate da Ministero della Salute, Commissario Straordinario per l\u2019Emergenza, Istituto Superiore di Sanit\u00e0, Agenas e Aifa, recanti l\u2019identificazione delle categorie da vaccinare con priorit\u00e0 nella fase iniziale a limitata disponibilit\u00e0 dei vaccini. Le categorie individuate sono quelle degli operatori sanitari e socio-sanitari, nonch\u00e9 residenti e personale delle RSA. Il mancato riconoscimento della professione sanitaria di informatore scientifico del farmaco (ISF) \u00e8 il motivo per cui tali professionisti non sono, allo stato, individuati tra le categorie da sottoporre per primi a vaccinazione\u201d.<\/p>\n<p>\u201cDifatti &#8211; prosegue &#8211; sia pure nel rispetto delle misure generali di prevenzione assunte al fine di minimizzare e ridurre la diffusione del Virus, gli informatori scientifici del farmaco sono inevitabilmente esposti ad un rischio di contagio pi\u00f9 elevato, svolgendo la loro attivit\u00e0 all\u2019interno di ospedali e ambulatori. Sarebbe, pertanto, auspicabile allargare la platea dei destinatari in questa prima fase di vaccinazione, per garantire la massima copertura a tutti quei soggetti che sono impegnati nel vasto panorama sanitario come gli informatori scientifici del farmaco (ISF).\u201d<\/p>\n<p>Il testo prende ad esempio la Basilicata, prima regione d\u2019Italia ad aver inglobato gli ISF nella \u201cfascia I\u201d del piano vaccinale, seguita dalla Campania e dalla Calabria.<\/p>\n<p>\u201cAuspico &#8211; fa sapere Rosa Menga &#8211; che da \u201copportunit\u00e0 da valutare\u201d, l\u2019impegno del Governo si traduca al pi\u00f9 presto in una effettiva modifica delle linee guida del Piano strategico per la vaccinazione anti-SARS-Cov-2\/COVID-19, allargando la platea dei destinatari della \u201cFase I\u201d anche agli informatori scientifici del farmaco, in quanto rientranti nelle categorie prioritarie poich\u00e9 assimilabili al personale non sanitario operante a qualsiasi titolo nelle strutture del servizio sanitario.\u201d<\/p>\n<hr \/>\n<p><a href=\"https:\/\/www.fedaiisf.it\/wp-content\/uploads\/2021\/01\/Rosa-Menga-.jpg\"><img loading=\"lazy\" decoding=\"async\" class=\"wp-image-55958 alignleft\" src=\"https:\/\/www.fedaiisf.it\/wp-content\/uploads\/2021\/01\/Rosa-Menga--819x1024.jpg\" alt=\"\" width=\"348\" height=\"436\" srcset=\"https:\/\/www.fedaiisf.it\/wp-content\/uploads\/2021\/01\/Rosa-Menga--819x1024.jpg 819w, https:\/\/www.fedaiisf.it\/wp-content\/uploads\/2021\/01\/Rosa-Menga--240x300.jpg 240w, https:\/\/www.fedaiisf.it\/wp-content\/uploads\/2021\/01\/Rosa-Menga--768x960.jpg 768w, https:\/\/www.fedaiisf.it\/wp-content\/uploads\/2021\/01\/Rosa-Menga--1229x1536.jpg 1229w, https:\/\/www.fedaiisf.it\/wp-content\/uploads\/2021\/01\/Rosa-Menga-.jpg 1440w\" sizes=\"auto, (max-width: 348px) 100vw, 348px\" \/><\/a><em>Non rientra tra le professioni sanitarie e per questo, nonostante il prezioso lavoro svolto al servizio della salute di tutti e a discapito della propria, la categoria degli Informatori Scientifici del Farmaco (ISF) non \u00e8 stata inserita tra quelle da sottoporre a vaccino per il COVID-19 nella \u201cFase 1\u201d.<\/em><\/p>\n<p><em>Gli ISF sono un importantissimo anello di congiunzione tra medici e ricerca scientifica. Senza il loro costante rapportarsi con i medici ospedalieri o di medicina generale, non si potrebbero garantire ai pazienti le migliori terapie a disposizione per qualsiasi patologia.<\/em><\/p>\n<p><em>Oggi arriva una buona notizia: la Camera ha approvato l\u2019Ordine del Giorno a mia prima firma con cui si impegna il Governo a valutare l&#8217;opportunit\u00e0 di modificare le linee guida del Piano strategico per la vaccinazione anti-SARS-Cov-2\/COVID-19, approvato il 2 dicembre scorso, allargando la platea dei destinatari della \u201cFase I\u201d anche agli informatori scientifici del farmaco.<\/em><\/p>\n<p><em>Sono certa che da \u201copportunit\u00e0 da valutare\u201d, l\u2019impegno del Governo si tradurr\u00e0 al pi\u00f9 presto in una effettiva modifica delle linee guida del Piano strategico per la vaccinazione, assimilando gli ISF al personale non sanitario operante a qualsiasi titolo nelle strutture del servizio sanitario.<\/em><\/p>\n<p><em>On. Rosa Menga<\/em><\/p>\n<p>Notizie correlate: <strong><a href=\"https:\/\/documenti.camera.it\/leg18\/pdl\/pdf\/leg.18.pdl.camera.2835_A.18PDL0127290.pdf\" target=\"_blank\" rel=\"noopener\">C. 2835-A <\/a>[<a class=\"link_pdf\" title=\"vai al testo in formato PDF dell&#039;atto C. 2835-A\" href=\"https:\/\/documenti.camera.it\/apps\/commonServices\/getDocumento.ashx?sezione=lavori&amp;tipoDoc=testo_pdl_pdf&amp;idlegislatura=18&amp;codice=leg.18.pdl.camera.2835_A.18PDL0127290\" target=\"_blank\" rel=\"noopener\"> PDF <\/a>]<\/strong><\/p>\n","protected":false},"excerpt":{"rendered":"<p>Buone notizie per gli informatori scientifici del farmaco. Questa mattina la Camera dei deputati ha approvato l\u2019Ordine del Giorno a prima firma della deputata M5S, Rosa Menga, presentato al disegno di legge n. 2835, di conversione in legge del decreto-legge 18 dicembre 2020, n. 172, che reca ulteriori disposizioni urgenti per fronteggiare i rischi sanitari &hellip;<\/p>","protected":false},"author":4,"featured_media":55962,"comment_status":"closed","ping_status":"closed","sticky":false,"template":"","format":"standard","meta":{"footnotes":""},"categories":[1],"tags":[21,41],"class_list":["post-55955","post","type-post","status-publish","format-standard","has-post-thumbnail","hentry","category-notizie","tag-informatori-scientifici","tag-leggisentenze"],"amp_enabled":true,"_links":{"self":[{"href":"https:\/\/www.fedaiisf.it\/en\/wp-json\/wp\/v2\/posts\/55955","targetHints":{"allow":["GET"]}}],"collection":[{"href":"https:\/\/www.fedaiisf.it\/en\/wp-json\/wp\/v2\/posts"}],"about":[{"href":"https:\/\/www.fedaiisf.it\/en\/wp-json\/wp\/v2\/types\/post"}],"author":[{"embeddable":true,"href":"https:\/\/www.fedaiisf.it\/en\/wp-json\/wp\/v2\/users\/4"}],"replies":[{"embeddable":true,"href":"https:\/\/www.fedaiisf.it\/en\/wp-json\/wp\/v2\/comments?post=55955"}],"version-history":[{"count":0,"href":"https:\/\/www.fedaiisf.it\/en\/wp-json\/wp\/v2\/posts\/55955\/revisions"}],"wp:featuredmedia":[{"embeddable":true,"href":"https:\/\/www.fedaiisf.it\/en\/wp-json\/wp\/v2\/media\/55962"}],"wp:attachment":[{"href":"https:\/\/www.fedaiisf.it\/en\/wp-json\/wp\/v2\/media?parent=55955"}],"wp:term":[{"taxonomy":"category","embeddable":true,"href":"https:\/\/www.fedaiisf.it\/en\/wp-json\/wp\/v2\/categories?post=55955"},{"taxonomy":"post_tag","embeddable":true,"href":"https:\/\/www.fedaiisf.it\/en\/wp-json\/wp\/v2\/tags?post=55955"}],"curies":[{"name":"wp","href":"https:\/\/api.w.org\/{rel}","templated":true}]}}