{"id":55973,"date":"2021-01-21T19:22:51","date_gmt":"2021-01-21T18:22:51","guid":{"rendered":"https:\/\/www.fedaiisf.it\/?p=55973"},"modified":"2021-01-22T08:52:14","modified_gmt":"2021-01-22T07:52:14","slug":"astrazeneca-i-canali-digitali-valore-aggiunto-per-la-professione-dellinformatore-medico-scientifico","status":"publish","type":"post","link":"https:\/\/www.fedaiisf.it\/en\/astrazeneca-i-canali-digitali-valore-aggiunto-per-la-professione-dellinformatore-medico-scientifico\/","title":{"rendered":"AstraZeneca. Digital channels added value for the profession of scientific medical informant. Ed"},"content":{"rendered":"<p><em>Su AboutPharma \u00e8 stato pubblicato un <a href=\"https:\/\/www.aboutpharma.com\/blog\/2021\/01\/20\/semplificazione-digital-territorio-etc-astrazeneca-e-societa-scientifiche-a-confronto-sul-futuro-del-ssn\/\" target=\"_blank\" rel=\"noopener\">redazionale<\/a> AstraZeneca che analizza la trasformazione del SSN in epoca di pandemia e le opportunit\u00e0 da cogliere. Riportiamo la parte che riguarda l&#8217;informazione scientifica rimandando all&#8217;articolo la lettura integrale.<\/em><\/p>\n<hr \/>\n<h2 class=\"site-block__title\">Semplificazione, digital, territorio, etc.: AstraZeneca e societ\u00e0 scientifiche a confronto sul futuro del Ssn<\/h2>\n<div class=\"content\">\n<h4 class=\"site-block__title\">La pandemia accelera la trasformazione del Servizio sanitario nazionale. L&#8217;azienda farmaceutica incontra virtualmente ventiquattro tra le principali organizzazioni per discutere sulle opportunit\u00e0 da cogliere, raccolte in un lungo resoconto qui pubblicato<\/h4>\n<\/div>\n<p><a href=\"https:\/\/www.aboutpharma.com\/blog\/2021\/01\/20\/semplificazione-digital-territorio-etc-astrazeneca-e-societa-scientifiche-a-confronto-sul-futuro-del-ssn\/\" target=\"_blank\" rel=\"noopener\">AboutPharma &#8211; 20 gennaio 2021<\/a><\/p>\n<p><a href=\"https:\/\/www.fedaiisf.it\/wp-content\/uploads\/2021\/01\/Wittum-AstraZeneca.jpg\"><img loading=\"lazy\" decoding=\"async\" class=\"size-full wp-image-55980 alignright\" src=\"https:\/\/www.fedaiisf.it\/wp-content\/uploads\/2021\/01\/Wittum-AstraZeneca.jpg\" alt=\"\" width=\"300\" height=\"198\" \/><\/a>Negli ultimi mesi abbiamo assistito a una crisi economica e sanitaria senza precedenti (se non facendo un balzo indietro di pi\u00f9 di settant\u2019anni all\u2019ultimo conflitto mondiale). Ma ogni crisi, come suggerisce lo stesso etimo della traduzione giapponese di tale parola (\u5371\u6a5f = w\u0113ij\u012b), pu\u00f2 rappresentare, in pari tempo, un pericolo (\u5371=\u201dpericolo\u201d) e un\u2019opportunit\u00e0 (\u6a5f=\u201dopportunit\u00e0\u201d). Per non perdere questa opportunit\u00e0, che spesso i momenti di maggiore emergenza e difficolt\u00e0 riescono ad offrire come stimolo al cambiamento, il <a href=\"https:\/\/www.aboutpharma.com\/wp-content\/uploads\/2021\/01\/Il-Senior-Management-Team-di-AstraZeneca.pdf\" target=\"_blank\" rel=\"noopener\">Management Team di AstraZeneca<\/a> <strong>(nella foto l\u2019ad della filiale italiana Lorenzo Wittum)<\/strong> ha incontrato a un tavolo virtuale i <a href=\"https:\/\/www.aboutpharma.com\/wp-content\/uploads\/2021\/01\/presidenti.pdf\" target=\"_blank\" rel=\"noopener\">presidenti di alcune delle pi\u00f9 importanti societ\u00e0 scientifiche<\/a> <em>(<\/em>Aiito, Aipo, Airo, Amd, Anmco, Card, Cipomo, Fimmg, Fadoi, Fiaso, Gise, Goirc, Gono, Mito, Siaaic, Siaarti, Sic, Sicoa, Sict, Sid, Sie, Sigo, Sihta e Simg<em>) <\/em>e la Fondazione Human Technopole<em>, <\/em>al fine di analizzare tutte le esperienze positive emerse nella fase di emergenza e raccogliere idee e possibilit\u00e0 per il sistematico miglioramento del nostro servizio sanitario<em>.<\/em><\/p>\n<p>Di seguito, sono sinteticamente raccolti gli elementi chiave emersi dagli incontri, con l\u2019impegno di mantenere questo contatto sempre attivo per trasferire ai diversi rappresentanti della comunit\u00e0 scientifica e del mondo dell\u2019azienda spunti utili allo sviluppo di nuove politiche e strategie di investimento:<\/p>\n<p>(&#8230; <em>omitted<\/em>&#8230;)<\/p>\n<h2>Ruolo dell\u2019Informazione scientifica<\/h2>\n<p><span style=\"color: #000000;\">Nel corso dell\u2019ultimo anno l\u2019attivit\u00e0 degli informatori ha sub\u00ecto un forte rallentamento a causa delle restrizioni negli accessi alle diverse strutture sanitarie. L\u2019utilizzo di piattaforme telematiche ha per\u00f2 consentito di sostituire le attivit\u00e0 di visita tradizionale con contatti da remoto, permettendo di proseguire l\u2019importante ruolo di informazione e sviluppo di progettualit\u00e0 che la classe medica ritiene fondamentale.<\/span><\/p>\n<p><span style=\"color: #000000;\">L\u2019emergenza ha quindi messo in luce come i canali digitali rappresentino uno strumento concreto ed un valore aggiunto sia per la professione dell\u2019informatore medico scientifico che degli operatori sanitari, sempre pi\u00f9 orientati verso l\u2019utilizzo di nuove tecnologie.<\/span><\/p>\n<p><span style=\"color: #000000;\">L\u2019informatore \u00e8 stato sollecitato ad acquisire nuove competenze in ambito digitale e pu\u00f2 oggi diventare punto di riferimento anche per la formazione degli operatori coinvolti nella digitalizzazione dei processi, attraverso lo sviluppo di progetti educativi e supporto a vari livelli (anche in partenariati pubblico-privato).<\/span><\/p>\n<p><a href=\"https:\/\/www.fedaiisf.it\/wp-content\/uploads\/2021\/01\/AZ-attivita-ISF-durante-pandemia.jpeg\"><img loading=\"lazy\" decoding=\"async\" class=\"size-full wp-image-55974 aligncenter\" src=\"https:\/\/www.fedaiisf.it\/wp-content\/uploads\/2021\/01\/AZ-attivita-ISF-durante-pandemia.jpeg\" alt=\"\" width=\"1005\" height=\"157\" srcset=\"https:\/\/www.fedaiisf.it\/wp-content\/uploads\/2021\/01\/AZ-attivita-ISF-durante-pandemia.jpeg 1005w, https:\/\/www.fedaiisf.it\/wp-content\/uploads\/2021\/01\/AZ-attivita-ISF-durante-pandemia-300x47.jpeg 300w, https:\/\/www.fedaiisf.it\/wp-content\/uploads\/2021\/01\/AZ-attivita-ISF-durante-pandemia-768x120.jpeg 768w\" sizes=\"auto, (max-width: 1005px) 100vw, 1005px\" \/><\/a><\/p>\n<hr \/>\n<p><strong>Ed<\/strong>: <em>A parte il telemarketing su cui si sono gi\u00e0 ampiamente <a href=\"https:\/\/www.fedaiisf.it\/en\/indagine-fimmg-sullinformazione-scientifica-del-tutto-sgradito-88-del-campione-appare-il-contatto-telefonico-orientato-allinformazione-scientifica-sul-farmaco\/\" target=\"_blank\" rel=\"noopener\">espressi sia i medici di medicina generale<\/a> sia <a href=\"https:\/\/www.fedaiisf.it\/wp-content\/uploads\/2021\/01\/giapponese-vai-a-f-c.jpeg\"><img loading=\"lazy\" decoding=\"async\" class=\"size-full wp-image-55982 alignleft\" src=\"https:\/\/www.fedaiisf.it\/wp-content\/uploads\/2021\/01\/giapponese-vai-a-f-c.jpeg\" alt=\"\" width=\"368\" height=\"58\" srcset=\"https:\/\/www.fedaiisf.it\/wp-content\/uploads\/2021\/01\/giapponese-vai-a-f-c.jpeg 368w, https:\/\/www.fedaiisf.it\/wp-content\/uploads\/2021\/01\/giapponese-vai-a-f-c-300x47.jpeg 300w\" sizes=\"auto, (max-width: 368px) 100vw, 368px\" \/><\/a>noi. Ci ha incuriosito il riferimento all&#8217;etimo giapponese della parola crisi:\u00a0\u5371\u6a5f = w\u0113ij\u012b, sia nell&#8217;accezione \u00a0\u5371=\u201dpericolo\u201d sia \u6a5f=\u201dopportunit\u00e0\u201d. <\/em>Uno slogan motivazionale.<\/p>\n<p><em>Noi potremo prendere in prestito l&#8217;espressione in Swahili &#8220;usimamizi wa mgogoro&#8221; nella sua accezione &#8220;crisi del management&#8221;. E non pu\u00f2 essere altrimenti se un manager deve cercare un etimo giapponese rinnegando le origini latine e greche del vocabolo:\u00a0latino\u00a0<span class=\"testo_corsivo\">crisis<\/span>, greco\u00a0<span class=\"Testo_grecy_y\">\u03ba\u03c1\u03af\u03c3\u03b9\u03c2<\/span> \u00abscelta, decisione, fase decisiva di una malattia\u00bb, derivato di <span class=\"Testo_grecy_y\">\u03ba\u03c1\u03af\u03bd\u03c9<\/span> \u00abdistinguere, giudicare\u00bb,\u00a0improvvisa modificazione nella vita di un individuo o di una collettivit\u00e0, con effetti pi\u00f9 o meno gravi e duraturi.<\/em><\/p>\n<p><em>In italiano esiste gi\u00e0 la parola\u00a0resilienza che ha guadagnato, negli ultimi anni, una sorprendente popolarit\u00e0.\u00a0Resilienza ha un\u2019origine latina: il verbo resilire si forma dall\u2019aggiunta del prefisso re- al verbo salire \u2018saltare, fare balzi, zampillare\u2019, col significato immediato di \u2018saltare indietro, ritornare in fretta, di colpo, rimbalzare, per estensione in psicologia \u00e8 la capacit\u00e0 di recuperare l\u2019equilibrio psicologico a seguito di un trauma, l\u2019adattabilit\u00e0. Riferito alla parola crisi: lo spirito di resilienza rappresenta la capacit\u00e0 di sopravvivere ad un fatto negativo senza farsi sopraffare, anzi \u00e8 la capacit\u00e0 di reagire a esso con spirito di adattamento, ironia ed elasticit\u00e0 mentale e cogliere nuove opportunit\u00e0.<\/em><\/p>\n<p><em>Non ce ne voglia l&#8217;illustre manager, ma siamo gi\u00e0 soffocati da inutili anglicismi, utili solo a mascherare a volte una triste verit\u00e0, e non ci manca certo ora l&#8217;idioma nipponico. L&#8217;italiano \u00e8 una lingua bellissima e non ha bisogno di essere colonizzata da idiomi del tutto estranei alla nostra civilt\u00e0.<\/em><\/p>\n<p>Related news: <strong><a href=\"https:\/\/studiaregiapponese.com\/2016\/10\/08\/miti-da-sfatare-crisi-come-opportunita\/\" target=\"_blank\" rel=\"noopener\">Miti da sfatare &#8211; Crisi come opportunit\u00e0<\/a><\/strong><\/p>\n<p>&nbsp;<\/p>\n<p>&nbsp;<\/p>","protected":false},"excerpt":{"rendered":"<p>Su AboutPharma \u00e8 stato pubblicato un redazionale AstraZeneca che analizza la trasformazione del SSN in epoca di pandemia e le opportunit\u00e0 da cogliere. Riportiamo la parte che riguarda l&#8217;informazione scientifica rimandando all&#8217;articolo la lettura integrale. Semplificazione, digital, territorio, etc.: AstraZeneca e societ\u00e0 scientifiche a confronto sul futuro del Ssn La pandemia accelera la trasformazione del &hellip;<\/p>","protected":false},"author":4,"featured_media":52132,"comment_status":"closed","ping_status":"closed","sticky":false,"template":"","format":"standard","meta":{"footnotes":""},"categories":[1,48],"tags":[],"class_list":["post-55973","post","type-post","status-publish","format-standard","has-post-thumbnail","hentry","category-notizie","category-note-di-redazione"],"amp_enabled":true,"_links":{"self":[{"href":"https:\/\/www.fedaiisf.it\/en\/wp-json\/wp\/v2\/posts\/55973","targetHints":{"allow":["GET"]}}],"collection":[{"href":"https:\/\/www.fedaiisf.it\/en\/wp-json\/wp\/v2\/posts"}],"about":[{"href":"https:\/\/www.fedaiisf.it\/en\/wp-json\/wp\/v2\/types\/post"}],"author":[{"embeddable":true,"href":"https:\/\/www.fedaiisf.it\/en\/wp-json\/wp\/v2\/users\/4"}],"replies":[{"embeddable":true,"href":"https:\/\/www.fedaiisf.it\/en\/wp-json\/wp\/v2\/comments?post=55973"}],"version-history":[{"count":0,"href":"https:\/\/www.fedaiisf.it\/en\/wp-json\/wp\/v2\/posts\/55973\/revisions"}],"wp:featuredmedia":[{"embeddable":true,"href":"https:\/\/www.fedaiisf.it\/en\/wp-json\/wp\/v2\/media\/52132"}],"wp:attachment":[{"href":"https:\/\/www.fedaiisf.it\/en\/wp-json\/wp\/v2\/media?parent=55973"}],"wp:term":[{"taxonomy":"category","embeddable":true,"href":"https:\/\/www.fedaiisf.it\/en\/wp-json\/wp\/v2\/categories?post=55973"},{"taxonomy":"post_tag","embeddable":true,"href":"https:\/\/www.fedaiisf.it\/en\/wp-json\/wp\/v2\/tags?post=55973"}],"curies":[{"name":"wp","href":"https:\/\/api.w.org\/{rel}","templated":true}]}}