{"id":56039,"date":"2021-01-24T11:55:35","date_gmt":"2021-01-24T10:55:35","guid":{"rendered":"https:\/\/www.fedaiisf.it\/?p=56039"},"modified":"2021-01-24T12:33:41","modified_gmt":"2021-01-24T11:33:41","slug":"frosinone-accordo-asl-e-sez-aiisf","status":"publish","type":"post","link":"https:\/\/www.fedaiisf.it\/en\/frosinone-accordo-asl-e-sez-aiisf\/","title":{"rendered":"Frosinone. Accordo ASL e Sez. AIISF"},"content":{"rendered":"<p>THE<span style=\"font-size: 14pt; color: #000000;\"> vaccini, ma anche gli anticorpi monoclonali: sono queste le armi a disposizione della scienza da qui al prossimo futuro. Se ne \u00e8 parlato in un incontro promosso dal Consiglio Regionale, mentre la Asl di Frosinone, per arrivare a pi\u00f9 persone possibile, si far\u00e0 aiutare dagli informatori scientifici nel divulgare l&#8217;importanza dei vaccini.<\/span><\/p>\n<p><span style=\"font-size: 14pt; color: #000000;\">Gli informatori sensibilizzeranno la popolazione sull&#8217;importanza della vaccinazione<\/span><\/p>\n<p><span style=\"font-size: 14pt; color: #000000;\">Riportiamo a tale proposito il video dell&#8217;intervista a Carlo Di Nallo, del direttivo federale Fedaiisf, in occasione dell&#8217;incontro promossi dal Consiglio Regionale del Lazio.<\/span><\/p>\n<p style=\"text-align: center;\"><span style=\"font-size: 14pt;\"><strong><a href=\"https:\/\/youtu.be\/X2LaH6Qcj7k?t=59\" target=\"_blank\" rel=\"noopener\">VIDEO<\/a>\u00a0<\/strong><\/span><\/p>\n<p>&nbsp;<\/p>\n<p><a href=\"https:\/\/www.fedaiisf.it\/wp-content\/uploads\/2021\/01\/Frosinone-vaccini-anti-covid_SOURCE-2-1.jpg\"><img loading=\"lazy\" decoding=\"async\" class=\"size-full wp-image-56041 aligncenter\" src=\"https:\/\/www.fedaiisf.it\/wp-content\/uploads\/2021\/01\/Frosinone-vaccini-anti-covid_SOURCE-2-1.jpg\" alt=\"\" width=\"1000\" height=\"563\" srcset=\"https:\/\/www.fedaiisf.it\/wp-content\/uploads\/2021\/01\/Frosinone-vaccini-anti-covid_SOURCE-2-1.jpg 1000w, https:\/\/www.fedaiisf.it\/wp-content\/uploads\/2021\/01\/Frosinone-vaccini-anti-covid_SOURCE-2-1-300x169.jpg 300w, https:\/\/www.fedaiisf.it\/wp-content\/uploads\/2021\/01\/Frosinone-vaccini-anti-covid_SOURCE-2-1-768x432.jpg 768w, https:\/\/www.fedaiisf.it\/wp-content\/uploads\/2021\/01\/Frosinone-vaccini-anti-covid_SOURCE-2-1-390x220.jpg 390w\" sizes=\"auto, (max-width: 1000px) 100vw, 1000px\" \/><\/a><\/p>","protected":false},"excerpt":{"rendered":"<p>I vaccini, ma anche gli anticorpi monoclonali: sono queste le armi a disposizione della scienza da qui al prossimo futuro. Se ne \u00e8 parlato in un incontro promosso dal Consiglio Regionale, mentre la Asl di Frosinone, per arrivare a pi\u00f9 persone possibile, si far\u00e0 aiutare dagli informatori scientifici nel divulgare l&#8217;importanza dei vaccini. Gli informatori &hellip;<\/p>","protected":false},"author":4,"featured_media":56042,"comment_status":"closed","ping_status":"closed","sticky":false,"template":"","format":"standard","meta":{"footnotes":""},"categories":[14],"tags":[45],"class_list":["post-56039","post","type-post","status-publish","format-standard","has-post-thumbnail","hentry","category-news-fedaiisf","tag-fedaiisf"],"amp_enabled":true,"_links":{"self":[{"href":"https:\/\/www.fedaiisf.it\/en\/wp-json\/wp\/v2\/posts\/56039","targetHints":{"allow":["GET"]}}],"collection":[{"href":"https:\/\/www.fedaiisf.it\/en\/wp-json\/wp\/v2\/posts"}],"about":[{"href":"https:\/\/www.fedaiisf.it\/en\/wp-json\/wp\/v2\/types\/post"}],"author":[{"embeddable":true,"href":"https:\/\/www.fedaiisf.it\/en\/wp-json\/wp\/v2\/users\/4"}],"replies":[{"embeddable":true,"href":"https:\/\/www.fedaiisf.it\/en\/wp-json\/wp\/v2\/comments?post=56039"}],"version-history":[{"count":0,"href":"https:\/\/www.fedaiisf.it\/en\/wp-json\/wp\/v2\/posts\/56039\/revisions"}],"wp:featuredmedia":[{"embeddable":true,"href":"https:\/\/www.fedaiisf.it\/en\/wp-json\/wp\/v2\/media\/56042"}],"wp:attachment":[{"href":"https:\/\/www.fedaiisf.it\/en\/wp-json\/wp\/v2\/media?parent=56039"}],"wp:term":[{"taxonomy":"category","embeddable":true,"href":"https:\/\/www.fedaiisf.it\/en\/wp-json\/wp\/v2\/categories?post=56039"},{"taxonomy":"post_tag","embeddable":true,"href":"https:\/\/www.fedaiisf.it\/en\/wp-json\/wp\/v2\/tags?post=56039"}],"curies":[{"name":"wp","href":"https:\/\/api.w.org\/{rel}","templated":true}]}}