{"id":56059,"date":"2021-01-25T08:42:50","date_gmt":"2021-01-25T07:42:50","guid":{"rendered":"https:\/\/www.fedaiisf.it\/?p=56059"},"modified":"2021-01-25T12:16:11","modified_gmt":"2021-01-25T11:16:11","slug":"nomos-la-giornata-parlamentare-del-25-gennaio-2021","status":"publish","type":"post","link":"https:\/\/www.fedaiisf.it\/en\/nomos-la-giornata-parlamentare-del-25-gennaio-2021\/","title":{"rendered":"NOMOS. Parliamentary Day on 25 January 2021"},"content":{"rendered":"<header class=\"article-header clearfix\">\n<h1 class=\"article-title\"><a title=\"La Giornata Parlamentare del 25 gennaio 2021\" href=\"https:\/\/www.nomoscsp.com\/settimana-in-parlamento\/la-giornata-parlamentare-del-25-gennaio-2021.html\" target=\"_blank\" rel=\"noopener\">La Giornata Parlamentare del 25 gennaio 2021<\/a><\/h1>\n<\/header>\n<aside class=\"article-aside clearfix\">\n<dl class=\"article-info muted\">\n<dd class=\"published hasTooltip\" title=\"\" data-original-title=\"Pubblicato: \"><a href=\"https:\/\/www.nomoscsp.com\/settimana-in-parlamento\/la-giornata-parlamentare-del-25-gennaio-2021.html\" target=\"_blank\" rel=\"noopener\"><time datetime=\"2021-01-25T08:06:28+01:00\">Fonte NOMOS &#8211; 25 GENNAIO 2021 <\/time><\/a><\/dd>\n<\/dl>\n<\/aside>\n<section class=\"article-content clearfix\">\n<h3><b>The Senate Hall<\/b><\/h3>\n<p>L&#039;<b>Senate assembly<\/b> torner\u00e0 a riunirsi domani alle 16.30 per le <b>Comunicazioni del Presidente<\/b> <b>Maria Elisabetta Alberti Casellati sul calendario dei lavori.<\/b><\/p>\n<h3><b>The Senate Committees<\/b><\/h3>\n<p><a href=\"https:\/\/www.fedaiisf.it\/wp-content\/uploads\/2020\/11\/palazzo_montecitorio-1.jpg\"><img loading=\"lazy\" decoding=\"async\" class=\"wp-image-54759 alignright\" src=\"https:\/\/www.fedaiisf.it\/wp-content\/uploads\/2020\/11\/palazzo_montecitorio-1.jpg\" alt=\"\" width=\"348\" height=\"232\" srcset=\"https:\/\/www.fedaiisf.it\/wp-content\/uploads\/2020\/11\/palazzo_montecitorio-1.jpg 768w, https:\/\/www.fedaiisf.it\/wp-content\/uploads\/2020\/11\/palazzo_montecitorio-1-300x200.jpg 300w, https:\/\/www.fedaiisf.it\/wp-content\/uploads\/2020\/11\/palazzo_montecitorio-1-274x183.jpg 274w, https:\/\/www.fedaiisf.it\/wp-content\/uploads\/2020\/11\/palazzo_montecitorio-1-80x54.jpg 80w, https:\/\/www.fedaiisf.it\/wp-content\/uploads\/2020\/11\/palazzo_montecitorio-1-130x87.jpg 130w, https:\/\/www.fedaiisf.it\/wp-content\/uploads\/2020\/11\/palazzo_montecitorio-1-359x240.jpg 359w, https:\/\/www.fedaiisf.it\/wp-content\/uploads\/2020\/11\/palazzo_montecitorio-1-85x57.jpg 85w, https:\/\/www.fedaiisf.it\/wp-content\/uploads\/2020\/11\/palazzo_montecitorio-1-546x365.jpg 546w, https:\/\/www.fedaiisf.it\/wp-content\/uploads\/2020\/11\/palazzo_montecitorio-1-165x109.jpg 165w, https:\/\/www.fedaiisf.it\/wp-content\/uploads\/2020\/11\/palazzo_montecitorio-1-112x75.jpg 112w, https:\/\/www.fedaiisf.it\/wp-content\/uploads\/2020\/11\/palazzo_montecitorio-1-179x120.jpg 179w, https:\/\/www.fedaiisf.it\/wp-content\/uploads\/2020\/11\/palazzo_montecitorio-1-170x113.jpg 170w, https:\/\/www.fedaiisf.it\/wp-content\/uploads\/2020\/11\/palazzo_montecitorio-1-81x55.jpg 81w, https:\/\/www.fedaiisf.it\/wp-content\/uploads\/2020\/11\/palazzo_montecitorio-1-765x510.jpg 765w\" sizes=\"auto, (max-width: 348px) 100vw, 348px\" \/><\/a>As regards the <b>Commissions<\/b>, the <b>Constitutional affairs<\/b> si confronter\u00e0 sul decreto recante ulteriori disposizioni urgenti in materia di contenimento e prevenzione dell&#8217;emergenza epidemiologica da COVID-19 e di svolgimento delle elezioni per l&#8217;anno 2021, sul ddl per l\u2019istituzione di una Commissione d\u2019inchiesta sulla diffusione d\u2019informazioni false, sullo schema di decreto del Presidente del Consiglio dei ministri in materia di notifiche degli incidenti aventi impatto su reti, sistemi informativi e servizi informatici e sul ddl per la tutela costituzionale dell&#8217;ambiente. A seguire esaminer\u00e0 il decreto per fronteggiare i rischi sanitari connessi alla diffusione del virus COVID-19 e, con la Giustizia, il ddl per la prevenzione e il contrasto del fenomeno del bullismo e sulle misure rieducative dei minori. La <b>Justice <\/b>esaminer\u00e0 il disegno di legge per l\u2019istituzione e funzionamento delle Camere arbitrali dell&#8217;avvocatura, il ddl di delega al Governo per l&#8217;efficienza del processo civile e il ddl per la sospensione della decorrenza di termini relativi ad adempimenti a carico del libero professionista in caso di malattia o d\u2019infortunio. La <b>Foreign<\/b> esaminer\u00e0 il ddl per l\u2019istituzione di una zona economica esclusiva oltre il limite esterno del mare territoriale. La <b>Finances<\/b> ascolter\u00e0 i rappresentanti dell\u2019Unione giudici tributari, dell\u2019Associazione magistrati tributari e dell\u2019Istat nell\u2019ambito dell\u2019indagine conoscitiva sulla riforma dell&#8217;IRPEF; sul medesimo argomento gioved\u00ec ascolter\u00e0 l\u2019UPB e il Professor Maurizio Leo. A seguire esaminer\u00e0 il ddl per l\u2019istituzione della zona economica aree montane della Sicilia e sul ddl per il recupero dei crediti in sofferenza.<\/p>\n<p>Mercoled\u00ec alle 14.00 la <b>Instruction<\/b> ascolter\u00e0 il Ministro per i beni e le attivit\u00e0 culturali e per il turismo <b>Dario Franceschini<\/b> sulle iniziative previste dal Piano Nazionale di Ripresa e Resilienza in materia di beni e attivit\u00e0 culturali, nonch\u00e9 sulle misure a sostegno della cultura e del settore dello spettacolo dal vivo. La <b>Public Works<\/b>, with the <b>Istruzione,<\/b> ascolter\u00e0 i rappresentanti di Lega Serie A, Lega Serie B, Lega Pro e Lega dilettanti sullo schema di decreto legislativo per il riordino e riforma delle norme di sicurezza per la costruzione e l&#8217;esercizio degli impianti sportivi e della normativa in materia di ammodernamento o costruzione d\u2019impianti sportivi. Successivamente svolger\u00e0 diverse audizioni sullo schema di piano industriale della societ\u00e0 <i>Italy Air Transport Spa<\/i>.<span class=\"Apple-converted-space\">\u00a0 <\/span>There <b>Agriculture<\/b> svolger\u00e0 alcune audizioni sul ddl per la disciplina del settore florovivaistico e alcune sulle problematiche inerenti alla crisi delle filiere agricole causate dall\u2019emergenza da COVID-19. Esaminer\u00e0 poi il ddl sulla disciplina delle professioni del settore cinofilo, il ddl sulla valorizzazione della filiera produttiva del latte d\u2019asina italiano, il ddl per la promozione della coltivazione e della filiera agroindustriale della canapa, il ddl per la limitazione alla vendita sottocosto di prodotti agricoli e divieto di aste a doppio ribasso e ascolter\u00e0 i rappresentanti di Assodistil e Federvini sul ddl per la produzione artigianale di grappe e acquaviti.<\/p>\n<p>There <b>Industry<\/b> ascolter\u00e0 i rappresentanti di Federconsumatori sull\u2019affare assegnato sulla razionalizzazione, trasparenza e struttura di costo del mercato elettrico ed effetti in bolletta in capo agli utenti. Audir\u00e0 i rappresentanti di Booking.com sull\u2019affare assegnato sui sistemi di sostegno e di promozione dei servizi turistici e le filiere produttive associate alla valorizzazione del territorio. La <b>Work<\/b> svolger\u00e0 delle audizioni sull&#8217;affare assegnato riguardante la salute e la sicurezza del personale del comparto ferroviario. La <b>Health<\/b>, with the <b>Instruction<\/b>, svolger\u00e0 alcune audizioni sull\u2019impatto della didattica digitale integrata (DDI) sui processi di apprendimento e sul benessere psicofisico degli studenti. La <b>Politica dell\u2019UE<\/b> ascolter\u00e0 l&#8217;Ambasciatore del Portogallo Pedro Nuno B\u00e0rtolo sulle priorit\u00e0 della presidenza portoghese del Consiglio dell&#8217;Unione europea, audir\u00e0 il direttore dell&#8217;Agenzia delle dogane e dei monopoli Marcello Minenna sull\u2019Atto europeo per l\u2019istituzione dello sportello unico europeo per le dogane e svolger\u00e0 alcune audizioni sull\u2019Unione Europea della salute.<\/p>\n<p>Diverse commissioni, infine, inizieranno l\u2019esame, in sede consultiva, del <b>Proposta di Piano nazionale di ripresa e resilienza<\/b>. Una volta che tutte le Commissioni si saranno espresse, i loro pareri saranno riassunti in una relazione dalle Commissioni Bilancio (insieme alle Politiche Ue al Senato) che sar\u00e0 poi discussa dalle rispettive Assemblee di Camera e Senato.<\/p>\n<h3><b>The House Chamber<\/b><\/h3>\n<p>Nell\u2019arco della settimana <b>Chamber of the Chamber<\/b> esaminer\u00e0 la <b>Legge di delegazione europea 2019-2020<\/b>\u00a0e la Relazione consuntiva sulla\u00a0<b>partecipazione dell&#8217;Italia all&#8217;Unione europea riferita all&#8217;anno 2019<\/b>; le mozioni sulle iniziative per\u00a0<b>a large program of investments and measures in the health sector<\/b>\u00a0in relazione all&#8217;emergenza da Covid-19, e quelle sul ruolo del Ministero dell&#8217;economia e delle finanze nell&#8217;ambito\u00a0<b>del processo di vendita della societ\u00e0 <i>Borsa Italiana<\/i><\/b>. A seguire si confronter\u00e0 sulla domanda di autorizzazione all&#8217;<b>acquisizione di tabulati di comunicazioni nei confronti del deputato Zicchieri (Lega)<\/b>; sulla richiesta d\u2019<b>insindacabilit\u00e0<\/b> <b>nell&#8217;ambito di un<\/b>\u00a0<b>procedimento penale<\/b>\u00a0nei confronti\u00a0<b>di Stefano Esposito<\/b>\u00a0<i>(deputato all&#8217;epoca dei fatti); <\/i>sulla mozione relativa alle\u00a0<b>palliative care<\/b> nel contesto dell&#8217;<b>emergenza pandemica da Covid-19<\/b>, sulla mozione per la definizione del\u00a0<b>Piano nazionale per l&#8217;infanzia e l&#8217;adolescenza,<\/b> sulla mozione per l\u2019individuazione del\u00a0<b>deposito nazionale per il combustibile nucleare irraggiato e i rifiuti radioattivi<\/b>, e sulla proposta di ratifica dell&#8217;Accordo\u00a0<b>Italia-Grecia<\/b>\u00a0on the\u00a0<b>delimitazione delle rispettive<\/b>\u00a0<b>zone marittime.<\/b> Mercoled\u00ec alle 16.00 dovrebbero tenersi le\u00a0<b>Comunicazioni<\/b>\u00a0<b>del Ministro della giustizia<\/b>\u00a0<b>Alfonso Bonafede<\/b> <b>sull&#8217;amministrazione della giustizia<\/b>. Come di consueto domani alle 11.00 discuter\u00e0 le <b>interpellanze<\/b>\u00a0<b>e interrogazioni<\/b>, mercoled\u00ec alle 15.00 svolger\u00e0 le <b>immediate response questions<\/b>\u00a0e venerd\u00ec alle 9.30 le\u00a0<b>urgent interpellations<\/b>.<\/p>\n<h3><b>House Committees<\/b><\/h3>\n<p>There <b>Constitutional affairs<\/b>, con la Bilancio, esaminer\u00e0 il cosiddetto decreto proroga termini il cui termine per la presentazione degli emendamenti \u00e8 stati fissato alle 12.00 di gioved\u00ec. Con la <b>Transportation<\/b> it will discuss the draft decree of the President of the Council of Ministers on notifications of incidents having an impact on networks, information systems and information services. There <b>Justice <\/b>proseguir\u00e0 il ciclo di audizioni sulle pdl per la riforma dell&#8217;ordinamento giudiziario e per l&#8217;adeguamento dell&#8217;ordinamento giudiziario militare, nonch\u00e9 disposizioni in materia ordinamentale, organizzativa e disciplinare, di eleggibilit\u00e0 e ricollocamento in ruolo dei magistrati e di costituzione e funzionamento del Consiglio superiore della magistratura. Esaminer\u00e0 il ddl per la tutela del rapporto tra detenute madri e figli minori e con la <b>Social Affairs <\/b>chieder\u00e0 una proroga del termine per la conclusione dei lavori della Commissione parlamentare d\u2019inchiesta sui fatti accaduti presso la comunit\u00e0 \u201cIl Forteto\u201d.<\/p>\n<p>There <b>Finances<\/b> svolger\u00e0 delle audizioni sulla pdl per la riforma dell&#8217;imposta sul reddito delle persone fisiche e altri aspetti del sistema tributario ed esaminer\u00e0 il decreto sulle misure urgenti in materia di accertamento, riscossione, nonch\u00e9 adempimenti e versamenti tributari. La <b>Culture<\/b> with the <b>Work<\/b>, esaminer\u00e0 lo schema di decreto legislativo per il riordino e la riforma delle disposizioni in materia di enti sportivi professionistici e dilettantistici nonch\u00e9 di lavoro sportivo, mentre con l\u2019<b>Environment<\/b> the discussion and the cycle of hearings will continue on the draft legislative decree on the reorganization and reform of the safety regulations for the construction and operation of sports facilities and on the legislation on the modernization or construction of sports facilities. There <b>Environment<\/b> with the <b>Transportation<\/b> proseguir\u00e0 il confronto sul decreto del Presidente del Consiglio dei ministri per l&#8217;individuazione degli interventi infrastrutturali e gioved\u00ec alle 14.45 ascolter\u00e0 la Ministra delle infrastrutture e dei trasporti <b>Paula DeMicheli<\/b> nell&#8217;ambito dell&#8217;esame della Proposta di Piano Nazionale di ripresa e resilienza. La <b>Transportation<\/b> will examine the outline of the business plan of the company <i>Italy Air Transport Spa<\/i>, la pdl sulla disciplina del volo da diporto o sportivo e ascolter\u00e0 i rappresentanti di Confartigianato Imprese, Confcooperative lavoro e servizi, e CNA Fita Trasporto persone sullo stato del trasporto pubblico locale con riferimento all&#8217;emergenza sanitaria.<\/p>\n<p>L&#039;<b>Productive activities<\/b> si confronter\u00e0 e svolger\u00e0 diverse audizioni sulle risoluzioni per agevolare il passaggio dal mercato tutelato al mercato libero dell&#8217;energia elettrica in vista dell&#8217;uscita dal regime di maggior tutela per microimprese e clienti domestici. Infine ascolter\u00e0 i rappresentanti del Consiglio nazionale dei dottori commercialisti ed esperti contabili (CNDCEC) nell&#8217;ambito dell&#8217;esame della pdl di delega al Governo per la riforma della disciplina dell&#8217;amministrazione straordinaria delle grandi imprese in stato d\u2019insolvenza. La <b>Work<\/b> svolger\u00e0 alcune audizioni sulla pdl per l&#8217;accesso anticipato al pensionamento per i lavoratori delle imprese edili e affini, e alcune sulla risoluzione per l&#8217;applicazione della normativa in materia di contratti a tempo determinato introdotta dal cosiddetto decreto Dignit\u00e0; si confronter\u00e0 poi sulla pdl in materia di lavoro, occupazione e incremento della produttivit\u00e0. La <b>Social Affairs<\/b>, al pari di alcune altre Commissioni, svolger\u00e0 diverse audizioni sulla Proposta di Piano nazionale di ripresa e resilienza. La <b>Agriculture<\/b> si confronter\u00e0 sull\u2019Atto europeo <i>Una strategia \u201cDal produttore al consumatore\u201d per un sistema alimentare equo, sano e rispettoso dell&#8217;ambiente<\/i>. Infine la <b>EU policies<\/b> svolger\u00e0 diverse audizioni sulla proposta di direttiva del Parlamento europeo e del Consiglio relativa a salari minimi adeguati nell&#8217;Unione europea.<\/p>\n<\/section>","protected":false},"excerpt":{"rendered":"<p>La Giornata Parlamentare del 25 gennaio 2021 Fonte NOMOS &#8211; 25 GENNAIO 2021 L\u2019Aula del Senato L\u2019Assemblea del Senato torner\u00e0 a riunirsi domani alle 16.30 per le Comunicazioni del Presidente Maria Elisabetta Alberti Casellati sul calendario dei lavori. Le Commissioni del Senato Per quanto riguarda le Commissioni, la Affari Costituzionali si confronter\u00e0 sul decreto recante &hellip;<\/p>","protected":false},"author":4,"featured_media":54358,"comment_status":"closed","ping_status":"closed","sticky":false,"template":"","format":"standard","meta":{"footnotes":""},"categories":[1],"tags":[],"class_list":["post-56059","post","type-post","status-publish","format-standard","has-post-thumbnail","hentry","category-notizie"],"amp_enabled":true,"_links":{"self":[{"href":"https:\/\/www.fedaiisf.it\/en\/wp-json\/wp\/v2\/posts\/56059","targetHints":{"allow":["GET"]}}],"collection":[{"href":"https:\/\/www.fedaiisf.it\/en\/wp-json\/wp\/v2\/posts"}],"about":[{"href":"https:\/\/www.fedaiisf.it\/en\/wp-json\/wp\/v2\/types\/post"}],"author":[{"embeddable":true,"href":"https:\/\/www.fedaiisf.it\/en\/wp-json\/wp\/v2\/users\/4"}],"replies":[{"embeddable":true,"href":"https:\/\/www.fedaiisf.it\/en\/wp-json\/wp\/v2\/comments?post=56059"}],"version-history":[{"count":0,"href":"https:\/\/www.fedaiisf.it\/en\/wp-json\/wp\/v2\/posts\/56059\/revisions"}],"wp:featuredmedia":[{"embeddable":true,"href":"https:\/\/www.fedaiisf.it\/en\/wp-json\/wp\/v2\/media\/54358"}],"wp:attachment":[{"href":"https:\/\/www.fedaiisf.it\/en\/wp-json\/wp\/v2\/media?parent=56059"}],"wp:term":[{"taxonomy":"category","embeddable":true,"href":"https:\/\/www.fedaiisf.it\/en\/wp-json\/wp\/v2\/categories?post=56059"},{"taxonomy":"post_tag","embeddable":true,"href":"https:\/\/www.fedaiisf.it\/en\/wp-json\/wp\/v2\/tags?post=56059"}],"curies":[{"name":"wp","href":"https:\/\/api.w.org\/{rel}","templated":true}]}}