{"id":56089,"date":"2021-01-27T18:45:44","date_gmt":"2021-01-27T17:45:44","guid":{"rendered":"https:\/\/www.fedaiisf.it\/?p=56089"},"modified":"2021-01-27T19:13:34","modified_gmt":"2021-01-27T18:13:34","slug":"lombardia-la-vaccinazione-degli-informatori-inserita-nella-fase-1-bis","status":"publish","type":"post","link":"https:\/\/www.fedaiisf.it\/en\/lombardia-la-vaccinazione-degli-informatori-inserita-nella-fase-1-bis\/","title":{"rendered":"Lombardia. La vaccinazione degli Informatori inserita nella fase 1 bis"},"content":{"rendered":"<p><span style=\"font-size: 14pt;\"><b>Lombardia: vaccini Covid, la fase 1 termina 5 marzo<\/b><\/span><\/p>\n<p><a href=\"https:\/\/www.milanotoday.it\/attualita\/coronavirus\/vaccini-covid-moratti-fase-1.html\" target=\"_blank\" rel=\"noopener\">Milano Today &#8211; 27 gennaio 2021<\/a><\/p>\n<p><a href=\"https:\/\/www.fedaiisf.it\/wp-content\/uploads\/2021\/01\/ISF-Lombardia-4-piano-vaccinale-1-bis.jpg\"><img loading=\"lazy\" decoding=\"async\" class=\"wp-image-56092 alignright\" src=\"https:\/\/www.fedaiisf.it\/wp-content\/uploads\/2021\/01\/ISF-Lombardia-4-piano-vaccinale-1-bis.jpg\" alt=\"\" width=\"569\" height=\"338\" srcset=\"https:\/\/www.fedaiisf.it\/wp-content\/uploads\/2021\/01\/ISF-Lombardia-4-piano-vaccinale-1-bis.jpg 673w, https:\/\/www.fedaiisf.it\/wp-content\/uploads\/2021\/01\/ISF-Lombardia-4-piano-vaccinale-1-bis-300x178.jpg 300w\" sizes=\"auto, (max-width: 569px) 100vw, 569px\" \/><\/a>Gli operatori sanitari e socio-sanitari delle strutture di ricovero e gli ospiti delle Rsa, ovvero la popolazione da vaccinare contro il Covid nella cosiddetta fase 1 della campagna di vaccinazioni, sono 340 mila in Lombardia; 320 mila di loro hanno aderito.<\/p>\n<p>Lo ha fatto sapere Letizia Moratti, assessore regionale al Welfare, spiegando che fino al 26 gennaio sono stati vaccinati in 246.271 su 305.820 dosi consegnate, pari al 78,5%.<\/p>\n<p>Con questi numeri, il termine della\u00a0fase 1 \u00e8 previsto per il 5 marzo 2021, dopodich\u00e9 si potr\u00e0 partire con quella che \u00e8 stata definita fase 1 bis, riguardante le residenzialit\u00e0 psichiatrica, l&#8217;assistenza domiciliare e i loro operatori, i centri diurni, i farmacisti, le professioni odontoiatriche, la sanit\u00e0 militare e il personale da utilizzare nelle fase successive, come la polizia di stato, gli ambulatori accreditati, i medici liberi professionisti, <strong><span style=\"color: #000000;\">gli informatori scientifici del farmaco<\/span><\/strong> e altri operatori.<\/p>\n<div id=\"beacon_a1940a3bf1\"><img loading=\"lazy\" decoding=\"async\" src=\"https:\/\/vda.milanotoday.it\/~vda\/___\/s.php\/?_=_&amp;bannerid=0&amp;campaignid=0&amp;zoneid=77147&amp;loc=https%3A%2F%2Fwww.milanotoday.it%2Fattualita%2Fcoronavirus%2Fvaccini-covid-moratti-fase-1.html&amp;referer=https%3A%2F%2Fwww.google.it&amp;cb=a1940a3bf1\" alt=\"\" width=\"0\" height=\"0\" \/>&#8220;La fase 1 bis dovrebbe chiudersi attorno al 25-26 marzo&#8221;, ha detto la Moratti: &#8220;Da quel momento potrebbe partire la fase 2 che riguarda gli ultra ottantenni (circa 700 mila persone), le persone dai 60 ai 79 anni\u00a0(2 milioni) e i cronici fragili indipendentemente dall&#8217;et\u00e0&#8221;. La Moratti ha infine rassicurato sul fatto che le seconde dosi di vaccino, &#8220;alle consegne attuali&#8221;, sono certe per tutti secondo questa tabella di marcia.<\/div>\n<p>&nbsp;<\/p>\n<p><span style=\"text-decoration: underline;\"><strong><a href=\"https:\/\/e.issuu.com\/embed.html?d=piano_vaccinazione_covid&amp;u=quotidianonet\" target=\"_blank\" rel=\"noopener\">Piano vaccinale Lombardia<\/a><\/strong><\/span><\/p>\n<p>&nbsp;<\/p>\n<p><a href=\"https:\/\/www.fedaiisf.it\/wp-content\/uploads\/2021\/01\/coronavirus-lombardia-adesione-vaccino-ISF-2.jpg\"><img loading=\"lazy\" decoding=\"async\" class=\"wp-image-56010 alignleft\" src=\"https:\/\/www.fedaiisf.it\/wp-content\/uploads\/2021\/01\/coronavirus-lombardia-adesione-vaccino-ISF-2-1024x536.jpg\" alt=\"\" width=\"579\" height=\"303\" srcset=\"https:\/\/www.fedaiisf.it\/wp-content\/uploads\/2021\/01\/coronavirus-lombardia-adesione-vaccino-ISF-2-1024x536.jpg 1024w, https:\/\/www.fedaiisf.it\/wp-content\/uploads\/2021\/01\/coronavirus-lombardia-adesione-vaccino-ISF-2-300x157.jpg 300w, https:\/\/www.fedaiisf.it\/wp-content\/uploads\/2021\/01\/coronavirus-lombardia-adesione-vaccino-ISF-2-768x402.jpg 768w, https:\/\/www.fedaiisf.it\/wp-content\/uploads\/2021\/01\/coronavirus-lombardia-adesione-vaccino-ISF-2.jpg 1200w\" sizes=\"auto, (max-width: 579px) 100vw, 579px\" \/><\/a><\/p>","protected":false},"excerpt":{"rendered":"<p>Lombardia: vaccini Covid, la fase 1 termina 5 marzo Milano Today &#8211; 27 gennaio 2021 Gli operatori sanitari e socio-sanitari delle strutture di ricovero e gli ospiti delle Rsa, ovvero la popolazione da vaccinare contro il Covid nella cosiddetta fase 1 della campagna di vaccinazioni, sono 340 mila in Lombardia; 320 mila di loro hanno &hellip;<\/p>","protected":false},"author":4,"featured_media":56093,"comment_status":"closed","ping_status":"closed","sticky":false,"template":"","format":"standard","meta":{"footnotes":""},"categories":[1],"tags":[21,154,39],"class_list":["post-56089","post","type-post","status-publish","format-standard","has-post-thumbnail","hentry","category-notizie","tag-informatori-scientifici","tag-regolamentazione-isf","tag-vaccini"],"amp_enabled":true,"_links":{"self":[{"href":"https:\/\/www.fedaiisf.it\/en\/wp-json\/wp\/v2\/posts\/56089","targetHints":{"allow":["GET"]}}],"collection":[{"href":"https:\/\/www.fedaiisf.it\/en\/wp-json\/wp\/v2\/posts"}],"about":[{"href":"https:\/\/www.fedaiisf.it\/en\/wp-json\/wp\/v2\/types\/post"}],"author":[{"embeddable":true,"href":"https:\/\/www.fedaiisf.it\/en\/wp-json\/wp\/v2\/users\/4"}],"replies":[{"embeddable":true,"href":"https:\/\/www.fedaiisf.it\/en\/wp-json\/wp\/v2\/comments?post=56089"}],"version-history":[{"count":0,"href":"https:\/\/www.fedaiisf.it\/en\/wp-json\/wp\/v2\/posts\/56089\/revisions"}],"wp:featuredmedia":[{"embeddable":true,"href":"https:\/\/www.fedaiisf.it\/en\/wp-json\/wp\/v2\/media\/56093"}],"wp:attachment":[{"href":"https:\/\/www.fedaiisf.it\/en\/wp-json\/wp\/v2\/media?parent=56089"}],"wp:term":[{"taxonomy":"category","embeddable":true,"href":"https:\/\/www.fedaiisf.it\/en\/wp-json\/wp\/v2\/categories?post=56089"},{"taxonomy":"post_tag","embeddable":true,"href":"https:\/\/www.fedaiisf.it\/en\/wp-json\/wp\/v2\/tags?post=56089"}],"curies":[{"name":"wp","href":"https:\/\/api.w.org\/{rel}","templated":true}]}}