{"id":56099,"date":"2021-01-28T06:30:13","date_gmt":"2021-01-28T05:30:13","guid":{"rendered":"https:\/\/www.fedaiisf.it\/?p=56099"},"modified":"2021-01-28T13:16:36","modified_gmt":"2021-01-28T12:16:36","slug":"filctem-ai-ministri-della-salute-dello-sviluppo-economico-e-alla-conferenza-delle-regioni-gli-isf-devono-rientrare-nel-personale-prioritariamente-da-vaccinare","status":"publish","type":"post","link":"https:\/\/www.fedaiisf.it\/en\/filctem-ai-ministri-della-salute-dello-sviluppo-economico-e-alla-conferenza-delle-regioni-gli-isf-devono-rientrare-nel-personale-prioritariamente-da-vaccinare\/","title":{"rendered":"Filctem to the Ministers of Health, Economic Development and the Conference of Regions: ISFs must be included in the priority staff to be vaccinated"},"content":{"rendered":"<p><a href=\"https:\/\/www.fedaiisf.it\/wp-content\/uploads\/2021\/01\/Filctem-ai-ministri.jpeg\"><img loading=\"lazy\" decoding=\"async\" class=\"alignnone size-large wp-image-56101\" src=\"https:\/\/www.fedaiisf.it\/wp-content\/uploads\/2021\/01\/Filctem-ai-ministri-1024x545.jpeg\" alt=\"\" width=\"1024\" height=\"545\" srcset=\"https:\/\/www.fedaiisf.it\/wp-content\/uploads\/2021\/01\/Filctem-ai-ministri-1024x545.jpeg 1024w, https:\/\/www.fedaiisf.it\/wp-content\/uploads\/2021\/01\/Filctem-ai-ministri-300x160.jpeg 300w, https:\/\/www.fedaiisf.it\/wp-content\/uploads\/2021\/01\/Filctem-ai-ministri-768x409.jpeg 768w, https:\/\/www.fedaiisf.it\/wp-content\/uploads\/2021\/01\/Filctem-ai-ministri.jpeg 1092w\" sizes=\"auto, (max-width: 1024px) 100vw, 1024px\" \/><\/a><\/p>\n<p style=\"text-align: justify;\"><span style=\"font-size: 14pt;\">Object: <strong>Vaccinazione anti-Covid per il personale del comparto chimico \/farmaceutico afferente alle Strutture Sanitarie.<\/strong><\/span><\/p>\n<p style=\"text-align: justify;\"><span style=\"color: #000000; font-size: 14pt;\">La Filctem Cgil Nazionale ritiene che la ricerca scientifica sia strumento imprescindibile per il progresso e la valorizzazione dell\u2019essere umano. Noi ci schieriamo senza indugio alcuno dalla parte della scienza con particolare gratitudine a chi ha consentito di avere la disponibilit\u00e0 della vaccina- zione in tempi mai cos\u00ec rapidi nella storia.<\/span><\/p>\n<p style=\"text-align: justify;\"><span style=\"color: #000000; font-size: 14pt;\">The pandemic has created inconvenience, difficulties, problems at all levels, but if possible, it has hit the world of work with unprecedented virulence.<\/span><\/p>\n<p style=\"text-align: justify;\"><span style=\"color: #000000; font-size: 14pt;\">Among the most exposed categories, since last March, the beginning of the restrictions envisaged by the government to protect public health, there are drug sales representatives and traveling technical personnel who work in medical-health facilities.<\/span><\/p>\n<p style=\"text-align: justify;\"><span style=\"color: #000000; font-size: 14pt;\">Lavoratrici e lavoratori, che per la specificit\u00e0 della propria professione hanno subito una modifica\u00a0<\/span><span style=\"color: #000000; font-size: 14pt;\">sostanziale della propria mansione, in ordine al mutare della curva del contagio, elemento questo che ha contribuito a portare la discussione nel merito trovando con la maggior parte delle aziende del settore che insistono su tutto il territorio nazionale, elementi di riflessione tali da non consentire il depauperamento del ruolo di questi professionisti fondamentali in ottica sanitaria.<\/span><\/p>\n<p style=\"text-align: justify;\"><span style=\"color: #000000; font-size: 14pt;\">Ora, riteniamo utile portare l\u2019attenzione dei vertici istituzionali nazionali, un ulteriore spunto di riflessione. Se il COVID ha interrotto, o reso pi\u00f9 difficoltose le relazioni Isf-medico, impedendone spesso il contatto face to face, in coerenza con il valore del ruolo ISF, gi\u00e0 pi\u00f9 volte manifestata, riteniamo utile chiedere che nella platea di personale prioritariamente da vaccinare rientri &#8211; a pieno titolo &#8211; anche quella degli Informatori medico scientifici e del personale tecnico. Alcune regioni si sono gi\u00e0 mosse in tal senso, in attesa di una eventuale indicazione nazionale univoca sul tema, che auspichiamo quanto prima.<\/span><\/p>\n<p style=\"text-align: justify;\"><span style=\"color: #000000; font-size: 14pt;\">The Isf - doctor - patient chain remains the broadest scheme for protecting the health of citizens and towns and would minimize the health risks of operators, already too exposed to the danger of contagion up to now.<\/span><\/p>\n<p style=\"text-align: justify;\"><span style=\"color: #000000; font-size: 14pt;\">Proponiamo questo ragionamento, non per avvallare inaccettabili \u201cclassifiche\u201d fra lavoratori e lavoratori, ma, anzi, per fare in modo che la diffusione dell\u2019informazione al personale medico e\/o della manutenzione delle attrezzature sanitarie &#8211; anche complesse &#8211; avvenga in sicurezza e nell\u2019ottica di garantire una cura migliore e pi\u00f9 capillare per tutti, in un momento in cui \u00e8 assolutamente necessario anche il ritorno immediato alla normalit\u00e0 di cure ed interventi chirurgici delle malattie non-Covid.<\/span><\/p>\n<p style=\"text-align: justify;\"><span style=\"color: #000000; font-size: 14pt;\">Sperando in un sollecito riscontro, si coglie l&#8217;occasione per porgere cordiali saluti.<\/span><\/p>\n<p style=\"text-align: center;\"><span style=\"color: #000000; font-size: 14pt;\">The National Secretariat <\/span><\/p>\n<p style=\"text-align: center;\"><span style=\"color: #000000; font-size: 14pt;\">FILCTEM CGIL<\/span><\/p>\n<p style=\"text-align: justify;\">\n<hr \/>\n<p>&nbsp;<\/p>\n<p><em>Per gentile concessione della Filctem CGIL<\/em><\/p>","protected":false},"excerpt":{"rendered":"<p>Oggetto: Vaccinazione anti-Covid per il personale del comparto chimico \/farmaceutico afferente alle Strutture Sanitarie. La Filctem Cgil Nazionale ritiene che la ricerca scientifica sia strumento imprescindibile per il progresso e la valorizzazione dell\u2019essere umano. Noi ci schieriamo senza indugio alcuno dalla parte della scienza con particolare gratitudine a chi ha consentito di avere la disponibilit\u00e0 &hellip;<\/p>","protected":false},"author":4,"featured_media":22912,"comment_status":"closed","ping_status":"closed","sticky":false,"template":"","format":"standard","meta":{"footnotes":""},"categories":[1],"tags":[21,44],"class_list":["post-56099","post","type-post","status-publish","format-standard","has-post-thumbnail","hentry","category-notizie","tag-informatori-scientifici","tag-sindacati"],"amp_enabled":true,"_links":{"self":[{"href":"https:\/\/www.fedaiisf.it\/en\/wp-json\/wp\/v2\/posts\/56099","targetHints":{"allow":["GET"]}}],"collection":[{"href":"https:\/\/www.fedaiisf.it\/en\/wp-json\/wp\/v2\/posts"}],"about":[{"href":"https:\/\/www.fedaiisf.it\/en\/wp-json\/wp\/v2\/types\/post"}],"author":[{"embeddable":true,"href":"https:\/\/www.fedaiisf.it\/en\/wp-json\/wp\/v2\/users\/4"}],"replies":[{"embeddable":true,"href":"https:\/\/www.fedaiisf.it\/en\/wp-json\/wp\/v2\/comments?post=56099"}],"version-history":[{"count":0,"href":"https:\/\/www.fedaiisf.it\/en\/wp-json\/wp\/v2\/posts\/56099\/revisions"}],"wp:featuredmedia":[{"embeddable":true,"href":"https:\/\/www.fedaiisf.it\/en\/wp-json\/wp\/v2\/media\/22912"}],"wp:attachment":[{"href":"https:\/\/www.fedaiisf.it\/en\/wp-json\/wp\/v2\/media?parent=56099"}],"wp:term":[{"taxonomy":"category","embeddable":true,"href":"https:\/\/www.fedaiisf.it\/en\/wp-json\/wp\/v2\/categories?post=56099"},{"taxonomy":"post_tag","embeddable":true,"href":"https:\/\/www.fedaiisf.it\/en\/wp-json\/wp\/v2\/tags?post=56099"}],"curies":[{"name":"wp","href":"https:\/\/api.w.org\/{rel}","templated":true}]}}