{"id":56298,"date":"2021-02-02T12:03:31","date_gmt":"2021-02-02T11:03:31","guid":{"rendered":"https:\/\/www.fedaiisf.it\/?p=56298"},"modified":"2021-02-02T12:06:29","modified_gmt":"2021-02-02T11:06:29","slug":"filctem-emilia-romagna-inserire-gli-isf-tra-gli-operatori-che-effettueranno-la-vaccinazione-anticovid-nelle-prime-fasi","status":"publish","type":"post","link":"https:\/\/www.fedaiisf.it\/en\/filctem-emilia-romagna-inserire-gli-isf-tra-gli-operatori-che-effettueranno-la-vaccinazione-anticovid-nelle-prime-fasi\/","title":{"rendered":"Filctem Emilia Romagna. Insert the ISF among the operators who will carry out the anticovid vaccination in the early stages"},"content":{"rendered":"<p><a href=\"https:\/\/www.fedaiisf.it\/wp-content\/uploads\/2021\/02\/Filctem-Emilia-su-ISF.jpeg\"><img loading=\"lazy\" decoding=\"async\" class=\"alignnone size-full wp-image-56299\" src=\"https:\/\/www.fedaiisf.it\/wp-content\/uploads\/2021\/02\/Filctem-Emilia-su-ISF.jpeg\" alt=\"\" width=\"900\" height=\"427\" srcset=\"https:\/\/www.fedaiisf.it\/wp-content\/uploads\/2021\/02\/Filctem-Emilia-su-ISF.jpeg 900w, https:\/\/www.fedaiisf.it\/wp-content\/uploads\/2021\/02\/Filctem-Emilia-su-ISF-300x142.jpeg 300w, https:\/\/www.fedaiisf.it\/wp-content\/uploads\/2021\/02\/Filctem-Emilia-su-ISF-768x364.jpeg 768w\" sizes=\"auto, (max-width: 900px) 100vw, 900px\" \/><\/a><\/p>\n<p style=\"text-align: justify;\"><span style=\"font-size: 14pt; color: #000000;\">La Filctem Cgil dell&#8217;Emilia-Romagna in questo periodo difficile di gestione della pandemia, in cui purtroppo continuano a farsi strada teorie non scientifiche che escludono, minimizzano, o motivano strumentalmente il contagio, ritiene di dovere sostenere fermamente la supremazia del sapere scientifico e sostenere la ricerca e la divulgazione di essa.<\/span><\/p>\n<p style=\"text-align: justify;\"><span style=\"font-size: 14pt; color: #000000;\">La Filctem \u00e8 presente al tavolo di discussione sulla regolamentazione dell&#8217;attivit\u00e0 degli Informatori Scientifici istituito dalla Regione, e condivide per intero la visione di un sistema sanitario trasparente ed efficiente, proprio a partire da una formazione scientifica del suo personale.<\/span><\/p>\n<p style=\"text-align: justify;\"><span style=\"font-size: 14pt; color: #000000;\">In questa ottica e anche in quella di garantire il prima possibile la massima sicurezza a tutti quei lavoratori impegnati in prima linea in ambito sanitario, la Filctem chiede alle Autorit\u00e0 Sanitarie della Regione Emilia Romagna, coordinandosi con le Autorit\u00e0 del Ministero della Salute, di inserire la categoria degli Informatori Scientifici e il personale tecnico viaggiante che opera presso le strutture medico-sanitarie, tra gli operatori che in ambito sanitario effettueranno la vaccinazione anticovid nelle prime fasi. Il COVID ha portato a modalit\u00e0 lavorative che escludono la presenza anche nel campo della formazione del personale sanitario. La Filctem dopo discussioni a livelli territoriali e nazionale \u00e8 giunta a ritenere ritiene\u00a0<\/span><\/p>\n<p style=\"text-align: justify;\"><span style=\"font-size: 14pt; color: #000000;\">Il rapporto diretto (face to face) Isf &#8211; medico &#8211; paziente rimane lo schema pi\u00f9 amplio di tutela della salute dei cittadini, per questo motivo occorre sforzarsi a perseguirlo in sicurezza ora e in futuro. Solo cos\u00ec consentiremo a questi lavoratori di svolgere a pieno la loro attivit\u00e0 professionale. Una attivit\u00e0 che spesso e sempre di pi\u00f9 rischia di essere ricondotta alle sole finalit\u00e0 commerciali dei grandi gruppi del settore.<\/span><\/p>\n<p style=\"text-align: right;\"><span style=\"font-size: 14pt; color: #000000;\">Filctem Cgil Emilia Romagna<\/span><\/p>\n<p style=\"text-align: justify;\"><span style=\"font-size: 14pt; color: #000000;\">Bologna, 1 Febbraio 2021<\/span><\/p>\n<p>&nbsp;<\/p>","protected":false},"excerpt":{"rendered":"<p>La Filctem Cgil dell&#8217;Emilia-Romagna in questo periodo difficile di gestione della pandemia, in cui purtroppo continuano a farsi strada teorie non scientifiche che escludono, minimizzano, o motivano strumentalmente il contagio, ritiene di dovere sostenere fermamente la supremazia del sapere scientifico e sostenere la ricerca e la divulgazione di essa. La Filctem \u00e8 presente al tavolo &hellip;<\/p>","protected":false},"author":4,"featured_media":56301,"comment_status":"closed","ping_status":"closed","sticky":false,"template":"","format":"standard","meta":{"footnotes":""},"categories":[1],"tags":[21,154,44],"class_list":["post-56298","post","type-post","status-publish","format-standard","has-post-thumbnail","hentry","category-notizie","tag-informatori-scientifici","tag-regolamentazione-isf","tag-sindacati"],"amp_enabled":true,"_links":{"self":[{"href":"https:\/\/www.fedaiisf.it\/en\/wp-json\/wp\/v2\/posts\/56298","targetHints":{"allow":["GET"]}}],"collection":[{"href":"https:\/\/www.fedaiisf.it\/en\/wp-json\/wp\/v2\/posts"}],"about":[{"href":"https:\/\/www.fedaiisf.it\/en\/wp-json\/wp\/v2\/types\/post"}],"author":[{"embeddable":true,"href":"https:\/\/www.fedaiisf.it\/en\/wp-json\/wp\/v2\/users\/4"}],"replies":[{"embeddable":true,"href":"https:\/\/www.fedaiisf.it\/en\/wp-json\/wp\/v2\/comments?post=56298"}],"version-history":[{"count":0,"href":"https:\/\/www.fedaiisf.it\/en\/wp-json\/wp\/v2\/posts\/56298\/revisions"}],"wp:featuredmedia":[{"embeddable":true,"href":"https:\/\/www.fedaiisf.it\/en\/wp-json\/wp\/v2\/media\/56301"}],"wp:attachment":[{"href":"https:\/\/www.fedaiisf.it\/en\/wp-json\/wp\/v2\/media?parent=56298"}],"wp:term":[{"taxonomy":"category","embeddable":true,"href":"https:\/\/www.fedaiisf.it\/en\/wp-json\/wp\/v2\/categories?post=56298"},{"taxonomy":"post_tag","embeddable":true,"href":"https:\/\/www.fedaiisf.it\/en\/wp-json\/wp\/v2\/tags?post=56298"}],"curies":[{"name":"wp","href":"https:\/\/api.w.org\/{rel}","templated":true}]}}