{"id":56317,"date":"2021-02-02T19:57:55","date_gmt":"2021-02-02T18:57:55","guid":{"rendered":"https:\/\/www.fedaiisf.it\/?p=56317"},"modified":"2021-02-02T20:08:20","modified_gmt":"2021-02-02T19:08:20","slug":"informatore-del-farmaco-un-ddl-per-trasformarlo-in-professione-sanitaria-ecco-perche-i-medici-potrebbero-ringraziare","status":"publish","type":"post","link":"https:\/\/www.fedaiisf.it\/en\/informatore-del-farmaco-un-ddl-per-trasformarlo-in-professione-sanitaria-ecco-perche-i-medici-potrebbero-ringraziare\/","title":{"rendered":"Drug informant, a bill to transform it into a health profession. That&#039;s why doctors might be thankful"},"content":{"rendered":"<p>Un Disegno di legge presentato da Rosa Menga (M5S) propone di inserire gli Informatori scientifici del farmaco all\u2019interno dell\u2019Ordine dei Chimici e dei Fisici. \u00abLa categoria non vuole pi\u00f9 essere confusa con i promotori e anche il medico vuole sapere chi ha di fronte\u00bb. L\u2019associazione di categoria Fedaiisf stima tra 40mila e 50mila il numero totale ma non esiste un censimento<\/p>\n<p><a href=\"https:\/\/www.sanitainformazione.it\/lavoro\/informatore-del-farmaco-un-ddl-per-trasformarlo-in-professione-sanitaria-trasparenza-e-deontologia-ecco-perche-i-medici-potrebbero-ringraziare\/\" target=\"_blank\" rel=\"noopener\">Sanit\u00e0 Informazione &#8211; 2 febbraio 2021<\/a><\/p>\n<div class=\"BorlabsCookie _brlbs-cb-youtube\">\n<div class=\"_brlbs-content-blocker\">\n<div class=\"_brlbs-embed _brlbs-video-youtube\"> <img decoding=\"async\" class=\"_brlbs-thumbnail\" src=\"https:\/\/www.fedaiisf.it\/wp-content\/plugins\/borlabs-cookie\/assets\/images\/cb-no-thumbnail.png\" alt=\"YouTube\"> <\/p>\n<div class=\"_brlbs-caption\">\n<p>By uploading the video, you agree to YouTube&#039;s privacy policy.<br \/><a href=\"https:\/\/policies.google.com\/privacy?hl=en&amp;gl=en\" target=\"_blank\" rel=\"nofollow noopener noreferrer\">Find out more<\/a><\/p>\n<p><a class=\"_brlbs-btn _brlbs-icon-play-white\" href=\"#\" data-borlabs-cookie-unblock role=\"button\">Upload the video<\/a><\/p>\n<p><label><input type=\"checkbox\" name=\"unblockAll\" value=\"1\" checked> <small>Always unblock YouTube<\/small><\/label><\/p>\n<\/p><\/div><\/div><\/div>\n<div class=\"borlabs-hide\" data-borlabs-cookie-type=\"content-blocker\" data-borlabs-cookie-id=\"youtube\"><script type=\"text\/template\">PGlmcmFtZSB0aXRsZT0iSW5mb3JtYXRvcmUgZGVsIGZhcm1hY28sIHVuIERkbCBwZXIgdHJhc2Zvcm1hcmxvIGluIHByb2Zlc3Npb25lIHNhbml0YXJpYSIgd2lkdGg9IjUwMCIgaGVpZ2h0PSIyODEiIHNyYz0iaHR0cHM6Ly93d3cueW91dHViZS1ub2Nvb2tpZS5jb20vZW1iZWQvanVYRzNTNHZERTQ\/ZmVhdHVyZT1vZW1iZWQiIGZyYW1lYm9yZGVyPSIwIiBhbGxvdz0iYWNjZWxlcm9tZXRlcjsgYXV0b3BsYXk7IGNsaXBib2FyZC13cml0ZTsgZW5jcnlwdGVkLW1lZGlhOyBneXJvc2NvcGU7IHBpY3R1cmUtaW4tcGljdHVyZTsgd2ViLXNoYXJlIiByZWZlcnJlcnBvbGljeT0ic3RyaWN0LW9yaWdpbi13aGVuLWNyb3NzLW9yaWdpbiIgYWxsb3dmdWxsc2NyZWVuPjwvaWZyYW1lPg==<\/script><\/div>\n<\/div>\n<p>Alcune regioni, come la Sicilia, li hanno inseriti tra le categorie da vaccinare prioritariamente perch\u00e9 sono professionisti che hanno accesso alle strutture sanitarie. Ma <strong>l\u2019Informatore scientifico del farmaco<\/strong>, ad oggi, non \u00e8 un professionista sanitario. Ed \u00e8 proprio su questo punto che si sta battendo da anni la <strong>Fedaisf<\/strong>, la Federazione delle Associazioni Italiane degli Informatori Scientifici del Farmaco e del Parafarmaco<strong>,<\/strong> che chiede anche la costituzione di un Albo da inserire in un Ordine professionale.<\/p>\n<p>\u00abStiamo lavorando assiduamente per un riconoscimento giuridico della professione. Siamo l\u2019unica professione in Italia che pur avendo 18 tra leggi, decreti e altre norme, non ha un Ordine. Ci sembra una mancanza grave\u00bb, spiega a <em>Health Information<\/em> <strong>Antonio Mazzarella<\/strong>, Presidente Fedaiisf.<\/p>\n<p>Ora per\u00f2 \u2013 crisi di governo permettendo \u2013 c\u2019\u00e8 all\u2019orizzonte una possibilit\u00e0 per dare dignit\u00e0 a questa professione: giace alla Camera dei deputati un Ddl (non ancora incardinato) a prima firma <a href=\"https:\/\/www.sanitainformazione.it\/politica\/rivedere-convenzione-mmg\/\" target=\"_blank\" rel=\"noopener\"><strong>Rosa Menga<\/strong><\/a>, giovane parlamentare del Movimento Cinque Stelle e Medico di famiglia in formazione.<\/p>\n<p>\u00abA questo professionista spetta un compito importante \u2013 spiega la deputata \u2013. Non la promozione di un determinato farmaco bens\u00ec l\u2019informazione scientifica. \u00c8 compito dell\u2019informatore scientifico <strong>l\u2019aggiornamento continuo del medico<\/strong> su quelle che sono le evidenze scientifiche che consentono di trattare al meglio i pazienti con i farmaci pi\u00f9 efficaci e le terapie pi\u00f9 innovative. Ma \u00e8 anche compito dell\u2019informatore la segnalazione degli eventi avversi, quindi la farmacovigilanza che \u00e8 anche essenziale per monitorare gli effetti collaterali che i farmaci, anche dopo l\u2019immissione in commercio, possono avere sui pazienti\u00bb.<\/p>\n<h3><img loading=\"lazy\" decoding=\"async\" class=\"size-full wp-image-56319 alignright\" src=\"https:\/\/www.fedaiisf.it\/wp-content\/uploads\/2021\/02\/ordine-professionale.jpg\" alt=\"\" width=\"400\" height=\"400\" srcset=\"https:\/\/www.fedaiisf.it\/wp-content\/uploads\/2021\/02\/ordine-professionale.jpg 400w, https:\/\/www.fedaiisf.it\/wp-content\/uploads\/2021\/02\/ordine-professionale-300x300.jpg 300w, https:\/\/www.fedaiisf.it\/wp-content\/uploads\/2021\/02\/ordine-professionale-150x150.jpg 150w\" sizes=\"auto, (max-width: 400px) 100vw, 400px\" \/>Il Ddl e l\u2019inserimento nell\u2019Ordine dei Chimici e dei Fisici<\/h3>\n<p>The <a href=\"https:\/\/www.camera.it\/leg18\/995?sezione=documenti&amp;tipoDoc=lavori_testo_pdl&amp;idLegislatura=18&amp;codice=leg.18.pdl.camera.2077.18PDL0078830&amp;back_to=https:\/\/www.camera.it\/leg18\/126?tab=2-e-leg=18-e-idDocumento=2077-e-sede=-e-tipo=\" target=\"_blank\" rel=\"noopener\"><strong>Ddl 2077<\/strong><\/a><strong>,<\/strong> intitolato \u201cDisposizioni per il riconoscimento della professione sanitaria di informatore scientifico del farmaco e per l\u2019istituzione del relativo albo professionale\u201d, prevede l\u2019inserimento dell\u2019Informatore scientifico del farmaco nell\u2019<strong>Ordine dei Fisici e dei Chimici <\/strong>riconducendo il rapporto di lavoro di tale categoria professionale alla disciplina del contratto collettivo nazionale di lavoro dell\u2019industria chimico-farmaceutica. E, soprattutto, il Ddl punta a modificare l\u2019articolo 122 del Decreto legislativo 219 del 2006 specificando che \u00abl\u2019informazione sui medicinali <strong>needs to <\/strong>essere fornita al medico e al farmacista dagli informatori scientifici\u00bb e non lasciata come semplice possibilit\u00e0.<\/p>\n<p>\u00abDa questo inserimento nell\u2019alveo delle professioni sanitarie \u2013 spiega Menga \u2013 deriverebbero una serie di tutele non soltanto per la categoria ma anche per i pazienti stessi che sono il fine ultimo del loro lavoro\u00bb.<\/p>\n<h3>Contratti e titoli di studio: una realt\u00e0 variegata<\/h3>\n<p>Oggi la realt\u00e0 degli informatori scientifici del farmaco \u00e8 piuttosto variegata. Non esiste un censimento ufficiale ma secondo la Fedaiisf il numero complessivo si aggira tra le <strong>40mila e le 50mila unit\u00e0<\/strong>, includendo anche gli informatori di <strong>parafarmaci, integratori e dispositivi medici<\/strong>. \u00abIn base al Decreto legislativo 219 del 2006 \u2013 spiega Mazzarella \u2013 le aziende del farmaco sono obbligate a comunicare a gennaio di ogni anno il numero, il nome e il tipo di contratto fatto agli informatori sul territorio. Questo per\u00f2 non lo fanno tutte le aziende. Inoltre, i parafarmaci sono normati da legge diverse rispetto al farmaco (sono classificati tra gli alimenti) e queste aziende non sono obbligate a comunicare niente a nessuno. Sono all\u2019incirca diecimila gli informatori del farmaco con un contratto nazionale, intorno ai <strong>15mila informatori<\/strong> con un contratto diverso da quello nazionale (a partita IVA) e almeno altri 20mila tra parafarmaco e dispositivi medici\u00bb.<\/p>\n<p>Oltre alle diversit\u00e0 contrattuali, gli informatori hanno anche diversi titoli di studio: ci sono laureati in <strong>biologia, farmacia, chimica e anche in medicina<\/strong>. Esistono anche dei corsi universitari in informazione scientifica, ma solo a Urbino e a Cosenza.<\/p>\n<p>\u00abCi\u00f2 che chiede la categoria dell\u2019informatore scientifico \u00e8 di essere riconosciuto nell\u2019importante ruolo di informazione scientifica e non essere pi\u00f9 confuso come il venditore porta a porta \u2013 spiega ancora l\u2019onorevole Menga -. Ma lo chiede anche il professionista sanitario che interagisce con l\u2019informatore: affinch\u00e9 i rapporti siano chiari e trasparenti \u00e8 necessario che anche il medico che riceve l\u2019informazione sappia chi ha di fronte, se un informatore o un promotore. Il riconoscimento come professione sanitaria e l\u2019istituzione di un Albo in capo a un Ordine professionale scientifico serve anche a <strong>regolamentare i rapporti tra gli informatori scientifici e gli altri professionisti sanitari<\/strong> e a prevedere un codice deontologico a cui gli informatori scientifici devono poi attenersi. Purtroppo spesso gli informatori scientifici sono degli strumenti in mano anche alle legittime finalit\u00e0 di promozione di un prodotto da parte di un\u2019azienda che per stare sul mercato deve fare profitti ma che avrebbe il compito al tempo stesso di curare l\u2019aspetto dell\u2019informazione scientifica. Le due cose devono camminare in parallelo ma su gambe diverse\u00bb.<\/p>\n<p><img loading=\"lazy\" decoding=\"async\" class=\"size-full wp-image-52018 alignleft\" src=\"https:\/\/www.fedaiisf.it\/wp-content\/uploads\/2020\/07\/ISF.jpeg\" alt=\"\" width=\"287\" height=\"301\" \/>\u00abL\u2019Ordine \u00e8 una garanzia anche per il medico, sapere che c\u2019\u00e8 un Ordine dietro il professionista che sta parlando del farmaco o del parafarmaco \u00e8 importante \u2013 aggiunge Mazzarella -. Oggi purtroppo gli informatori sono inquadrati nell\u2019area marketing ma stiamo lottando perch\u00e9 si venga tolti da quell\u2019area: noi dovremmo entrare nel servizio Ricerca e Sviluppo. L\u2019altro obiettivo \u00e8 che tutti i colleghi che lavorano per il parafarmaco non siano assunti con contratti a partita Iva\u00bb.<\/p>\n<p>With the <a href=\"https:\/\/www.sanitainformazione.it\/salute\/il-virus-della-disuguaglianza-quante-morti-legate-al-crollo-della-spesa-pubblica-in-favore-della-sanita-privata\/\" target=\"_blank\" rel=\"noopener\"><strong>Covid<\/strong> <\/a>anche gli Informatori scientifici del farmaco e del parafarmaco hanno visto complicarsi il loro lavoro e, soprattutto quelli a partita Iva, ridurre sensibilmente le loro entrate. Per questo chiedono tutti di essere inseriti tra le categorie prioritarie da vaccinare. Molte regioni hanno risposto all\u2019appello: Campania, Basilicata, Calabria, Lombardia, Liguria, Puglia hanno inserito gli ISF in prima fascia.<\/p>","protected":false},"excerpt":{"rendered":"<p>Un Disegno di legge presentato da Rosa Menga (M5S) propone di inserire gli Informatori scientifici del farmaco all\u2019interno dell\u2019Ordine dei Chimici e dei Fisici. \u00abLa categoria non vuole pi\u00f9 essere confusa con i promotori e anche il medico vuole sapere chi ha di fronte\u00bb. L\u2019associazione di categoria Fedaiisf stima tra 40mila e 50mila il numero &hellip;<\/p>","protected":false},"author":4,"featured_media":51751,"comment_status":"closed","ping_status":"closed","sticky":false,"template":"","format":"standard","meta":{"footnotes":""},"categories":[1],"tags":[36,21,154],"class_list":["post-56317","post","type-post","status-publish","format-standard","has-post-thumbnail","hentry","category-notizie","tag-fedaiisfpresidente","tag-informatori-scientifici","tag-regolamentazione-isf"],"amp_enabled":true,"_links":{"self":[{"href":"https:\/\/www.fedaiisf.it\/en\/wp-json\/wp\/v2\/posts\/56317","targetHints":{"allow":["GET"]}}],"collection":[{"href":"https:\/\/www.fedaiisf.it\/en\/wp-json\/wp\/v2\/posts"}],"about":[{"href":"https:\/\/www.fedaiisf.it\/en\/wp-json\/wp\/v2\/types\/post"}],"author":[{"embeddable":true,"href":"https:\/\/www.fedaiisf.it\/en\/wp-json\/wp\/v2\/users\/4"}],"replies":[{"embeddable":true,"href":"https:\/\/www.fedaiisf.it\/en\/wp-json\/wp\/v2\/comments?post=56317"}],"version-history":[{"count":0,"href":"https:\/\/www.fedaiisf.it\/en\/wp-json\/wp\/v2\/posts\/56317\/revisions"}],"wp:featuredmedia":[{"embeddable":true,"href":"https:\/\/www.fedaiisf.it\/en\/wp-json\/wp\/v2\/media\/51751"}],"wp:attachment":[{"href":"https:\/\/www.fedaiisf.it\/en\/wp-json\/wp\/v2\/media?parent=56317"}],"wp:term":[{"taxonomy":"category","embeddable":true,"href":"https:\/\/www.fedaiisf.it\/en\/wp-json\/wp\/v2\/categories?post=56317"},{"taxonomy":"post_tag","embeddable":true,"href":"https:\/\/www.fedaiisf.it\/en\/wp-json\/wp\/v2\/tags?post=56317"}],"curies":[{"name":"wp","href":"https:\/\/api.w.org\/{rel}","templated":true}]}}