{"id":56335,"date":"2021-02-03T11:09:58","date_gmt":"2021-02-03T10:09:58","guid":{"rendered":"https:\/\/www.fedaiisf.it\/?p=56335"},"modified":"2021-02-03T11:53:08","modified_gmt":"2021-02-03T10:53:08","slug":"reggio-calabria-situazione-sbloccata-gli-isf-potranno-accedere-a-tutte-le-strutture-del-grande-ospedale-metropolitano","status":"publish","type":"post","link":"https:\/\/www.fedaiisf.it\/en\/reggio-calabria-situazione-sbloccata-gli-isf-potranno-accedere-a-tutte-le-strutture-del-grande-ospedale-metropolitano\/","title":{"rendered":"Reggio Calabria. Situation unlocked: ISFs will be able to access all the structures of the Great Metropolitan Hospital"},"content":{"rendered":"<p><img loading=\"lazy\" decoding=\"async\" class=\"alignnone size-full wp-image-56336\" src=\"https:\/\/www.fedaiisf.it\/wp-content\/uploads\/2021\/02\/AIISF-RC-accesso-ISF.jpeg\" alt=\"\" width=\"992\" height=\"358\" srcset=\"https:\/\/www.fedaiisf.it\/wp-content\/uploads\/2021\/02\/AIISF-RC-accesso-ISF.jpeg 992w, https:\/\/www.fedaiisf.it\/wp-content\/uploads\/2021\/02\/AIISF-RC-accesso-ISF-300x108.jpeg 300w, https:\/\/www.fedaiisf.it\/wp-content\/uploads\/2021\/02\/AIISF-RC-accesso-ISF-768x277.jpeg 768w\" sizes=\"auto, (max-width: 992px) 100vw, 992px\" \/><\/p>\n<p style=\"text-align: justify;\">Carissimi colleghi, come vi \u00e8 ben noto, dalla sua costituzione, questo Direttivo ha lavorato in nome e per conto dei suoi associati ponendosi come fine ultimo quello di elevare l&#8217;immagine degli ISF operanti nella provincia e di migliorarne le condizioni di lavoro sempre pi\u00f9 deteriorate per il susseguirsi di eventi di cui il Covid 19 ne \u00e8 stato il culmine.<\/p>\n<p style=\"text-align: justify;\">La necessit\u00e0 di porsi da subito quale interlocutore credibile, accreditato e competente presso le diverse Direzioni Sanitarie Provinciali nasceva dall&#8217;esigenza sempre pi\u00f9 impellente di essere parte attiva, piuttosto che subirne passivamente le conseguenze, di tutti quei processi che avrebbero stravolto da l\u00ec a poco il nostro modo di operare su tutto il territorio nazionale.<\/p>\n<p style=\"text-align: justify;\">Questo \u00e8 stato lo spirito con cui ci siamo presentati presso la Direzione Generale del GOM e abbiamo formalizzato ufficialmente con richiesta datata 17\/01\/21 Prot. N. 17 U che qui alleghiamo in calce, la volont\u00e0 di ripristinare in modalit\u00e0 &#8220;face to face\u201d le visite degli informatori scientifici di RC e provincia.<\/p>\n<p style=\"text-align: justify;\">In seguito a lunga ma proficua concertazione, nonostante il perdurare dell&#8217;elevato tasso di contagi, si \u00e8 giunti comunque al risultato tanto atteso quanto insperato di accedere presso tutte le Strutture afferenti al Grande Ospedale Metropolitano in completa sicurezza per la categoria, per i sanitari e i degenti che ivi vi risiedono.<\/p>\n<p style=\"text-align: justify;\">La soddisfazione con cui accogliamo il successo di questo nuovo traguardo raggiunto fa il pari con la consapevolezza che molti di noi, iscritti e non a FEDAIISF, dovranno compiere un ulteriore sforzo perch\u00e9 si possa giungere tutti e nei tempi pi\u00f9 brevi alla vaccinazione anti Covid (la prossima seduta \u00e8 prevista sicuramente per sabato13 Febbraio p.v.) che, appare sempre pi\u00f9 evidente, diverr\u00e0 un segno tangibile di seriet\u00e0 e professionalit\u00e0 che ci consentir\u00e0 di esercitare la nostra &#8220;meritoria&#8221; attivit\u00e0 di informazione scientifica in strutture sanitarie che, gioco forza, dovranno adottare tutte le misure per ridurre al minimo le possibilit\u00e0 di contagio.<\/p>\n<p style=\"text-align: justify;\">Riportiamo di seguito per intero il corpo del testo emanato dalla Direzione Generale del GOM in data 01 febbraio 2021<\/p>\n<p><strong>Il Direttivo Sezione AIISF \u201cSeby Trapani\u201d Reggio Calabria<\/strong><\/p>\n<p>&nbsp;<\/p>\n<p><img loading=\"lazy\" decoding=\"async\" class=\"alignnone size-large wp-image-56338\" src=\"https:\/\/www.fedaiisf.it\/wp-content\/uploads\/2021\/02\/Reggio-C-comunicato-accesso-ISF-1024x684.jpeg\" alt=\"\" width=\"1024\" height=\"684\" srcset=\"https:\/\/www.fedaiisf.it\/wp-content\/uploads\/2021\/02\/Reggio-C-comunicato-accesso-ISF-1024x684.jpeg 1024w, https:\/\/www.fedaiisf.it\/wp-content\/uploads\/2021\/02\/Reggio-C-comunicato-accesso-ISF-300x200.jpeg 300w, https:\/\/www.fedaiisf.it\/wp-content\/uploads\/2021\/02\/Reggio-C-comunicato-accesso-ISF-768x513.jpeg 768w, https:\/\/www.fedaiisf.it\/wp-content\/uploads\/2021\/02\/Reggio-C-comunicato-accesso-ISF.jpeg 1062w\" sizes=\"auto, (max-width: 1024px) 100vw, 1024px\" \/><\/p>\n<p>&nbsp;<\/p>\n<p style=\"text-align: justify;\"><span style=\"font-size: 14pt; color: #000000;\">Facendo seguito alle proficue interlocuzioni con i Delegati dell\u2019AIISF \u201cSeby Trapani\u201d di Reggio Calabria, si comunica che, a partire dalla data odierna, tutti i Vs. associati, gi\u00e0 vaccinati, sono autorizzati ad accedere ai Presidi Riuniti e Morelli del G.O.M. di Reggio Calabria per svolgere la loro meritoria attivit\u00e0.<\/span><\/p>\n<p style=\"text-align: justify;\"><span style=\"font-size: 14pt; color: #000000;\">Si raccomanda, come previsto dalle vigenti normative, l\u2019uso dei prescritti DPI e l\u2019esibizione, ove necessario e \/o richiesto, del certificato di avvenuta vaccinazione.<\/span><br \/>\n<span style=\"font-size: 14pt; color: #000000;\">Rimanendo a disposizione per qualunque necessit\u00e0, colgo l\u2019occasione, anche a nome della Direzione Strategica del G.O.M., per augurare buon lavoro e cordiali saluti.<\/span><\/p>\n<p style=\"text-align: center;\">Presidente Raffaele Ioffrida &#8211; e-mail: raffaeleioffrida@gmail.com<\/p>\n<p style=\"text-align: center;\">Segretario Giuseppe Magro &#8211; e-mail: magrogiuseppe@libero.it<\/p>\n<hr \/>\n<p><em>Si riporta la lettera del 17 gennaio u.s. in cui si chiede al Commissario Straordinario che gli ISF possano accedere alle strutture ospedaliere<\/em><\/p>\n<hr \/>\n<p>&nbsp;<\/p>\n<p><img loading=\"lazy\" decoding=\"async\" class=\"alignnone size-large wp-image-56341\" src=\"https:\/\/www.fedaiisf.it\/wp-content\/uploads\/2021\/02\/AIISF-RC-al-Commissario-straordinario-1024x672.jpeg\" alt=\"\" width=\"1024\" height=\"672\" srcset=\"https:\/\/www.fedaiisf.it\/wp-content\/uploads\/2021\/02\/AIISF-RC-al-Commissario-straordinario-1024x672.jpeg 1024w, https:\/\/www.fedaiisf.it\/wp-content\/uploads\/2021\/02\/AIISF-RC-al-Commissario-straordinario-300x197.jpeg 300w, https:\/\/www.fedaiisf.it\/wp-content\/uploads\/2021\/02\/AIISF-RC-al-Commissario-straordinario-768x504.jpeg 768w, https:\/\/www.fedaiisf.it\/wp-content\/uploads\/2021\/02\/AIISF-RC-al-Commissario-straordinario.jpeg 1045w\" sizes=\"auto, (max-width: 1024px) 100vw, 1024px\" \/>Pregiatissimo Commissario Straordinario,<\/p>\n<p style=\"text-align: justify;\">nel porgere un plauso e sentito ringraziamento per le modalit\u00e0 e i tempi con cui il Suo Ufficio ha mirabilmente gestito le note difficolt\u00e0 connesse alla gestione della emergenza sanitaria a cui tutta la Nazione ha dovuto fare fronte, si riportano in premessa alcune informazioni preliminari utili alla definizione dell\u2019oggetto.<\/p>\n<p style=\"text-align: justify;\">FED.A.I.I.S.F. (Federazione delle Associazioni Italiane degli Informatori Scientifici del Farmaco), \u00e8 una realt\u00e0 associativa presente sulla quasi totalit\u00e0 del territorio nazionale, nasce come associazione di categoria, apartitica e asindacale, con lo scopo di tutelare la figura dell\u2019informatore e promuovere una sua etica comportamentale.<\/p>\n<p style=\"text-align: justify;\">Per descrivere le attivit\u00e0 e le funzioni di AIISF \u00e8 opportuno chiarire chi \u00e8 e cosa fa l\u2019Informatore Scientifico del Farmaco.<\/p>\n<p style=\"text-align: justify;\">La figura dell\u2019Informatore Scientifico del Farmaco viene istituzionalizzata dall\u2019art. 31 della legge 833 del 1978, la stessa legge che istituisce contestualmente il SSN.<br \/>\nTre anni dopo il Ministro della Sanit\u00e0, col Decreto del 23 giugno 1981, definisce in modo preciso e circostanziato l\u2019attivit\u00e0 e i requisiti di questa figura professionale,<\/p>\n<p style=\"text-align: justify;\">La scrivente sezione AIISF \u201cSeby Trapani\u201d di Reggio Calabria, federata FEDAIISF, rappresenta ad oggi 164 Informatori Scientifici del Farmaco di Reggio Calabria e Provincia.<\/p>\n<p style=\"text-align: justify;\">Per descrivere le attivit\u00e0 e le funzioni di AIISF \u00e8 opportuno chiarire chi \u00e8 e cosa fa l\u2019Informatore Scientifico del Farmaco.<\/p>\n<p style=\"text-align: justify;\">La figura dell\u2019Informatore Scientifico del Farmaco viene istituzionalizzata dall\u2019art. 31 della legge 833 del 1978, la stessa legge che istituisce contestualmente il SSN.<br \/>\nTre anni dopo il Ministro della Sanit\u00e0, col Decreto del 23 giugno 1981, definisce in modo preciso e circostanziato l\u2019attivit\u00e0 e i requisiti di questa figura professionale, sottolineandone la funzione sociale e anticipando di 40 anni temi di estrema attualit\u00e0; afferma infatti: \u201cL\u2019attivit\u00e0 di informazione scientifica deve essere volta ad assicurare il corretto impiego dei farmaci stessi anche con riferimento all\u2019esigenza del contenimento dei relativi consumi.\u201d \u00c8, in pratica, il primo richiamo all\u2019appropriatezza prescrittiva e alla farmaco-economia.<\/p>\n<p style=\"text-align: justify;\">In ottemperanza a tali norme , tutto il materiale impiegato nell\u2019attivit\u00e0 di informazione scientifica deve essere preventivamente depositato e approvato dal Ministero della Salute (adesso AIFA) e l\u2019informatore che ne pu\u00f2 argomentare i contenuti deve essere necessariamente e opportunamente in possesso di un diploma di laurea in discipline biomediche o chimico-farmaceutiche.<\/p>\n<p style=\"text-align: justify;\">Si dispone inoltre che ogni azienda farmaceutica, per tramite della propria Direzione Medica da cui dipendono gli informatori, fornisca a questi ultimi, formazione continua e adeguata preparazione tecnico scientifica, perch\u00e9 possano illustrare al personale medico le caratteristiche dei farmaci, le loro eventuali controindicazioni, le possibili interazioni con altri farmaci di uso comune e con i cibi e gli effetti collaterali. In riferimento a quest\u2019ultimo punto, il Legislatore imputa all\u2019informatore l\u2019obbligo di segnalare tutte le reazioni avverse ai farmaci di cui viene a conoscenza, attribuendo cos\u00ec ulteriore valore alla sua funzione sociale all\u2019interno del Sistema Sanitario Nazionale.<\/p>\n<p style=\"text-align: justify;\">A conferma della valenza associativa e del ruolo rappresentativo che viene riconosciuto alla scrivente, \u00e8 stato recentemente redatto un protocollo di intesa sull\u2019informazione scientifica da proporre all\u2019Ordine dei Medici di Reggio Calabria, in cui si riconosce e conferma il reciproco rispetto delle figure professionali e si sostiene che la collaborazione tra medici della sanit\u00e0 pubblica e privata e gli informatori del farmaco rappresenta la strategia pi\u00f9 adeguata per il perseguimento dell\u2019appropriatezza prescrittiva e terapeutica e del contenimento della spesa. Tuttavia, oggi, questa collaborazione rischia di essere compromessa a causa dell\u2019emergenza COVID.<\/p>\n<p style=\"text-align: justify;\">Fin dai primi di marzo, ma in numerosi casi gi\u00e0 dal 20 febbraio la maggior parte degli informatori hanno dovuto sospendere la loro attivit\u00e0, con importanti ripercussioni dal punto di vista lavorativo ed economico.<\/p>\n<p style=\"text-align: justify;\">La mancanza di omogeneit\u00e0 nelle forme contrattuali ha portato ad una parcellizzazione dei comportamenti aziendali che hanno visto, per i pi\u00f9 fortunati, il ricorso allo smart working dopo il consumo di ferie, per altri il ricorso alla cassa integrazione, per altri ancora, quelli con contratti provvigionali o con partita IVA, la perdita totale del reddito o addirittura la rescissione del rapporto di lavoro.<\/p>\n<p style=\"text-align: justify;\">In virt\u00f9 di quanto sopra specificato l\u2019informatore \u00e8 stato inserito nel primo gruppo dei soggetti da sottoporre a vaccinazione Anti-Sars-Cov2 con DCA n 08 del 11\/01\/2021 dalla Regione Calabria, infatti \u00e8 con grande senso di responsabilit\u00e0 che gli informatori scientifici del farmaco di Reggio Calabria e Provincia si sono sottoposti al vaccino Anti-Covid.<\/p>\n<p style=\"text-align: justify;\">Tale circostanza rappresenta pertanto, una ulteriore , valida motivazione, per poter affermare di esser certi di poter lavorare nelle condizioni di massima sicurezza che, in questo momento, vengono richieste a salvaguardia di tutti gli operatori del settore sanitario oltre che propria.<\/p>\n<p style=\"text-align: justify;\">Per questo stiamo chiedendo alle istituzioni di consentirci, come avviene per tutte le altre attivit\u00e0 professionali, di riprendere ad esercitare la normale attivit\u00e0 professionale in modalit\u00e0 <em>face to face<\/em>, or <em>de visu, <\/em>e cio\u00e8 nella maniera che, da sempre, \u00e8 apparsa la pi\u00f9 proficua, utile ed anche apprezzata, fondamentale tra l\u2019altro ad evitare il pericolo di negative ricadute occupazionali in una citt\u00e0 gi\u00e0 profondamente segnata da questa problematica.<\/p>\n<p style=\"text-align: justify;\">Per questo, ricordando altres\u00ec quanto previsto dall\u2019art. 4 e dall\u2019art. 28 della Costituzione Italiana oltre che dalla delibera della Giunta della Regione Calabria del 29 giugno 2006, n\u00b0 445 relativa al protocollo regionale dell\u2019Informazione Scientifica sul Farmaco ai sensi dell\u2019art. 48 commi 21, 22, 23, 24 della legge 24 novembre 2003, n\u00b0 326, Le chiediamo di voler ripristinare l\u2019accesso degli Informatori Scientifici del Farmaco presso le strutture da Lei dirette e favorire cos\u00ec gli incontri con i Medici che potranno avvenire nel completo rispetto delle norme vigenti e dei tempi tra loro preventivamente concordati.<\/p>\n<p style=\"text-align: justify;\">Certi di un cortese riscontro nell\u2019accogliere la nostra richiesta, porgiamo i pi\u00f9 cordiali saluti.<\/p>\n<p style=\"text-align: center;\">Il Presidente Sez. AIISF \u201cSeby Trapani\u201d Reggio Calabria<br \/>\nIoffrida Raffaele<\/p>\n<p>&nbsp;<\/p>\n<hr \/>\n<p><strong><span style=\"color: #000000;\">Ed<\/span><\/strong>.: L&#8217;accesso alle strutture ospedaliere riguarda ovviamente tutti gli ISF, iscritti e non iscritti Fedaiisf. L&#8217;autorit\u00e0 sanitaria pone come condizione l&#8217;uso dei DPI\u00a0e &#8220;<span style=\"font-size: 14pt; color: #000000;\">L<em>\u2019esibizione, ove necessario e \/o richiesto, del certificato di avvenuta vaccinazione<\/em>&#8220;.<\/span><\/p>\n<p>La vaccinazione al momento \u00e8 facoltativa non obbligatoria. Cosa dice per\u00f2 la legge. Riportiamo il <a href=\"https:\/\/www.altalex.com\/documents\/news\/2021\/01\/17\/vaccino-anti-covid-19-implicitamente-obbligatorio-in-italia\" target=\"_blank\" rel=\"noopener\"><strong>parere legale di Altalex<\/strong><\/a>, che invitiamo a leggere attentamente.<\/p>\n<p>In questa sede riportiamo un breve essenziale stralcio:<\/p>\n<p style=\"text-align: justify;\"><span style=\"color: #000000; font-size: 14pt;\"><em>Il lavoratore \u00e8 tenuto a comunicare al datore di lavoro se si \u00e8 sottoposto al vaccino.<\/em><\/span><\/p>\n<p style=\"text-align: justify;\"><span style=\"color: #000000; font-size: 14pt;\"><em>In caso contrario il lavoratore, se ha rifiutato l\u2019inoculazione, dovr\u00e0 fornire adeguata documentazione (medica) a comprova dello stato morboso; sicch\u00e9 a nulla rileva essere no-vax, poich\u00e9 non \u00e8 una causa di giustificazione.<\/em><\/span><\/p>\n<p style=\"text-align: justify;\"><span style=\"color: #000000; font-size: 14pt;\"><em>Al datore di lavoro spetta l\u2019obbligo di inviare il lavoratore a visita medica dal medico competente, il quale, svolte le sue opportune valutazioni, dovr\u00e0 stabilire se il prestatore \u00e8 idoneo alla mansione.<\/em><\/span><\/p>\n<p style=\"text-align: justify;\"><span style=\"color: #000000; font-size: 14pt;\"><em>In caso di inidoneit\u00e0 alla mansione, quindi, il datore di lavoro valuter\u00e0 se pu\u00f2 adibire il lavoratore ad altre mansioni, e in luoghi dove non pu\u00f2 essere esposto al contagio; in mancanza potr\u00e0 procedere alla risoluzione del rapporto di lavoro.<\/em><\/span><\/p>\n<p style=\"text-align: justify;\"><span style=\"color: #000000; font-size: 14pt;\"><em><strong>Il vaccino nei fatti diventa obbligatorio se non lo \u00e8 gi\u00e0 diventato per alcune categorie (medici, infermieri e operatori socio-sanitari) nei confronti delle quali il datore di lavoro, pubblico o privato, dovr\u00e0 agire prontamente sul piano disciplinare<\/strong>.<\/em><\/span><\/p>\n<p style=\"text-align: justify;\"><span style=\"color: #000000; font-size: 14pt;\"><em>In buona sostanza, l&#8217;amministratore diviene destinatario dell&#8217;obbligo giuridico di impedire che chi entra in contatto con l&#8217;ambiente lavorativo contragga <span style=\"color: #000000;\">o diffonda<\/span> il Covid.<\/em><\/span><\/p>\n<p>&nbsp;<\/p>","protected":false},"excerpt":{"rendered":"<p>Carissimi colleghi, come vi \u00e8 ben noto, dalla sua costituzione, questo Direttivo ha lavorato in nome e per conto dei suoi associati ponendosi come fine ultimo quello di elevare l&#8217;immagine degli ISF operanti nella provincia e di migliorarne le condizioni di lavoro sempre pi\u00f9 deteriorate per il susseguirsi di eventi di cui il Covid 19 &hellip;<\/p>","protected":false},"author":4,"featured_media":56347,"comment_status":"closed","ping_status":"closed","sticky":false,"template":"","format":"standard","meta":{"footnotes":""},"categories":[1],"tags":[],"class_list":["post-56335","post","type-post","status-publish","format-standard","has-post-thumbnail","hentry","category-notizie"],"amp_enabled":true,"_links":{"self":[{"href":"https:\/\/www.fedaiisf.it\/en\/wp-json\/wp\/v2\/posts\/56335","targetHints":{"allow":["GET"]}}],"collection":[{"href":"https:\/\/www.fedaiisf.it\/en\/wp-json\/wp\/v2\/posts"}],"about":[{"href":"https:\/\/www.fedaiisf.it\/en\/wp-json\/wp\/v2\/types\/post"}],"author":[{"embeddable":true,"href":"https:\/\/www.fedaiisf.it\/en\/wp-json\/wp\/v2\/users\/4"}],"replies":[{"embeddable":true,"href":"https:\/\/www.fedaiisf.it\/en\/wp-json\/wp\/v2\/comments?post=56335"}],"version-history":[{"count":0,"href":"https:\/\/www.fedaiisf.it\/en\/wp-json\/wp\/v2\/posts\/56335\/revisions"}],"wp:featuredmedia":[{"embeddable":true,"href":"https:\/\/www.fedaiisf.it\/en\/wp-json\/wp\/v2\/media\/56347"}],"wp:attachment":[{"href":"https:\/\/www.fedaiisf.it\/en\/wp-json\/wp\/v2\/media?parent=56335"}],"wp:term":[{"taxonomy":"category","embeddable":true,"href":"https:\/\/www.fedaiisf.it\/en\/wp-json\/wp\/v2\/categories?post=56335"},{"taxonomy":"post_tag","embeddable":true,"href":"https:\/\/www.fedaiisf.it\/en\/wp-json\/wp\/v2\/tags?post=56335"}],"curies":[{"name":"wp","href":"https:\/\/api.w.org\/{rel}","templated":true}]}}