{"id":56415,"date":"2021-02-07T12:04:23","date_gmt":"2021-02-07T11:04:23","guid":{"rendered":"https:\/\/www.fedaiisf.it\/?p=56415"},"modified":"2021-02-07T12:07:28","modified_gmt":"2021-02-07T11:07:28","slug":"abruzzo-consigliere-blasioli-isf-condannati-a-non-lavorare-ed-esclusi-dalla-vaccinazione","status":"publish","type":"post","link":"https:\/\/www.fedaiisf.it\/en\/abruzzo-consigliere-blasioli-isf-condannati-a-non-lavorare-ed-esclusi-dalla-vaccinazione\/","title":{"rendered":"Abruzzo. Councilor Blasioli: ISF condemned not to work and excluded from vaccination, they live in limbo"},"content":{"rendered":"<p>Il Consigliere regionale abruzzese Antonio Blasioli, ha reso pubblico un documento\u00a0sulla situazione dei contagi<img loading=\"lazy\" decoding=\"async\" class=\"wp-image-56417 alignright\" src=\"https:\/\/www.fedaiisf.it\/wp-content\/uploads\/2021\/02\/antonio-blasioli-Cons.-Reg.-Abruzzo.jpg\" alt=\"\" width=\"321\" height=\"214\" srcset=\"https:\/\/www.fedaiisf.it\/wp-content\/uploads\/2021\/02\/antonio-blasioli-Cons.-Reg.-Abruzzo.jpg 640w, https:\/\/www.fedaiisf.it\/wp-content\/uploads\/2021\/02\/antonio-blasioli-Cons.-Reg.-Abruzzo-300x200.jpg 300w\" sizes=\"auto, (max-width: 321px) 100vw, 321px\" \/>\u00a0da Coronavirus. Scrive il Consigliere:\u00a0&#8220;Scarse, scarsissime sono le risposte fornite dall\u2019assessore alla Sanit\u00e0 Nicoletta Ver\u00ec alla mia interpellanza sui contagi Covid all\u2019interno dell\u2019Ospedale civile di Pescara. A questo fa da corollario la scelta di non rendere trasparenti le cause dei cluster e il contagio che si ripete purtroppo anche in queste ore.\u00a0Nel Consiglio regionale del 26 gennaio, ho presentato l\u2019interpellanza n. 185&#8221;<\/p>\n<p>Rimandiamo alla lettura integrale della <a href=\"https:\/\/www.consiglio.regione.abruzzo.it\/acra\/blasioli-giunta-tace-su-contagi-ospedale-pescara\" target=\"_blank\" rel=\"noopener\">Note<\/a> del Consigliere. Riportiamo qui la parte che riguarda gli Informatori Scientifici:<\/p>\n<p><span style=\"color: #000000;\"><strong>CONDANNATI A NON LAVORARE ED ESCLUSI DALLA VACCINAZIONE<\/strong><\/span><\/p>\n<p><span style=\"color: #000000;\">Consentitemi inoltre un ultimo passaggio su una risoluzione presentata da me questa settimana in V commissione sanit\u00e0, risoluzione tesa a ricomprendere tra le categorie sottoposte a vaccinazione:<\/span><\/p>\n<p><span style=\"color: #000000;\"><strong>&#8211; <span style=\"text-decoration: underline;\">Pharmaceutical Representatives<\/span>, profili professionali afferenti al CCNL Chimico\/Farmaceutico<\/strong><\/span><\/p>\n<p><span style=\"color: #000000;\">&#8211;\u00a0\u00a0\u00a0\u00a0\u00a0\u00a0\u00a0\u00a0\u00a0\u00a0<strong>Studenti delle facolt\u00e0 di area medico-sanitaria<\/strong><\/span><\/p>\n<p><span style=\"color: #000000;\">&#8211;\u00a0\u00a0\u00a0\u00a0\u00a0\u00a0\u00a0\u00a0\u00a0\u00a0<strong>Personale della Protezione Civile;<\/strong><\/span><\/p>\n<p><span style=\"color: #000000;\">La risoluzione non \u00e8 stata votata, dopo le scuse pi\u00f9 disparate, a sostegno della sua inammissibilit\u00e0, per abbandono della Commissione da parte della maggioranza di centro destra. \u00c8 un fatto grave perch\u00e9 parliamo di persone che lavorano in\u00a0virt\u00f9 del loro ruolo di consulenza scientifica fondamentale per l&#8217;aggiornamento costante degli operatori sanitari e\u00a0<u>svolgono il loro lavoro a stretto contatto con essi ed hanno accesso, con permanenza prolungata, nelle strutture di ricovero e ambulatoriali e socio-sanitarie<\/u>. Alcuni ospedali (Teramo e l&#8217;Aquila) hanno vietato il loro ingresso, di fatto vietando di poter lavorare, mentre molte altre regioni gi\u00e0 li hanno sottoposti a vaccino. In Abruzzo vivono la situazione di limbo. <strong>Non ammessi a lavoro, non ammessi a vaccinazione e non ammessi a ristori economici<\/strong>. Circostanze simili possono valere anche per i tirocinanti di medicina che non possono accedere in ospedale da un anno.<\/span><\/p>\n<p>Related news: <a href=\"https:\/\/www.fedaiisf.it\/en\/abruzzo-posto-allo-d-g-del-consiglio-regionale-linserimento-degli-isf-nella-fase-1-della-vaccinazione-anti-covid\/\" target=\"_blank\" rel=\"noopener\">Abruzzo. Posto all\u2019O.d.G. del Consiglio Regionale l\u2019inserimento degli ISF nella fase 1 della vaccinazione anti Covid<\/a><\/p>\n<p>&nbsp;<\/p>","protected":false},"excerpt":{"rendered":"<p>Il Consigliere regionale abruzzese Antonio Blasioli, ha reso pubblico un documento\u00a0sulla situazione dei contagi\u00a0da Coronavirus. Scrive il Consigliere:\u00a0&#8220;Scarse, scarsissime sono le risposte fornite dall\u2019assessore alla Sanit\u00e0 Nicoletta Ver\u00ec alla mia interpellanza sui contagi Covid all\u2019interno dell\u2019Ospedale civile di Pescara. A questo fa da corollario la scelta di non rendere trasparenti le cause dei cluster e &hellip;<\/p>","protected":false},"author":4,"featured_media":56418,"comment_status":"closed","ping_status":"closed","sticky":false,"template":"","format":"standard","meta":{"footnotes":""},"categories":[1],"tags":[21,154,39],"class_list":["post-56415","post","type-post","status-publish","format-standard","has-post-thumbnail","hentry","category-notizie","tag-informatori-scientifici","tag-regolamentazione-isf","tag-vaccini"],"amp_enabled":true,"_links":{"self":[{"href":"https:\/\/www.fedaiisf.it\/en\/wp-json\/wp\/v2\/posts\/56415","targetHints":{"allow":["GET"]}}],"collection":[{"href":"https:\/\/www.fedaiisf.it\/en\/wp-json\/wp\/v2\/posts"}],"about":[{"href":"https:\/\/www.fedaiisf.it\/en\/wp-json\/wp\/v2\/types\/post"}],"author":[{"embeddable":true,"href":"https:\/\/www.fedaiisf.it\/en\/wp-json\/wp\/v2\/users\/4"}],"replies":[{"embeddable":true,"href":"https:\/\/www.fedaiisf.it\/en\/wp-json\/wp\/v2\/comments?post=56415"}],"version-history":[{"count":0,"href":"https:\/\/www.fedaiisf.it\/en\/wp-json\/wp\/v2\/posts\/56415\/revisions"}],"wp:featuredmedia":[{"embeddable":true,"href":"https:\/\/www.fedaiisf.it\/en\/wp-json\/wp\/v2\/media\/56418"}],"wp:attachment":[{"href":"https:\/\/www.fedaiisf.it\/en\/wp-json\/wp\/v2\/media?parent=56415"}],"wp:term":[{"taxonomy":"category","embeddable":true,"href":"https:\/\/www.fedaiisf.it\/en\/wp-json\/wp\/v2\/categories?post=56415"},{"taxonomy":"post_tag","embeddable":true,"href":"https:\/\/www.fedaiisf.it\/en\/wp-json\/wp\/v2\/tags?post=56415"}],"curies":[{"name":"wp","href":"https:\/\/api.w.org\/{rel}","templated":true}]}}