{"id":56450,"date":"2021-02-09T21:56:19","date_gmt":"2021-02-09T20:56:19","guid":{"rendered":"https:\/\/www.fedaiisf.it\/?p=56450"},"modified":"2021-03-20T10:15:27","modified_gmt":"2021-03-20T09:15:27","slug":"emilia-romagna-commissione-salute-isf-non-essenziali-se-avanzano-saranno-vaccinati-come-popolazione-di-riserva","status":"publish","type":"post","link":"https:\/\/www.fedaiisf.it\/en\/emilia-romagna-commissione-salute-isf-non-essenziali-se-avanzano-saranno-vaccinati-come-popolazione-di-riserva\/","title":{"rendered":"Emilia Romagna. Health Commission: ISF non-essential. If vaccines are left over, they will be vaccinated as a &quot;reserve population&quot;"},"content":{"rendered":"<p>La direttrice generale Cura della Persona, Salute e Welfare della Regione Emilia-Romagna,\u00a0<strong>Kyriakoula Petropulacos, <\/strong>\u00e8 intervenuta in Commissione Salute della Regione Emilia Romagna presieduta dalla On. Soncini (<em>in the photo above<\/em>)<\/p>\n<p>In un intervento l&#8217;On. Daniele Marchetti, l&#8217;unico che si \u00e8 &#8220;ricordato&#8221; degli ISF e che ringraziamo, ha chiesto come e in quale fase il piano vaccinale regionale Covid inserisca gli ISF. E ha dovuto anche ripetere la domanda in quanto l&#8217;illustre direttrice si era dimenticata di rispondere. Evidentemente per lei \u00e8 un argomento irrilevante.<\/p>\n<p>La Direttrice Petrapulacos ha risposto: \u00ab<em>Allo stato attuale non \u00e8 previsto l&#8217;inserimento degli Informatori Scientifici del Farmaco dal piano nazionale in nessuna categoria perch\u00e9 non si tratta di servizi essenziali e diciamo che tendenzialmente anche secondo le nostre indicazioni la loro presenza all&#8217;interno degli ospedali che sono gli unici che devono essere considerati covid free deve essere strettamente controllata dopo di ch\u00e9 questa presenza di una categoria &#8220;particolare&#8221; che nell&#8217;ambito delle attivit\u00e0 che si svilupperanno quando avremo \u00a0pi\u00f9 vaccini a disposizione sar\u00e0 possibile interessare fra quelle popolazioni di riservisti da attivare quando ci saranno spazi liberi lasciati da altri\u00bb.<\/em><\/p>\n<p>\u00c8 vero gli ISF non sono nominalmente inseriti nel piano vaccinale nazionale ma lo stesso piano prevede anche l&#8217;individuazione di categorie a rischio, cosa che la Direttrice sicuramente sa, facendo parte del\u00a0<strong>Comitato tecnico-scientifico<\/strong> che supporta il capo del Dipartimento della Protezione civile. Queste categorie devono essere individuate dalle regioni e\u00a0gi\u00e0 ben 7 regioni hanno riconosciuto agli ISF priorit\u00e0 vaccinale.<\/p>\n<p>Il Prof. Viale, noto infettivologo di Bologna, in due occasioni ha prima affermato <a href=\"https:\/\/www.fedaiisf.it\/en\/dichiarazione-dellinfettivologo-di-bologna-a-fedaiisf\/\" target=\"_blank\" rel=\"noopener\">l&#8217;importanza degli ISF<\/a>\u00a0e in seguito ha affermato che <a href=\"https:\/\/www.fedaiisf.it\/en\/bologna-prof-viale-le-priorita-di-vaccinazione-anche-allisf-perche-concorre-al-concetto-di-ospedale-covid-free\/\" target=\"_blank\" rel=\"noopener\">anche gli ISF vanno inseriti nelle priorit\u00e0 vaccinal<\/a>i. Ma sicuramente la Dr.ssa Petrapulacos \u00e8 pi\u00f9 competente del Prof. Viale.<\/p>\n<p>Fra l&#8217;altro ne risulta una incomprensibile disparit\u00e0 di trattamento degli ISF in Italia, disparit\u00e0 che dipende solo dalla residenza. In Emilia Romagna, se proprio non c&#8217;\u00e8 nessun altro da vaccinare, se avanzano delle dosi, si pu\u00f2 pensare di vaccinare anche questi non essenziali individui. Che non lavorino per altri diversi mesi non ha nessuna importanza (per lei).<\/p>\n<p>Ed \u00e8 sconcertante osservare che mentre il Presidente della Regione Emilia Romagna <a href=\"https:\/\/www.fedaiisf.it\/en\/on-serracchiani-agli-isf-investita-direttamente-la-commissione-salute-della-conferenza-delle-regioni-per-un-approfondimento-normativo\/\" target=\"_blank\" rel=\"noopener\">esprime la massima attenzione<\/a> alle problematiche della categoria degli ISF alla Presidente Commissione Lavoro della Camera, il giorno dopo la direttrice generale Cura della Persona, Salute e Walfare dell\u2019Emilia Romagna dica che il lavoro degli ISF, e quindi gli ISF, non sono essenziali. O i due non sono d\u2019accordo o il Presidente Bonaccini dice una balla. Tertium non datur.<\/p>\n<div class=\"BorlabsCookie _brlbs-cb-youtube\">\n<div class=\"_brlbs-content-blocker\">\n<div class=\"_brlbs-embed _brlbs-video-youtube\"> <img decoding=\"async\" class=\"_brlbs-thumbnail\" src=\"https:\/\/www.fedaiisf.it\/wp-content\/plugins\/borlabs-cookie\/assets\/images\/cb-no-thumbnail.png\" alt=\"YouTube\"> <\/p>\n<div class=\"_brlbs-caption\">\n<p>By uploading the video, you agree to YouTube&#039;s privacy policy.<br \/><a href=\"https:\/\/policies.google.com\/privacy?hl=en&amp;gl=en\" target=\"_blank\" rel=\"nofollow noopener noreferrer\">Find out more<\/a><\/p>\n<p><a class=\"_brlbs-btn _brlbs-icon-play-white\" href=\"#\" data-borlabs-cookie-unblock role=\"button\">Upload the video<\/a><\/p>\n<p><label><input type=\"checkbox\" name=\"unblockAll\" value=\"1\" checked> <small>Always unblock YouTube<\/small><\/label><\/p>\n<\/p><\/div><\/div><\/div>\n<div class=\"borlabs-hide\" data-borlabs-cookie-type=\"content-blocker\" data-borlabs-cookie-id=\"youtube\"><script type=\"text\/template\">PGlmcmFtZSB0aXRsZT0iSVYgQ29tbWlzc2lvbmUgLSAwOS4wMi4yMDIxIiB3aWR0aD0iNTAwIiBoZWlnaHQ9IjI4MSIgc3JjPSJodHRwczovL3d3dy55b3V0dWJlLW5vY29va2llLmNvbS9lbWJlZC9ub3ZDQlUxMHZvaz9mZWF0dXJlPW9lbWJlZCIgZnJhbWVib3JkZXI9IjAiIGFsbG93PSJhY2NlbGVyb21ldGVyOyBhdXRvcGxheTsgY2xpcGJvYXJkLXdyaXRlOyBlbmNyeXB0ZWQtbWVkaWE7IGd5cm9zY29wZTsgcGljdHVyZS1pbi1waWN0dXJlOyB3ZWItc2hhcmUiIHJlZmVycmVycG9saWN5PSJzdHJpY3Qtb3JpZ2luLXdoZW4tY3Jvc3Mtb3JpZ2luIiBhbGxvd2Z1bGxzY3JlZW4+PC9pZnJhbWU+<\/script><\/div>\n<\/div>\n<p>&nbsp;<\/p>\n<p>The <a href=\"https:\/\/www.digital4democracy.com\/seduteonline\/streamingcommissioniemr\/play.php?flv=RERCOMMSTREAM_65247_83859_001_20210209&amp;time=41\" target=\"_blank\" rel=\"noopener\"><strong>video integrale.<\/strong><\/a> Interrogazione On. Marchetti al min. 50:00. La risposta della Direttrice Petropulacos al min. 2:03:25<\/p>\n<hr \/>\n<p><img loading=\"lazy\" decoding=\"async\" class=\"wp-image-56467 alignright\" src=\"https:\/\/www.fedaiisf.it\/wp-content\/uploads\/2021\/02\/Marchetti-Emilia-Romagna.jpg\" alt=\"\" width=\"335\" height=\"251\" srcset=\"https:\/\/www.fedaiisf.it\/wp-content\/uploads\/2021\/02\/Marchetti-Emilia-Romagna.jpg 1024w, https:\/\/www.fedaiisf.it\/wp-content\/uploads\/2021\/02\/Marchetti-Emilia-Romagna-300x225.jpg 300w, https:\/\/www.fedaiisf.it\/wp-content\/uploads\/2021\/02\/Marchetti-Emilia-Romagna-768x576.jpg 768w\" sizes=\"auto, (max-width: 335px) 100vw, 335px\" \/>L&#8217;On. Daniele Marchetti ha dichiarato su<a href=\"https:\/\/www.facebook.com\/daniele.marchetti.35\" target=\"_blank\" rel=\"noopener\"> Facebook<\/a>:<\/p>\n<p><span style=\"color: #000000;\">\u201cNella fase 2 verr\u00e0 data priorit\u00e0 a persone con patologie che le mette a rischio di morte superiore di almeno 10 volte per Covid. Nell\u2019ambito della disabilit\u00e0 troviamo la sindrome di Down e con esiti di paralisi cerebrale infantile perch\u00e9 hanno mortalit\u00e0 incrementato\u201d ha spiegato la direttrice dell\u2019assessorato regionale Kyria Petropulacos.<\/span><\/p>\n<p><span style=\"color: #000000;\">\u201cLo stesso discorso vale per le categorie considerate essenziali. <strong>Gli i<span style=\"text-decoration: underline;\">nformatori scientifici del farmaco<\/span><\/strong>, ad esempio, che sono oltre 3500 sul territorio regionale e operano in luoghi sensibili, dove verranno inseriti?\u201d ha domandato Marchetti. \u201cNon si tratta di servizi essenziali e la loro presenza all\u2019interno degli ospedali \u00e8 minima. Ad oggi non sono stati inseriti\u201d ha spiegato Petropulacos.<\/span><\/p>\n<hr \/>\n<p>Notizie correlate: L&#8217;intervento della Dr.ssa Petropulacos all&#8217;assemblea del giugno 2017 sul nuovo regolamento ISF<\/p>\n<div class=\"BorlabsCookie _brlbs-cb-youtube\">\n<div class=\"_brlbs-content-blocker\">\n<div class=\"_brlbs-embed _brlbs-video-youtube\"> <img decoding=\"async\" class=\"_brlbs-thumbnail\" src=\"https:\/\/www.fedaiisf.it\/wp-content\/plugins\/borlabs-cookie\/assets\/images\/cb-no-thumbnail.png\" alt=\"YouTube\"> <\/p>\n<div class=\"_brlbs-caption\">\n<p>By uploading the video, you agree to YouTube&#039;s privacy policy.<br \/><a href=\"https:\/\/policies.google.com\/privacy?hl=en&amp;gl=en\" target=\"_blank\" rel=\"nofollow noopener noreferrer\">Find out more<\/a><\/p>\n<p><a class=\"_brlbs-btn _brlbs-icon-play-white\" href=\"#\" data-borlabs-cookie-unblock role=\"button\">Upload the video<\/a><\/p>\n<p><label><input type=\"checkbox\" name=\"unblockAll\" value=\"1\" checked> <small>Always unblock YouTube<\/small><\/label><\/p>\n<\/p><\/div><\/div><\/div>\n<div class=\"borlabs-hide\" data-borlabs-cookie-type=\"content-blocker\" data-borlabs-cookie-id=\"youtube\"><script type=\"text\/template\">PGlmcmFtZSB0aXRsZT0iSW50ZXJ2ZW50byBkaSBLeXJpYWtvdWxhIFBldHJvcHVsYWNvcyBhbGwmIzAzOTthc3NlbWJsZWEgZGVnbGkgSW5mb3JtYXRvcmkgU2NpZW50aWZpY2kgZGVsIEZhcm1hY28uIiB3aWR0aD0iNTAwIiBoZWlnaHQ9IjM3NSIgc3JjPSJodHRwczovL3d3dy55b3V0dWJlLW5vY29va2llLmNvbS9lbWJlZC9vdW4wYTVyXzNURT9mZWF0dXJlPW9lbWJlZCIgZnJhbWVib3JkZXI9IjAiIGFsbG93PSJhY2NlbGVyb21ldGVyOyBhdXRvcGxheTsgY2xpcGJvYXJkLXdyaXRlOyBlbmNyeXB0ZWQtbWVkaWE7IGd5cm9zY29wZTsgcGljdHVyZS1pbi1waWN0dXJlOyB3ZWItc2hhcmUiIHJlZmVycmVycG9saWN5PSJzdHJpY3Qtb3JpZ2luLXdoZW4tY3Jvc3Mtb3JpZ2luIiBhbGxvd2Z1bGxzY3JlZW4+PC9pZnJhbWU+<\/script><\/div>\n<\/div>","protected":false},"excerpt":{"rendered":"<p>La direttrice generale Cura della Persona, Salute e Welfare della Regione Emilia-Romagna,\u00a0Kyriakoula Petropulacos, \u00e8 intervenuta in Commissione Salute della Regione Emilia Romagna presieduta dalla On. Soncini (nella foto in alto) In un intervento l&#8217;On. Daniele Marchetti, l&#8217;unico che si \u00e8 &#8220;ricordato&#8221; degli ISF e che ringraziamo, ha chiesto come e in quale fase il piano &hellip;<\/p>","protected":false},"author":4,"featured_media":56469,"comment_status":"closed","ping_status":"closed","sticky":false,"template":"","format":"standard","meta":{"footnotes":""},"categories":[1],"tags":[21,39],"class_list":["post-56450","post","type-post","status-publish","format-standard","has-post-thumbnail","hentry","category-notizie","tag-informatori-scientifici","tag-vaccini"],"amp_enabled":true,"_links":{"self":[{"href":"https:\/\/www.fedaiisf.it\/en\/wp-json\/wp\/v2\/posts\/56450","targetHints":{"allow":["GET"]}}],"collection":[{"href":"https:\/\/www.fedaiisf.it\/en\/wp-json\/wp\/v2\/posts"}],"about":[{"href":"https:\/\/www.fedaiisf.it\/en\/wp-json\/wp\/v2\/types\/post"}],"author":[{"embeddable":true,"href":"https:\/\/www.fedaiisf.it\/en\/wp-json\/wp\/v2\/users\/4"}],"replies":[{"embeddable":true,"href":"https:\/\/www.fedaiisf.it\/en\/wp-json\/wp\/v2\/comments?post=56450"}],"version-history":[{"count":0,"href":"https:\/\/www.fedaiisf.it\/en\/wp-json\/wp\/v2\/posts\/56450\/revisions"}],"wp:featuredmedia":[{"embeddable":true,"href":"https:\/\/www.fedaiisf.it\/en\/wp-json\/wp\/v2\/media\/56469"}],"wp:attachment":[{"href":"https:\/\/www.fedaiisf.it\/en\/wp-json\/wp\/v2\/media?parent=56450"}],"wp:term":[{"taxonomy":"category","embeddable":true,"href":"https:\/\/www.fedaiisf.it\/en\/wp-json\/wp\/v2\/categories?post=56450"},{"taxonomy":"post_tag","embeddable":true,"href":"https:\/\/www.fedaiisf.it\/en\/wp-json\/wp\/v2\/tags?post=56450"}],"curies":[{"name":"wp","href":"https:\/\/api.w.org\/{rel}","templated":true}]}}