{"id":56453,"date":"2021-02-09T16:51:54","date_gmt":"2021-02-09T15:51:54","guid":{"rendered":"https:\/\/www.fedaiisf.it\/?p=56453"},"modified":"2021-02-09T17:32:49","modified_gmt":"2021-02-09T16:32:49","slug":"on-serracchiani-agli-isf-investita-direttamente-la-commissione-salute-della-conferenza-delle-regioni-per-un-approfondimento-normativo","status":"publish","type":"post","link":"https:\/\/www.fedaiisf.it\/en\/on-serracchiani-agli-isf-investita-direttamente-la-commissione-salute-della-conferenza-delle-regioni-per-un-approfondimento-normativo\/","title":{"rendered":"Hon. Serracchiani at the ISF: The Health Commission of the Conference of Regions was directly invested for a regulatory study."},"content":{"rendered":"<p><em><span style=\"font-family: arial, helvetica, sans-serif; color: #000000;\">L&#8217;On. Debora Serracchiani era stata contattata a <a href=\"https:\/\/www.fedaiisf.it\/en\/covid-serracchiani-governo-dia-direttive-a-informatori-farmaceutici-lettera-a-ministri-speranza-e-catalfo-spiega-difficolta-categoria\/\" target=\"_blank\" rel=\"noopener\">settembre<\/a> ed in seguito a<a href=\"https:\/\/www.fedaiisf.it\/en\/fedaiisf-incontra-a-trieste-la-presidente-commissione-lavoro-della-camera-on-serracchiani-si-a-riconoscimento-giuridico\/\" target=\"_blank\" rel=\"noopener\"> novembre<\/a> si era<span style=\"font-size: 18px;\"> incontrata con una rappresentanza di Fedaiisf, la Federazione delle Associazioni Italiane degli Informatori Scientifici del Farmaco e del Parafarmaco, guidata dal presidente Antonio Mazzarella con una delegazione friulana e giuliana.<\/span><\/span><\/em><\/p>\n<p><em><span style=\"font-family: arial, helvetica, sans-serif; color: #000000;\">Nei colloqui si erano evidenziate le difficolt\u00e0 che gli ISF incontravano per svolgere la loro attivit\u00e0 e la necessit\u00e0 di &#8220;<span style=\"font-size: 18px;\">riprendere il dialogo per fare assieme un percorso di riordino e chiarificazione normativa&#8221;.<\/span><\/span><\/em><\/p>\n<p><em><span style=\"font-family: arial, helvetica, sans-serif; color: #000000;\">Oggi l&#8217;On, Serracchiani ha inviato agli ISF del Friuli Venezia Giulia la lettera che sotto riportiamo<\/span><\/em><\/p>\n<hr \/>\n<p><img loading=\"lazy\" decoding=\"async\" class=\"alignnone size-full wp-image-56454\" src=\"https:\/\/www.fedaiisf.it\/wp-content\/uploads\/2021\/02\/Letteras-Serracchiani.jpeg\" alt=\"\" width=\"875\" height=\"428\" srcset=\"https:\/\/www.fedaiisf.it\/wp-content\/uploads\/2021\/02\/Letteras-Serracchiani.jpeg 875w, https:\/\/www.fedaiisf.it\/wp-content\/uploads\/2021\/02\/Letteras-Serracchiani-300x147.jpeg 300w, https:\/\/www.fedaiisf.it\/wp-content\/uploads\/2021\/02\/Letteras-Serracchiani-768x376.jpeg 768w\" sizes=\"auto, (max-width: 875px) 100vw, 875px\" \/><span style=\"font-size: 18pt; font-family: 'trebuchet ms', geneva, sans-serif; color: #000000;\">nel dar seguito ai nostri precedenti contatti, desidero informarvi dell\u2019avvenuto scambio di corrispondenza con il Presidente della Conferenza Stato Regioni, in merito ai temi d\u2019interesse trattati.<\/span><\/p>\n<p><span style=\"font-size: 18pt; font-family: 'trebuchet ms', geneva, sans-serif; color: #000000;\">Il Presidente Bonaccini ha colto immediatamente il senso delle Vostre sollecitazioni, investendo direttamente la Commissione Salute della Conferenza delle Regioni per un approfondimento normativo.<\/span><\/p>\n<p><span style=\"font-size: 18pt; font-family: 'trebuchet ms', geneva, sans-serif; color: #000000;\">Sar\u00e0 mia premura condividere con Voi ogni successivo sviluppo, auspicando la risoluzione delle problematiche giustamente evidenziate e che non consentono appieno lo svolgimento del Vostro lavoro. Mi permetto di sottolineare la possibile utilit\u00e0 di un\u2019opera di sensibilizzazione, da parte Vostra nei confronti dei componenti della sopra indicata Commissione<\/span><\/p>\n<p><img loading=\"lazy\" decoding=\"async\" class=\"alignnone size-full wp-image-56455\" src=\"https:\/\/www.fedaiisf.it\/wp-content\/uploads\/2021\/02\/Serracchiani-firma.jpeg\" alt=\"\" width=\"858\" height=\"246\" srcset=\"https:\/\/www.fedaiisf.it\/wp-content\/uploads\/2021\/02\/Serracchiani-firma.jpeg 858w, https:\/\/www.fedaiisf.it\/wp-content\/uploads\/2021\/02\/Serracchiani-firma-300x86.jpeg 300w, https:\/\/www.fedaiisf.it\/wp-content\/uploads\/2021\/02\/Serracchiani-firma-768x220.jpeg 768w\" sizes=\"auto, (max-width: 858px) 100vw, 858px\" \/><\/p>","protected":false},"excerpt":{"rendered":"<p>L&#8217;On. Debora Serracchiani era stata contattata a settembre ed in seguito a novembre si era incontrata con una rappresentanza di Fedaiisf, la Federazione delle Associazioni Italiane degli Informatori Scientifici del Farmaco e del Parafarmaco, guidata dal presidente Antonio Mazzarella con una delegazione friulana e giuliana. Nei colloqui si erano evidenziate le difficolt\u00e0 che gli ISF &hellip;<\/p>","protected":false},"author":4,"featured_media":56458,"comment_status":"closed","ping_status":"closed","sticky":false,"template":"","format":"standard","meta":{"footnotes":""},"categories":[1],"tags":[21,154],"class_list":["post-56453","post","type-post","status-publish","format-standard","has-post-thumbnail","hentry","category-notizie","tag-informatori-scientifici","tag-regolamentazione-isf"],"amp_enabled":true,"_links":{"self":[{"href":"https:\/\/www.fedaiisf.it\/en\/wp-json\/wp\/v2\/posts\/56453","targetHints":{"allow":["GET"]}}],"collection":[{"href":"https:\/\/www.fedaiisf.it\/en\/wp-json\/wp\/v2\/posts"}],"about":[{"href":"https:\/\/www.fedaiisf.it\/en\/wp-json\/wp\/v2\/types\/post"}],"author":[{"embeddable":true,"href":"https:\/\/www.fedaiisf.it\/en\/wp-json\/wp\/v2\/users\/4"}],"replies":[{"embeddable":true,"href":"https:\/\/www.fedaiisf.it\/en\/wp-json\/wp\/v2\/comments?post=56453"}],"version-history":[{"count":0,"href":"https:\/\/www.fedaiisf.it\/en\/wp-json\/wp\/v2\/posts\/56453\/revisions"}],"wp:featuredmedia":[{"embeddable":true,"href":"https:\/\/www.fedaiisf.it\/en\/wp-json\/wp\/v2\/media\/56458"}],"wp:attachment":[{"href":"https:\/\/www.fedaiisf.it\/en\/wp-json\/wp\/v2\/media?parent=56453"}],"wp:term":[{"taxonomy":"category","embeddable":true,"href":"https:\/\/www.fedaiisf.it\/en\/wp-json\/wp\/v2\/categories?post=56453"},{"taxonomy":"post_tag","embeddable":true,"href":"https:\/\/www.fedaiisf.it\/en\/wp-json\/wp\/v2\/tags?post=56453"}],"curies":[{"name":"wp","href":"https:\/\/api.w.org\/{rel}","templated":true}]}}