{"id":56461,"date":"2021-02-09T17:01:39","date_gmt":"2021-02-09T16:01:39","guid":{"rendered":"https:\/\/www.fedaiisf.it\/?p=56461"},"modified":"2021-02-09T17:01:39","modified_gmt":"2021-02-09T16:01:39","slug":"usb-veneto-a-sostegno-isf","status":"publish","type":"post","link":"https:\/\/www.fedaiisf.it\/en\/usb-veneto-a-sostegno-isf\/","title":{"rendered":"USB Veneto in support of ISF. They should be included in the priority phases of vaccination"},"content":{"rendered":"<p><img loading=\"lazy\" decoding=\"async\" class=\"alignnone size-full wp-image-56462\" src=\"https:\/\/www.fedaiisf.it\/wp-content\/uploads\/2021\/02\/USB-Veneto-a-sostegno-ISF-int.jpeg\" alt=\"\" width=\"968\" height=\"261\" srcset=\"https:\/\/www.fedaiisf.it\/wp-content\/uploads\/2021\/02\/USB-Veneto-a-sostegno-ISF-int.jpeg 968w, https:\/\/www.fedaiisf.it\/wp-content\/uploads\/2021\/02\/USB-Veneto-a-sostegno-ISF-int-300x81.jpeg 300w, https:\/\/www.fedaiisf.it\/wp-content\/uploads\/2021\/02\/USB-Veneto-a-sostegno-ISF-int-768x207.jpeg 768w\" sizes=\"auto, (max-width: 968px) 100vw, 968px\" \/><\/p>\n<p><span style=\"font-family: arial, helvetica, sans-serif; color: #000000;\">USB Veneto evidenzia l\u2019importanza di estendere la campagna vaccinale in maniera prioritaria alla categoria degli Informatori Medico Scientifici in quanto a tutti gli effetti operatori in ambito sanitario.<\/span><\/p>\n<p><span style=\"font-family: arial, helvetica, sans-serif; color: #000000;\">Il 2 dicembre 2020 sono state presentate le linee guida nazionali da seguire per la vaccinazione COVID-19, elaborate da Ministero della Salute e concordate con: il Commissario Straordinario per l\u2019Emergenza, l\u2019ISS, L\u2019Agenas ed AIFA.<\/span><\/p>\n<p><span style=\"font-family: arial, helvetica, sans-serif; color: #000000;\">Inoltre gi\u00e0 alcune Regioni hanno provveduto ad emanare le proprie direttive, purtroppo alcune di esse non hanno incluso la categoria degli Informatori Scientifici in fascia prioritaria nonostante questi professionisti svolgono la loro attivit\u00e0 a stretto contatto con il personale sanitario all\u2019interno di strutture ospedaliere, cliniche, poliambulatori specialistici e ambulatori di medicina territoriale.<\/span><\/p>\n<p><span style=\"font-family: arial, helvetica, sans-serif; color: #000000;\">Ad oggi ci risultano disparit\u00e0 di comportamento fra le varie Regioni nei criteri di inserimento nelle fasce prioritarie rogionali, di seguito riportiamo l\u2019ultimo aggiornamento nazionale:<\/span><br \/>\n<span style=\"font-family: arial, helvetica, sans-serif; color: #000000;\">Basilicata<\/span><br \/>\n<span style=\"font-family: arial, helvetica, sans-serif; color: #000000;\">Calabria<\/span><\/p>\n<p><span style=\"font-family: arial, helvetica, sans-serif; color: #000000;\">Campania: ASL Napoli 3, ASL Napoli 2, Avellino, Salerno, Benevento Friuli-Venezia Giulia<\/span><br \/>\n<span style=\"font-family: arial, helvetica, sans-serif; color: #000000;\">Liguria<\/span><br \/>\n<span style=\"font-family: arial, helvetica, sans-serif; color: #000000;\">Lombardy<\/span><\/p>\n<p><span style=\"font-family: arial, helvetica, sans-serif; color: #000000;\">Piemonte Puglia Sicilia<\/span><\/p>\n<p><span style=\"font-family: arial, helvetica, sans-serif; color: #000000;\">In qualit\u00e0 di organizzazione sindacale abbiamo accolto le problematiche riportate da diversi professionisti afferenti a questa figura lavorativa che affliggono questa categoria, la cui importanza \u00e8 tale da essere regolamentata da apposito d.lgs. 219\/06, finora trattata marginalmente da altre organizzazioni sindacali alle quali si sono rivolti allo scopo di vedere riconosciuta la dignit\u00e0 che ad essi compete legata all\u2019alto profilo dei contenuti intrinseci allo svolgimento etico della loro professione.<\/span><\/p>\n<p><span style=\"font-family: arial, helvetica, sans-serif; color: #000000;\">Abbiamo discusso approfonditamente con le lavoratrici e i lavoratori, il loro comparto di riferimento e regolamentato dal CCNL dei chimici, in particolare hanno evidenziato una tendenza costante e continuata nei rinnovi contrattuali dove lentamente si osserva un tentativo di trasformazione delle mansioni di riferimento, tale strisciante operazione tenta di celare maldestramente lo scivolamento delle stesse verso la pi\u00f9 vantaggiosa forma richiesta dal datore di lavoro che li accomunerebbe alla pi\u00f9 redditizia attivit\u00e0 commerciale.<\/span><\/p>\n<p><span style=\"font-family: arial, helvetica, sans-serif; color: #000000;\">Quanto riferito mostra la necessit\u00e0 di intervenire anche e soprattutto a garanzia di una etica erogazione di servizi dedicati a tutela della salute di tutti, per questo motivo la scrivente organizzazione sindacale ha deciso di raccogliere le loro istanze ed essere loro portavoce nelle sedi opportune per perorare l\u2019evidente necessit\u00e0 di riconoscimento e tutela di questa importantissima figura professionale, anello di congiunzione dell\u2019offerta di salute tra Industria, operatori ed erogatori di salute e cittadini..\u00a0<\/span><\/p>\n<p><img loading=\"lazy\" decoding=\"async\" class=\"alignnone size-full wp-image-56463\" src=\"https:\/\/www.fedaiisf.it\/wp-content\/uploads\/2021\/02\/USB-firma.jpeg\" alt=\"\" width=\"966\" height=\"223\" srcset=\"https:\/\/www.fedaiisf.it\/wp-content\/uploads\/2021\/02\/USB-firma.jpeg 966w, https:\/\/www.fedaiisf.it\/wp-content\/uploads\/2021\/02\/USB-firma-300x69.jpeg 300w, https:\/\/www.fedaiisf.it\/wp-content\/uploads\/2021\/02\/USB-firma-768x177.jpeg 768w\" sizes=\"auto, (max-width: 966px) 100vw, 966px\" \/><\/p>","protected":false},"excerpt":{"rendered":"<p>USB Veneto evidenzia l\u2019importanza di estendere la campagna vaccinale in maniera prioritaria alla categoria degli Informatori Medico Scientifici in quanto a tutti gli effetti operatori in ambito sanitario. Il 2 dicembre 2020 sono state presentate le linee guida nazionali da seguire per la vaccinazione COVID-19, elaborate da Ministero della Salute e concordate con: il Commissario &hellip;<\/p>","protected":false},"author":4,"featured_media":50549,"comment_status":"closed","ping_status":"closed","sticky":false,"template":"","format":"standard","meta":{"footnotes":""},"categories":[1],"tags":[],"class_list":["post-56461","post","type-post","status-publish","format-standard","has-post-thumbnail","hentry","category-notizie"],"amp_enabled":true,"_links":{"self":[{"href":"https:\/\/www.fedaiisf.it\/en\/wp-json\/wp\/v2\/posts\/56461","targetHints":{"allow":["GET"]}}],"collection":[{"href":"https:\/\/www.fedaiisf.it\/en\/wp-json\/wp\/v2\/posts"}],"about":[{"href":"https:\/\/www.fedaiisf.it\/en\/wp-json\/wp\/v2\/types\/post"}],"author":[{"embeddable":true,"href":"https:\/\/www.fedaiisf.it\/en\/wp-json\/wp\/v2\/users\/4"}],"replies":[{"embeddable":true,"href":"https:\/\/www.fedaiisf.it\/en\/wp-json\/wp\/v2\/comments?post=56461"}],"version-history":[{"count":0,"href":"https:\/\/www.fedaiisf.it\/en\/wp-json\/wp\/v2\/posts\/56461\/revisions"}],"wp:featuredmedia":[{"embeddable":true,"href":"https:\/\/www.fedaiisf.it\/en\/wp-json\/wp\/v2\/media\/50549"}],"wp:attachment":[{"href":"https:\/\/www.fedaiisf.it\/en\/wp-json\/wp\/v2\/media?parent=56461"}],"wp:term":[{"taxonomy":"category","embeddable":true,"href":"https:\/\/www.fedaiisf.it\/en\/wp-json\/wp\/v2\/categories?post=56461"},{"taxonomy":"post_tag","embeddable":true,"href":"https:\/\/www.fedaiisf.it\/en\/wp-json\/wp\/v2\/tags?post=56461"}],"curies":[{"name":"wp","href":"https:\/\/api.w.org\/{rel}","templated":true}]}}