{"id":56590,"date":"2021-02-20T00:01:17","date_gmt":"2021-02-19T23:01:17","guid":{"rendered":"https:\/\/www.fedaiisf.it\/?p=56590"},"modified":"2021-02-20T08:55:16","modified_gmt":"2021-02-20T07:55:16","slug":"giornata-nazionale-del-personale-sanitario-sociosanitario-socioassistenziale-e-del-volontariato","status":"publish","type":"post","link":"https:\/\/www.fedaiisf.it\/en\/giornata-nazionale-del-personale-sanitario-sociosanitario-socioassistenziale-e-del-volontariato\/","title":{"rendered":"National day of health, social and social care and voluntary workers"},"content":{"rendered":"<p>Nella seduta in sede deliberante del 4 novembre 2020 della Commissione Affari Costituzionali del Senato della <img loading=\"lazy\" decoding=\"async\" class=\"wp-image-56596 alignright\" src=\"https:\/\/www.fedaiisf.it\/wp-content\/uploads\/2021\/02\/Lutto-medici.jpg\" alt=\"\" width=\"342\" height=\"230\" srcset=\"https:\/\/www.fedaiisf.it\/wp-content\/uploads\/2021\/02\/Lutto-medici.jpg 880w, https:\/\/www.fedaiisf.it\/wp-content\/uploads\/2021\/02\/Lutto-medici-300x201.jpg 300w, https:\/\/www.fedaiisf.it\/wp-content\/uploads\/2021\/02\/Lutto-medici-768x515.jpg 768w\" sizes=\"auto, (max-width: 342px) 100vw, 342px\" \/>Repubblica \u00e8 stato approvato in via definitiva il <a href=\"https:\/\/portale.fnomceo.it\/wp-content\/uploads\/2020\/11\/DDL-Istituzione-della-Giornata-nazionale-del-personale-sanitario-sociosanitario-socioassistenziale-e-del-volontariato.pdf\" target=\"_blank\" rel=\"noopener\">Disegno di legge n. 1795-B<\/a> che istituisce la \u201c<em>Giornata nazionale del personale sanitario, sociosanitario, socioassistenziale e del volontariato\u201d.<\/em> La Giornata si celebrer\u00e0 il 20 febbraio, come giornata simbolo di inizio pandemia, di ogni anno e sar\u00e0 considerata solennit\u00e0 civile.<\/p>\n<p>La pandemia causata dal coronavirus ha causato pi\u00f9 di 2,5 milioni di malati accertati in Italia, pi\u00f9 di 95.000 morti da inizio pandemia per COVID-19. I medici e odontoiatri che hanno lottato contro il virus fino alle estreme conseguenze sono stati 319, all\u20198 febbraio.<\/p>\n<p>Spesso abbiamo utilizzato termini evocativi dell\u2019enormit\u00e0 di una guerra per descrivere il lavoro infaticabile di medici, infermieri e volontari che si sono confrontati con le conseguenze pi\u00f9 drammatiche della pandemia sapendo che meglio di tante altre parole avrebbero potuto esprimere l\u2019impatto di ci\u00f2 che stava accadendo, rendendo merito nel modo pi\u00f9 giusto alle persone che in prima linea hanno lottato per proteggerci, per prendersi cura di noi. \u201c<em>Spesso mandati a combattere a mani nude contro il virus. \u00c8 una lotta impari, che fa male a noi, fa male ai cittadini, fa male al Paese<\/em>\u201d ha dichiarato il Presidente FNOMCeO, Filippo Anelli.<\/p>\n<p>Medici, odontoiatri, infermieri, volontari lottando contro il virus fino alle estreme conseguenze, hanno dato un esempio che nessuno potr\u00e0 dimenticare. Lungi da noi ogni intento di vuota retorica, ricordarli risponde al valore della memoria e al rispetto dei morti che costituiscono essenza fondante della nostra civilt\u00e0.<\/p>\n<p>La nostra commozione in questa commemorazione \u00e8 un sentimento sincero perch\u00e9 per gli Informatori scientifici, al di l\u00e0 di un rapporto di lavoro, c\u2019\u00e8 anche un rapporto umano, un sentimento che ci lega ai caduti.<\/p>\n<p>L&#8217;Associazione tutta\u00a0 partecipa\u00a0 riconoscente ed ammirata al ricordo dei Medici che non hanno esitato a mettere in gioco la propria esistenza pur di continuare ad assistere i pazienti ed i bisognosi dando un altissimo esempio ed interpretazione dei valori che da sempre animano la categoria. E la nostra vicinanza e riconoscenza ai medici va trasmessa anche alle loro famiglie, poich\u00e9 condividono con loro il peso dei sacrifici e dei disagi che quella delicata professione comporta.<\/p>\n<p>E a un raccoglimento silenzioso affidiamo i nostri sentimenti e il valore della memoria.<\/p>\n<p><img loading=\"lazy\" decoding=\"async\" class=\"alignnone wp-image-56592\" src=\"https:\/\/www.fedaiisf.it\/wp-content\/uploads\/2021\/02\/Non-gridate-piu-Ungaretti-da-FNOMCeO.jpg\" alt=\"\" width=\"299\" height=\"356\" srcset=\"https:\/\/www.fedaiisf.it\/wp-content\/uploads\/2021\/02\/Non-gridate-piu-Ungaretti-da-FNOMCeO.jpg 375w, https:\/\/www.fedaiisf.it\/wp-content\/uploads\/2021\/02\/Non-gridate-piu-Ungaretti-da-FNOMCeO-252x300.jpg 252w\" sizes=\"auto, (max-width: 299px) 100vw, 299px\" \/><\/p>","protected":false},"excerpt":{"rendered":"<p>Nella seduta in sede deliberante del 4 novembre 2020 della Commissione Affari Costituzionali del Senato della Repubblica \u00e8 stato approvato in via definitiva il Disegno di legge n. 1795-B che istituisce la \u201cGiornata nazionale del personale sanitario, sociosanitario, socioassistenziale e del volontariato\u201d. La Giornata si celebrer\u00e0 il 20 febbraio, come giornata simbolo di inizio pandemia, &hellip;<\/p>","protected":false},"author":4,"featured_media":56633,"comment_status":"closed","ping_status":"closed","sticky":false,"template":"","format":"standard","meta":{"footnotes":""},"categories":[1],"tags":[38],"class_list":["post-56590","post","type-post","status-publish","format-standard","has-post-thumbnail","hentry","category-notizie","tag-n-d-r"],"amp_enabled":true,"_links":{"self":[{"href":"https:\/\/www.fedaiisf.it\/en\/wp-json\/wp\/v2\/posts\/56590","targetHints":{"allow":["GET"]}}],"collection":[{"href":"https:\/\/www.fedaiisf.it\/en\/wp-json\/wp\/v2\/posts"}],"about":[{"href":"https:\/\/www.fedaiisf.it\/en\/wp-json\/wp\/v2\/types\/post"}],"author":[{"embeddable":true,"href":"https:\/\/www.fedaiisf.it\/en\/wp-json\/wp\/v2\/users\/4"}],"replies":[{"embeddable":true,"href":"https:\/\/www.fedaiisf.it\/en\/wp-json\/wp\/v2\/comments?post=56590"}],"version-history":[{"count":0,"href":"https:\/\/www.fedaiisf.it\/en\/wp-json\/wp\/v2\/posts\/56590\/revisions"}],"wp:featuredmedia":[{"embeddable":true,"href":"https:\/\/www.fedaiisf.it\/en\/wp-json\/wp\/v2\/media\/56633"}],"wp:attachment":[{"href":"https:\/\/www.fedaiisf.it\/en\/wp-json\/wp\/v2\/media?parent=56590"}],"wp:term":[{"taxonomy":"category","embeddable":true,"href":"https:\/\/www.fedaiisf.it\/en\/wp-json\/wp\/v2\/categories?post=56590"},{"taxonomy":"post_tag","embeddable":true,"href":"https:\/\/www.fedaiisf.it\/en\/wp-json\/wp\/v2\/tags?post=56590"}],"curies":[{"name":"wp","href":"https:\/\/api.w.org\/{rel}","templated":true}]}}