{"id":56624,"date":"2021-02-19T11:57:46","date_gmt":"2021-02-19T10:57:46","guid":{"rendered":"https:\/\/www.fedaiisf.it\/?p=56624"},"modified":"2021-02-19T13:12:25","modified_gmt":"2021-02-19T12:12:25","slug":"il-datore-non-puo-controllare-se-dipendente-ha-fatto-il-vaccino-covid-continua-su-https-www-fanpage-it-attualita-il-datore-non-puo-controllare","status":"publish","type":"post","link":"https:\/\/www.fedaiisf.it\/en\/il-datore-non-puo-controllare-se-dipendente-ha-fatto-il-vaccino-covid-continua-su-https-www-fanpage-it-attualita-il-datore-non-puo-controllare\/","title":{"rendered":"The employer cannot check if the employee has had the covid vaccine"},"content":{"rendered":"<h1>Il datore non pu\u00f2 controllare se il dipendente ha fatto il vaccino<br \/>\n<a href=\"https:\/\/www.garanteprivacy.it\/garante\/document?ID=9543837\" target=\"_blank\" rel=\"noopener\"><img loading=\"lazy\" decoding=\"async\" class=\"wp-image-56626 alignright\" src=\"https:\/\/www.fedaiisf.it\/wp-content\/uploads\/2021\/02\/Garante-privacy-controllo-vaccinazione.jpeg\" alt=\"\" width=\"402\" height=\"256\" srcset=\"https:\/\/www.fedaiisf.it\/wp-content\/uploads\/2021\/02\/Garante-privacy-controllo-vaccinazione.jpeg 603w, https:\/\/www.fedaiisf.it\/wp-content\/uploads\/2021\/02\/Garante-privacy-controllo-vaccinazione-300x191.jpeg 300w\" sizes=\"auto, (max-width: 402px) 100vw, 402px\" \/><\/a>covid: anche se lavora in ospedale<\/h1>\n<p>Il datore di lavoro non pu\u00f2 mai acquisire i nominativi del personale vaccinato contro il covid o la copia delle certificazioni vaccinali, neanche con il consenso del dipendente o tramite il medico competente. Lo ha precisato il Garante della privacy nelle sua Faq chiarendo diversi dubbi in merito ai vaccini emersi tra imprese private ed enti e amministrazioni pubbliche.<\/p>\n<p><a href=\"https:\/\/www.fanpage.it\/attualita\/il-datore-non-puo-controllare-se-dipendente-ha-fatto-il-vaccino-covid-anche-se-lavora-in-ospedale\/\" target=\"_blank\" rel=\"noopener\">Fanpage &#8211; 18 febbraio 2021<\/a><\/p>\n<p>Un datore di lavoro non pu\u00f2 controllare se un proprio dipendente ha fatto o meno il vaccino anti covid, neanche se quest&#8217;ultimo lavora in ospedale e quindi in un ambiente a rischio, lo ha precisato il Garante della privacy chiarendo diversi dubbi in merito ai vaccini emersi tra imprese private ed enti e amministrazioni pubbliche in tempo di pandemia. Rispondendo ad alcune domande chiave nelle <a href=\"https:\/\/www.garanteprivacy.it\/garante\/document?ID=9543837\" target=\"_blank\" rel=\"noopener\">Faq<\/a> pubblicate sul sito della stessa Autorit\u00e0, infatti, il Garante ha ricordato che il datore di lavoro non pu\u00f2 acquisire dati su vaccinati Covid perch\u00e9 \u00a0al momento non vi \u00e8 nessuna legge che lo permetta: non lo consentono n\u00e9 le norme in materia di tutela della salute e sicurezza nei luoghi di lavoro n\u00e9 le disposizioni varate in questi mesi sull\u2019emergenza sanitaria.<\/p>\n<h2>Il Datore si deve attenere alla certificazione di idoneit\u00e0<\/h2>\n<p>Dunque in attesa di un eventuale intervento legislativo a livello nazionale che imponga la vaccinazione anti Covid-19 quale condizione per lo svolgimento di determinate professioni, attivit\u00e0 lavorative e mansioni, &#8220;nei casi di esposizione diretta ad \u2018agenti biologici&#8217; durante il lavoro, come nel contesto sanitario, si applicano le disposizioni vigenti sulle \u2018misure speciali di protezione&#8217; previste per tali ambienti lavorativi&#8221;. Si parla per\u00f2 sempre di idoneit\u00e0 e non specificamente di vaccini. Anche in questi casi, infatti solo il medico competente, nella sua funzione di raccordo tra il sistema sanitario e il contesto lavorativo, pu\u00f2 trattare i dati personali relativi alla vaccinazione dei dipendenti. &#8220;Il datore di lavoro deve quindi limitarsi attuare, sul piano organizzativo, le misure indicate dal medico competente nei casi di giudizio di parziale o temporanea inidoneit\u00e0&#8221; spiega il Garante.<\/p>\n<h2>I Dati sui vaccinati covid neanche col consenso dei lavoratori<\/h2>\n<p>In generale dunque il datore di lavoro non pu\u00f2 acquisire i nominativi del personale vaccinato contro la covid o la copia delle certificazioni vaccinali, neanche con il consenso del dipendente o tramite il medico competente cos\u00ec come pure qualcuno aveva tentato di fare. \u00a0Il consenso del dipendente, spiega l&#8217;Autorit\u00e0, &#8220;non pu\u00f2 costituire, in questi casi, una condizione di liceit\u00e0 del trattamento dei dati. Il datore di lavoro pu\u00f2, invece, acquisire, in base al quadro normativo vigente, i soli giudizi di idoneit\u00e0 alla mansione specifica redatti dal medico competente&#8221; e &#8220;attuare le misure indicate dal medico competente nei casi di giudizio di parziale o temporanea inidoneit\u00e0 alla mansione cui \u00e8 adibito il lavoratore&#8221;.<\/p>\n<p>Related news:\u00a0<a href=\"https:\/\/www.garanteprivacy.it\/web\/guest\/home\/docweb\/-\/docweb-display\/docweb\/9543615\" target=\"_blank\" rel=\"noopener\">Vaccinazione dei dipendenti: le FAQ del Garante privacy. Principi generali e focus sugli operatori sanitari<\/a><\/p>","protected":false},"excerpt":{"rendered":"<p>Il datore non pu\u00f2 controllare se il dipendente ha fatto il vaccino covid: anche se lavora in ospedale Il datore di lavoro non pu\u00f2 mai acquisire i nominativi del personale vaccinato contro il covid o la copia delle certificazioni vaccinali, neanche con il consenso del dipendente o tramite il medico competente. Lo ha precisato il &hellip;<\/p>","protected":false},"author":4,"featured_media":56627,"comment_status":"closed","ping_status":"closed","sticky":false,"template":"","format":"standard","meta":{"footnotes":""},"categories":[1],"tags":[39],"class_list":["post-56624","post","type-post","status-publish","format-standard","has-post-thumbnail","hentry","category-notizie","tag-vaccini"],"amp_enabled":true,"_links":{"self":[{"href":"https:\/\/www.fedaiisf.it\/en\/wp-json\/wp\/v2\/posts\/56624","targetHints":{"allow":["GET"]}}],"collection":[{"href":"https:\/\/www.fedaiisf.it\/en\/wp-json\/wp\/v2\/posts"}],"about":[{"href":"https:\/\/www.fedaiisf.it\/en\/wp-json\/wp\/v2\/types\/post"}],"author":[{"embeddable":true,"href":"https:\/\/www.fedaiisf.it\/en\/wp-json\/wp\/v2\/users\/4"}],"replies":[{"embeddable":true,"href":"https:\/\/www.fedaiisf.it\/en\/wp-json\/wp\/v2\/comments?post=56624"}],"version-history":[{"count":0,"href":"https:\/\/www.fedaiisf.it\/en\/wp-json\/wp\/v2\/posts\/56624\/revisions"}],"wp:featuredmedia":[{"embeddable":true,"href":"https:\/\/www.fedaiisf.it\/en\/wp-json\/wp\/v2\/media\/56627"}],"wp:attachment":[{"href":"https:\/\/www.fedaiisf.it\/en\/wp-json\/wp\/v2\/media?parent=56624"}],"wp:term":[{"taxonomy":"category","embeddable":true,"href":"https:\/\/www.fedaiisf.it\/en\/wp-json\/wp\/v2\/categories?post=56624"},{"taxonomy":"post_tag","embeddable":true,"href":"https:\/\/www.fedaiisf.it\/en\/wp-json\/wp\/v2\/tags?post=56624"}],"curies":[{"name":"wp","href":"https:\/\/api.w.org\/{rel}","templated":true}]}}