{"id":56640,"date":"2021-02-20T08:48:30","date_gmt":"2021-02-20T07:48:30","guid":{"rendered":"https:\/\/www.fedaiisf.it\/?p=56640"},"modified":"2021-02-20T08:57:41","modified_gmt":"2021-02-20T07:57:41","slug":"presidente-nazionale-fedaiisf-lettera-al-presidente-fnomceo-in-commemorazione-dei-medici-morti-per-covid","status":"publish","type":"post","link":"https:\/\/www.fedaiisf.it\/en\/presidente-nazionale-fedaiisf-lettera-al-presidente-fnomceo-in-commemorazione-dei-medici-morti-per-covid\/","title":{"rendered":"National President Fedaiisf. Letter to the President of FNOMCeO in commemoration of the doctors who died from Covid"},"content":{"rendered":"<hr \/>\n<p><img loading=\"lazy\" decoding=\"async\" class=\"alignnone size-full wp-image-56641\" src=\"https:\/\/www.fedaiisf.it\/wp-content\/uploads\/2021\/02\/Mazzarella.-lettera-Anelli.jpeg\" alt=\"\" width=\"981\" height=\"623\" srcset=\"https:\/\/www.fedaiisf.it\/wp-content\/uploads\/2021\/02\/Mazzarella.-lettera-Anelli.jpeg 981w, https:\/\/www.fedaiisf.it\/wp-content\/uploads\/2021\/02\/Mazzarella.-lettera-Anelli-300x191.jpeg 300w, https:\/\/www.fedaiisf.it\/wp-content\/uploads\/2021\/02\/Mazzarella.-lettera-Anelli-768x488.jpeg 768w\" sizes=\"auto, (max-width: 981px) 100vw, 981px\" \/><\/p>\n<p style=\"text-align: justify;\"><span style=\"color: #000000;\">oggi 20 febbraio 2021 ricorre la prima giornata nazionale di commemorazione del personale sanitario, sociosanitario, socio assistenziale e del volontariato vittime della pandemia Covid 19.<\/span><\/p>\n<p style=\"text-align: justify;\"><span style=\"color: #000000;\">I medici hanno pagato il prezzo pi\u00f9 alto in assoluto: 325 vittime \u00e8 un numero da bollettino di guerra. Eroi del nostro tempo, non in possesso di abilit\u00e0 straordinarie ma proiettati alla realizzazione di una scelta etica per la quale si \u00e8 disposti anche a morire. Essere eroi \u00e8 anche la conseguenza della vostra decisione quotidiana di seguire i valori che vi siete imposti anche accettandone le conseguenze, spesso molto dolorose. La speranza \u00e8 che tutto questo possa essere di fulgido esempio per tutta la societ\u00e0.<\/span><\/p>\n<p style=\"text-align: justify;\"><span style=\"color: #000000;\">Le scrivo a nome degli Informatori scientifici del farmaco e del parafarmaco, che hanno vissuto con dolore ed apprensione la perdita di tali professionisti, molto spesso pi\u00f9 amici che interlocutori professionali, per testimoniare a lei e a tutti i suoi colleghi il nostro profondo senso di commozione derivante dalla perdita cos\u00ec grave subita dalla sua categoria.<\/span><\/p>\n<p style=\"text-align: justify;\"><span style=\"color: #000000;\">Con riconoscenza ed ammirazione partecipiamo al ricordo dei medici che, senza esitazione, hanno messo in secondo piano la propria esistenza pur di garantire l\u2019assistenza ai pazienti ed ai bisognosi, tenendo fede, nei fatti, ai valori che da sempre ispirano la vostra categoria.<\/span><\/p>\n<p style=\"text-align: justify;\"><span style=\"color: #000000;\">Esprimiamo, inoltre, tutta la nostra vicinanza anche alle famiglie di questi eroi in quanto con loro condividono il peso dei sacrifici e dei disagi che questa delicata professione comporta. Ad un raccoglimento silenzioso affidiamo i nostri sentimenti e il valore della memoria.<\/span><\/p>\n<p><img loading=\"lazy\" decoding=\"async\" class=\"alignnone size-full wp-image-56642\" src=\"https:\/\/www.fedaiisf.it\/wp-content\/uploads\/2021\/02\/Mazzarella-lettera-Anelli-firma.jpeg\" alt=\"\" width=\"979\" height=\"263\" srcset=\"https:\/\/www.fedaiisf.it\/wp-content\/uploads\/2021\/02\/Mazzarella-lettera-Anelli-firma.jpeg 979w, https:\/\/www.fedaiisf.it\/wp-content\/uploads\/2021\/02\/Mazzarella-lettera-Anelli-firma-300x81.jpeg 300w, https:\/\/www.fedaiisf.it\/wp-content\/uploads\/2021\/02\/Mazzarella-lettera-Anelli-firma-768x206.jpeg 768w\" sizes=\"auto, (max-width: 979px) 100vw, 979px\" \/><\/p>\n<hr \/>\n<p>&nbsp;<\/p>","protected":false},"excerpt":{"rendered":"<p>oggi 20 febbraio 2021 ricorre la prima giornata nazionale di commemorazione del personale sanitario, sociosanitario, socio assistenziale e del volontariato vittime della pandemia Covid 19. I medici hanno pagato il prezzo pi\u00f9 alto in assoluto: 325 vittime \u00e8 un numero da bollettino di guerra. Eroi del nostro tempo, non in possesso di abilit\u00e0 straordinarie ma &hellip;<\/p>","protected":false},"author":4,"featured_media":56644,"comment_status":"closed","ping_status":"closed","sticky":false,"template":"","format":"standard","meta":{"footnotes":""},"categories":[1],"tags":[36],"class_list":["post-56640","post","type-post","status-publish","format-standard","has-post-thumbnail","hentry","category-notizie","tag-fedaiisfpresidente"],"amp_enabled":true,"_links":{"self":[{"href":"https:\/\/www.fedaiisf.it\/en\/wp-json\/wp\/v2\/posts\/56640","targetHints":{"allow":["GET"]}}],"collection":[{"href":"https:\/\/www.fedaiisf.it\/en\/wp-json\/wp\/v2\/posts"}],"about":[{"href":"https:\/\/www.fedaiisf.it\/en\/wp-json\/wp\/v2\/types\/post"}],"author":[{"embeddable":true,"href":"https:\/\/www.fedaiisf.it\/en\/wp-json\/wp\/v2\/users\/4"}],"replies":[{"embeddable":true,"href":"https:\/\/www.fedaiisf.it\/en\/wp-json\/wp\/v2\/comments?post=56640"}],"version-history":[{"count":0,"href":"https:\/\/www.fedaiisf.it\/en\/wp-json\/wp\/v2\/posts\/56640\/revisions"}],"wp:featuredmedia":[{"embeddable":true,"href":"https:\/\/www.fedaiisf.it\/en\/wp-json\/wp\/v2\/media\/56644"}],"wp:attachment":[{"href":"https:\/\/www.fedaiisf.it\/en\/wp-json\/wp\/v2\/media?parent=56640"}],"wp:term":[{"taxonomy":"category","embeddable":true,"href":"https:\/\/www.fedaiisf.it\/en\/wp-json\/wp\/v2\/categories?post=56640"},{"taxonomy":"post_tag","embeddable":true,"href":"https:\/\/www.fedaiisf.it\/en\/wp-json\/wp\/v2\/tags?post=56640"}],"curies":[{"name":"wp","href":"https:\/\/api.w.org\/{rel}","templated":true}]}}