{"id":56759,"date":"2021-02-28T10:53:15","date_gmt":"2021-02-28T09:53:15","guid":{"rendered":"https:\/\/www.fedaiisf.it\/?p=56759"},"modified":"2021-03-01T08:20:32","modified_gmt":"2021-03-01T07:20:32","slug":"regione-emilia-romagna-interrogazione-consigliere-tagliaferri-se-non-si-intenda-inserire-gli-isf-tra-le-categorie-ad-alto-rischio-di-contagio-covid-19-da-vaccinare-prioritariamente","status":"publish","type":"post","link":"https:\/\/www.fedaiisf.it\/en\/regione-emilia-romagna-interrogazione-consigliere-tagliaferri-se-non-si-intenda-inserire-gli-isf-tra-le-categorie-ad-alto-rischio-di-contagio-covid-19-da-vaccinare-prioritariamente\/","title":{"rendered":"Emilia Romagna region. Question to Counselor Tagliaferri: &quot;if you do not intend to include the ISF among the categories at high risk of Covid-19 contagion to be vaccinated as a priority"},"content":{"rendered":"<p><img loading=\"lazy\" decoding=\"async\" class=\"alignnone size-large wp-image-56760\" src=\"https:\/\/www.fedaiisf.it\/wp-content\/uploads\/2021\/02\/Emilia-Romagna-interrogazione-Tagliaferri-vsu-ISF-intestazione-1024x681.jpeg\" alt=\"\" width=\"1024\" height=\"681\" srcset=\"https:\/\/www.fedaiisf.it\/wp-content\/uploads\/2021\/02\/Emilia-Romagna-interrogazione-Tagliaferri-vsu-ISF-intestazione-1024x681.jpeg 1024w, https:\/\/www.fedaiisf.it\/wp-content\/uploads\/2021\/02\/Emilia-Romagna-interrogazione-Tagliaferri-vsu-ISF-intestazione-300x199.jpeg 300w, https:\/\/www.fedaiisf.it\/wp-content\/uploads\/2021\/02\/Emilia-Romagna-interrogazione-Tagliaferri-vsu-ISF-intestazione-768x510.jpeg 768w, https:\/\/www.fedaiisf.it\/wp-content\/uploads\/2021\/02\/Emilia-Romagna-interrogazione-Tagliaferri-vsu-ISF-intestazione.jpeg 1133w\" sizes=\"auto, (max-width: 1024px) 100vw, 1024px\" \/><\/p>\n<p style=\"text-align: justify;\"><span style=\"font-size: 14pt; font-family: helvetica, arial, sans-serif;\"><img loading=\"lazy\" decoding=\"async\" class=\"wp-image-56762 alignright\" src=\"https:\/\/www.fedaiisf.it\/wp-content\/uploads\/2021\/02\/G.Carlo-Tagliaferri-Cons.-Reg.-Emilia-R.jpg\" alt=\"\" width=\"239\" height=\"239\" srcset=\"https:\/\/www.fedaiisf.it\/wp-content\/uploads\/2021\/02\/G.Carlo-Tagliaferri-Cons.-Reg.-Emilia-R.jpg 200w, https:\/\/www.fedaiisf.it\/wp-content\/uploads\/2021\/02\/G.Carlo-Tagliaferri-Cons.-Reg.-Emilia-R-150x150.jpg 150w\" sizes=\"auto, (max-width: 239px) 100vw, 239px\" \/>Premesso che: &#8211;<\/span><\/p>\n<p style=\"text-align: justify;\"><span style=\"font-size: 14pt; font-family: helvetica, arial, sans-serif;\">la figura dell\u2019Informatore Scientifico del Farmaco svolge una funzione essenziale nell\u2019ambito della professione medica che si concretizza nella presentazione, agli operatori sanitari, dei farmaci, della loro composizione, delle loro caratteristiche di utilizzo terapeutico nei protocolli di prevenzione e cura delle patologie;<\/span><\/p>\n<p style=\"text-align: justify;\"><span style=\"font-size: 14pt; font-family: helvetica, arial, sans-serif;\">preso atto: &#8211;<\/span><\/p>\n<p style=\"text-align: justify;\"><span style=\"font-size: 14pt; font-family: helvetica, arial, sans-serif;\">dell\u2019appello degli Informatori Scientifici del Farmaco dell\u2019Emilia-Romagna, come riportato da organi di stampa locale \u2013 manifestando il loro disappunto \u201cviste le condizioni a rischio in cui noi, informatori scientifici del farmaco siamo costretti a lavorare. In questo periodo sono stati giustamente vaccinati, oltre a tutti i medici, anche il personale paramedico, e chi lavora in ambito sanitario a contatto con il pubblico, ma noi no\u201d evidenziando, altres\u00ec, il rammarico \u201cper non far parte delle categorie da vaccinare in prima fascia visto che rischiamo il contagio in ogni momento della giornata\u201d;<\/span><\/p>\n<p style=\"text-align: justify;\"><span style=\"font-size: 14pt; font-family: helvetica, arial, sans-serif;\">visto che: &#8211;<\/span><\/p>\n<p style=\"text-align: justify;\"><span style=\"font-size: 14pt; font-family: helvetica, arial, sans-serif;\">la Regione Emilia-Romagna, nonostante l\u2019appello, non si \u00e8 ancora determinata ad inserire prioritariamente gli ISF nella campagna vaccinale anti Covid-19;<\/span><\/p>\n<p style=\"text-align: justify;\"><span style=\"font-size: 14pt; font-family: helvetica, arial, sans-serif;\">da quanto \u00e8 dato sapere, gi\u00e0 ad oggi diverse Regioni italiane, quali esempio la Calabria, il Veneto, il Friuli Venezia Giulia, il Piemonte, la Lombardia hanno stabilito di procedere alla vaccinazione degli Informatori Scientifici inserendoli in prima fascia come categoria a rischio tra gli operatori sanitari; <\/span><\/p>\n<p style=\"text-align: justify;\"><span style=\"font-size: 14pt; font-family: helvetica, arial, sans-serif;\">ritenuto che: &#8211;<\/span><\/p>\n<p style=\"text-align: justify;\"><span style=\"font-size: 14pt; font-family: helvetica, arial, sans-serif;\">gli Informatori Scientifici svolgono la loro attivit\u00e0 anche nelle strutture di ricovero, ambulatoriali e socio-sanitarie in generale, a stretto contatto con gli operatori sanitari, gli IFS devono essere, quindi, inseriti tra le categorie dei lavoratori della sanit\u00e0 prioritarie da vaccinare se \u00e8 vero, come \u00e8 vero, che per la modalit\u00e0 di espletamento della loro attivit\u00e0 sono inevitabilmente esposti ad un alto rischio di contagio<\/span><\/p>\n<p style=\"text-align: justify;\"><span style=\"font-size: 14pt; font-family: helvetica, arial, sans-serif;\">interroga la Giunta per sapere<\/span><\/p>\n<p style=\"text-align: justify;\"><span style=\"font-size: 14pt; font-family: helvetica, arial, sans-serif;\">se non si intenda inserire gli Informatori Scientifici del Farmaco (ISF) tra le categorie ad alto rischio di contagio Covid-19 da vaccinare prioritariamente, considerata la loro funzione essenziale nell\u2019ambito sanitario.<\/span><\/p>\n<p>&nbsp;<\/p>\n<div class=\"page\" title=\"Page 2\">\n<div class=\"layoutArea\">\n<div class=\"column\">\n<p style=\"text-align: center;\">Viale A. Moro, 50 \u2013 40127 Bologna \u2013 Tel. 051 5276248<br \/>\ne-mail: <a href=\"mailto:giancarlo.tagliaferri@regione.emilia-romagna.it\" target=\"_blank\" rel=\"noopener\">giancarlo.tagliaferri@regione.emilia-romagna.it<\/a> &#8211; <a href=\"mailto:fratelliditalia@regione.emilia-romagna.it\" target=\"_blank\" rel=\"noopener\">fratelliditalia@regione.emilia-romagna.it<\/a><\/p>\n<\/div>\n<\/div>\n<p><img decoding=\"async\" src=\"data:image\/png;base64,iVBORw0KGgoAAAANSUhEUgAAANYAAAABCAYAAACi2FC5AAAAAXNSR0IArs4c6QAAAAlwSFlzAAAO8QAADvEBY61aswAAAB1JREFUKBVjZGD4n8rAwKAOxKNgNARGQ4A6IbAGACwzAjnM7YmAAAAAAElFTkSuQmCC\" alt=\"page2image970051792\" width=\"213.679993\" height=\"0.550000\" \/> <img decoding=\"async\" src=\"data:image\/png;base64,iVBORw0KGgoAAAANSUhEUgAAALgAAAABCAYAAABt9mR6AAAAAXNSR0IArs4c6QAAAAlwSFlzAAAO9QAADvUBnFDdoQAAABtJREFUKBVjZGD4n8rAwKAOxKNgNASGWwg0AABx4AINY3N+WQAAAABJRU5ErkJggg==\" alt=\"page2image970052064\" width=\"183.365979\" height=\"0.550000\" \/><span style=\"color: #3366ff;\">&#8212;&#8212;&#8212;&#8212;&#8212;&#8212;&#8212;&#8212;&#8212;&#8212;&#8212;&#8212;&#8212;&#8212;&#8212;&#8212;<\/span><\/p>\n<div class=\"layoutArea\">\n<div class=\"column\">\n<p><a href=\"http:\/\/www.giancarlotagliaferri.it\" target=\"_blank\" rel=\"noopener\">www.giancarlotagliaferri.it<\/a><\/p>\n<\/div>\n<\/div>\n<\/div>\n<div class=\"page\" title=\"Page 3\">\n<div class=\"layoutArea\">\n<div class=\"column\">\n<p><strong><a href=\"https:\/\/wwwservizi.regione.emilia-romagna.it\/oggetti\/doc\/XI\/OGAL2021005094.pdf\" target=\"_blank\" rel=\"noopener\">Oggetto num. 2765<\/a> <\/strong><\/p>\n<p>Primo Firmatario:<\/p>\n<p>Giancarlo Tagliaferri<\/p>\n<\/div>\n<\/div>\n<\/div>\n<hr \/>\n<p>News correlate:\u00a0<a href=\"https:\/\/www.fedaiisf.it\/en\/emilia-romagna-commissione-salute-isf-non-essenziali-se-avanzano-saranno-vaccinati-come-popolazione-di-riserva\/\" target=\"_blank\" rel=\"noopener\">Emilia Romagna. Health Commission: ISF non-essential. If vaccines are left over, they will be vaccinated as a &quot;reserve population&quot;<\/a><\/p>\n<p>&nbsp;<\/p>\n<p>Editor&#039;s note: <i>Per correttezza d&#8217;informazione oltre alle Regioni citate a titolo di esempio dall&#8217;On. Tagliaferri:\u00a0<\/i><span style=\"font-family: helvetica, arial, sans-serif; font-size: medium;\"><i>Calabria, Veneto, il Friuli Venezia Giulia, il Piemonte, la Lombardia vanno aggiunte anche Campania, Puglia, Basilicata e Sicilia a cui fra poco si aggiunger\u00e0 l&#8217;Umbria (lo ha\u00a0<\/i><\/span><span style=\"font-family: helvetica, arial, sans-serif;\"><i>gi\u00e0<\/i><\/span><span style=\"font-family: helvetica, arial, sans-serif; font-size: medium;\"><i>\u00a0deliberato). Cogliamo l&#8217;occasione per ringraziare l&#8217;On. Tagliaferri per la sensibilit\u00e0 che mostra nei confronti degli ISF<\/i><\/span><\/p>","protected":false},"excerpt":{"rendered":"<p>Premesso che: &#8211; la figura dell\u2019Informatore Scientifico del Farmaco svolge una funzione essenziale nell\u2019ambito della professione medica che si concretizza nella presentazione, agli operatori sanitari, dei farmaci, della loro composizione, delle loro caratteristiche di utilizzo terapeutico nei protocolli di prevenzione e cura delle patologie; preso atto: &#8211; dell\u2019appello degli Informatori Scientifici del Farmaco dell\u2019Emilia-Romagna, come &hellip;<\/p>","protected":false},"author":4,"featured_media":56763,"comment_status":"closed","ping_status":"closed","sticky":false,"template":"","format":"standard","meta":{"footnotes":""},"categories":[1],"tags":[21,39],"class_list":["post-56759","post","type-post","status-publish","format-standard","has-post-thumbnail","hentry","category-notizie","tag-informatori-scientifici","tag-vaccini"],"amp_enabled":true,"_links":{"self":[{"href":"https:\/\/www.fedaiisf.it\/en\/wp-json\/wp\/v2\/posts\/56759","targetHints":{"allow":["GET"]}}],"collection":[{"href":"https:\/\/www.fedaiisf.it\/en\/wp-json\/wp\/v2\/posts"}],"about":[{"href":"https:\/\/www.fedaiisf.it\/en\/wp-json\/wp\/v2\/types\/post"}],"author":[{"embeddable":true,"href":"https:\/\/www.fedaiisf.it\/en\/wp-json\/wp\/v2\/users\/4"}],"replies":[{"embeddable":true,"href":"https:\/\/www.fedaiisf.it\/en\/wp-json\/wp\/v2\/comments?post=56759"}],"version-history":[{"count":0,"href":"https:\/\/www.fedaiisf.it\/en\/wp-json\/wp\/v2\/posts\/56759\/revisions"}],"wp:featuredmedia":[{"embeddable":true,"href":"https:\/\/www.fedaiisf.it\/en\/wp-json\/wp\/v2\/media\/56763"}],"wp:attachment":[{"href":"https:\/\/www.fedaiisf.it\/en\/wp-json\/wp\/v2\/media?parent=56759"}],"wp:term":[{"taxonomy":"category","embeddable":true,"href":"https:\/\/www.fedaiisf.it\/en\/wp-json\/wp\/v2\/categories?post=56759"},{"taxonomy":"post_tag","embeddable":true,"href":"https:\/\/www.fedaiisf.it\/en\/wp-json\/wp\/v2\/tags?post=56759"}],"curies":[{"name":"wp","href":"https:\/\/api.w.org\/{rel}","templated":true}]}}