{"id":56773,"date":"2021-02-28T12:06:01","date_gmt":"2021-02-28T11:06:01","guid":{"rendered":"https:\/\/www.fedaiisf.it\/?p=56773"},"modified":"2021-02-28T12:14:30","modified_gmt":"2021-02-28T11:14:30","slug":"regione-lazio-mozione-on-tripodi-disporre-con-la-massima-urgenza-gli-isf-tra-le-categorie-prioritarie-per-la-vaccinazione-anti-covid","status":"publish","type":"post","link":"https:\/\/www.fedaiisf.it\/en\/regione-lazio-mozione-on-tripodi-disporre-con-la-massima-urgenza-gli-isf-tra-le-categorie-prioritarie-per-la-vaccinazione-anti-covid\/","title":{"rendered":"Lazio region. Motion Hon. Tripodi: &quot;Make the ISF among the priority categories for anti-Covid vaccination as a matter of urgency&quot;"},"content":{"rendered":"<p><img loading=\"lazy\" decoding=\"async\" class=\"alignnone size-large wp-image-56774\" src=\"https:\/\/www.fedaiisf.it\/wp-content\/uploads\/2021\/02\/Lazio-Mozione-Tripodi-su-ISF-1024x617.jpeg\" alt=\"\" width=\"1024\" height=\"617\" srcset=\"https:\/\/www.fedaiisf.it\/wp-content\/uploads\/2021\/02\/Lazio-Mozione-Tripodi-su-ISF-1024x617.jpeg 1024w, https:\/\/www.fedaiisf.it\/wp-content\/uploads\/2021\/02\/Lazio-Mozione-Tripodi-su-ISF-300x181.jpeg 300w, https:\/\/www.fedaiisf.it\/wp-content\/uploads\/2021\/02\/Lazio-Mozione-Tripodi-su-ISF-768x462.jpeg 768w, https:\/\/www.fedaiisf.it\/wp-content\/uploads\/2021\/02\/Lazio-Mozione-Tripodi-su-ISF-780x470.jpeg 780w, https:\/\/www.fedaiisf.it\/wp-content\/uploads\/2021\/02\/Lazio-Mozione-Tripodi-su-ISF.jpeg 1302w\" sizes=\"auto, (max-width: 1024px) 100vw, 1024px\" \/><\/p>\n<p style=\"text-align: justify;\"><span style=\"font-family: arial, helvetica, sans-serif; font-size: 14pt; color: #000000;\"><strong>Given that: <\/strong><\/span><\/p>\n<ul style=\"text-align: justify;\">\n<li><span style=\"font-family: arial, helvetica, sans-serif; font-size: 14pt; color: #000000;\"><img loading=\"lazy\" decoding=\"async\" class=\"wp-image-56778 alignright\" src=\"https:\/\/www.fedaiisf.it\/wp-content\/uploads\/2021\/02\/regione-lazio-il-capogruppo-della-lega-tripodi_36657-1024x498.jpg\" alt=\"\" width=\"422\" height=\"205\" srcset=\"https:\/\/www.fedaiisf.it\/wp-content\/uploads\/2021\/02\/regione-lazio-il-capogruppo-della-lega-tripodi_36657-1024x498.jpg 1024w, https:\/\/www.fedaiisf.it\/wp-content\/uploads\/2021\/02\/regione-lazio-il-capogruppo-della-lega-tripodi_36657-300x146.jpg 300w, https:\/\/www.fedaiisf.it\/wp-content\/uploads\/2021\/02\/regione-lazio-il-capogruppo-della-lega-tripodi_36657-768x373.jpg 768w, https:\/\/www.fedaiisf.it\/wp-content\/uploads\/2021\/02\/regione-lazio-il-capogruppo-della-lega-tripodi_36657.jpg 1316w\" sizes=\"auto, (max-width: 422px) 100vw, 422px\" \/>l&#8217;attivit\u00e0 dell&#8217;informatore scientifico del farmaco (ISF) \u00e8 regolamentata, a livello comunitario dalla DIRETTIVA 2001\/83\/CE del PARLAMENTO EUROPEO e del CONSIGLIO e successive modificazioni;<\/span><\/li>\n<li><span style=\"font-family: arial, helvetica, sans-serif; font-size: 14pt; color: #000000;\">la Direttiva 2001\/83\/CE alla Premessa 2a precisa essere emanata per: \u201cassicurare la tutela della sanit\u00e0 pubblica\u201d;<\/span><\/li>\n<li><span style=\"font-family: arial, helvetica, sans-serif; font-size: 14pt; color: #000000;\">la Direttiva 2001\/83\/CE alla Premessa 49a precisa: \u201cGli informatori scientifici svolgono un ruolo importante nella promozione dei medicinali. \u00c8 pertanto opportuno imporre loro alcuni obblighi\u201d;<\/span><\/li>\n<li><span style=\"font-family: arial, helvetica, sans-serif; font-size: 14pt; color: #000000;\">lo Stato italiano ha recepito la Direttiva Comunitaria 2001\/83\/CE con il D.Lgs. 24 aprile 2006 n. 219;<\/span><\/li>\n<li><span style=\"font-family: arial, helvetica, sans-serif; font-size: 14pt; color: #000000;\">l\u2019Art. 122 Comma 1\u00b0, D.Lgs. 219\/06, stabilisce che: \u201cL\u2019informazione sui medicinali pu\u00f2 essere fornita al medico e al farmacista dagli informatori scientifici\u201d;<\/span><\/li>\n<li><span style=\"font-family: arial, helvetica, sans-serif; font-size: 14pt; color: #000000;\">l\u2019Art. 122 Comma 6\u00b0, D.Lgs. 219\/06, obbliga l\u2019ISF alla FARMACOVIGILANZA;<\/span><\/li>\n<li><span style=\"font-family: arial, helvetica, sans-serif; font-size: 14pt; color: #000000;\">l\u2019Art. 126 del D.Lgs. 219\/06 dal quale dipende l\u2019ISF sia deputato alla FARMACOVIGILANZA.<\/span><\/li>\n<\/ul>\n<p style=\"text-align: justify;\"><span style=\"font-family: arial, helvetica, sans-serif; font-size: 14pt; color: #000000;\"><strong>Premesso, ancora, che: <\/strong><\/span><\/p>\n<ul style=\"text-align: justify;\">\n<li><span style=\"font-family: arial, helvetica, sans-serif; font-size: 14pt; color: #000000;\">in data 2 dicembre 2020 tra i primi Paesi europei, l&#8217;Italia ha presentato &#8220;in data 2 dicembre 2020, le linee guida del Piano strategico per la vaccinazione anti- SARS-Cov-2\/COVID-19, elaborate da Ministero della Salute, Commissario Straordinario per l&#8217;Emergenza, Istituto Superiore di Sanit\u00e0, Agenas e Aifa, recanti l&#8217;identificazione delle categorie da vaccinare con priorit\u00e0 nella fase iniziale a limitata disponibilit\u00e0 dei vaccini. Le categorie individuate sono quelle degli operatori sanitari e socio-sanitari, nonch\u00e9 residenti e personale delle RSA;<\/span><\/li>\n<li><span style=\"font-family: arial, helvetica, sans-serif; font-size: 14pt; color: #000000;\">il Piano Nazionale Vaccinale, ad oggi, non contempla tra le categorie da vaccinare con priorit\u00e0 gli ISF;<\/span><\/li>\n<li><span style=\"font-family: arial, helvetica, sans-serif; font-size: 14pt; color: #000000;\">lo stesso Piano Vaccinale Nazionale contempla, invece, tra i professionisti con priorit\u00e0 i Chimici ed i Fisici, che diversamente dagli ISF non incrociano mai i medici, i paramedici ed i pazienti, come pure ad oggi sono stati vaccinati gli impiegati amministrativi, il personale delle ditte esterne ed i corrieri che portano merci in ospedale non comprendiamo perch\u00e9 non vaccinare gli ISF, ISF che per Legge, D.Lgs. 219\/06, devono assolvere a due fondamentali funzioni sociali, l\u2019 AGGIORNAMENTO MEDICO e la FARMACOVIGILANZA;<\/span><\/li>\n<li><span style=\"font-family: arial, helvetica, sans-serif; font-size: 14pt; color: #000000;\">molte regioni (Lombardia, Basilicata, Campania, Puglia, Calabria, Sicilia, Veneto, Friuli Venezia Giulia) hanno gi\u00e0 vaccinato gli ISF, o si apprestano a farlo, motivando la decisione in quanto questa figura professionale sanitaria \u00e8 esposta fortemente al rischio di contrarre l\u2019infezione per i luoghi dove presta l\u2019attivit\u00e0 professionale;<\/span><\/li>\n<\/ul>\n<p style=\"text-align: justify;\"><span style=\"font-family: arial, helvetica, sans-serif; font-size: 14pt; color: #000000;\"><strong>Whereas: <\/strong><\/span><\/p>\n<ul style=\"text-align: justify;\">\n<li><span style=\"font-family: arial, helvetica, sans-serif; font-size: 14pt; color: #000000;\">risulta che le associazioni datoriali che raggruppa le aziende produttrici dei farmaci brand e dei generici (FARMINDUSTRIA ed EGUALIA) abbia fatto esplicita richiesta di vaccinazione per i propri ISF;<\/span><\/li>\n<li><span style=\"font-family: arial, helvetica, sans-serif; font-size: 14pt; color: #000000;\">da oltre un anno \u00e8 cessata ogni attivit\u00e0 di aggiornamento medico congressuale e quindi gli ISF sono rimasti l\u2019unica fonte di aggiornamento, soprattutto in un momento cos\u00ec delicato;<\/span><\/li>\n<\/ul>\n<ul style=\"text-align: justify;\">\n<li><span style=\"font-family: arial, helvetica, sans-serif; font-size: 14pt; color: #000000;\">nel corso dell\u2019emergenza pandemica \u00e8 pi\u00f9 pressante la necessit\u00e0 di una pi\u00f9 stretta azione di Farmacovigilanza, deputata agli ISF, soprattutto in un momento in cui la vigilanza a seguito dell\u2019inoculazione del vaccino deve essere pi\u00f9 serrata anche per eventuali interazioni con le terapie croniche;<\/span><\/li>\n<li><span style=\"font-family: arial, helvetica, sans-serif; font-size: 14pt; color: #000000;\">questo accresciuto impegno professionale dell\u2019ISF, unici, ad oggi, a sostenere l\u2019aggiornamento medico nonch\u00e9 pilastro fondamentale nella FARMACOVIGLANZA, ma anche fortemente esposti, se non vaccinati, al doppio rischio di essere contagiati e di contagiare, con il conseguente rischio di incremento dell\u2019Indice RT che comporta anche provvedimenti con ricaduta sul PIL;<\/span><\/li>\n<li><span style=\"font-family: arial, helvetica, sans-serif; font-size: 14pt; color: #000000;\">un protrarsi della non vaccinazione degli ISF porter\u00e0 sicuramente, a breve, ad un dimezzamento occupazionale che potrebbe vedere coinvolto moltissimi professionisti altamente qualificati, non giovanissimi e difficilmente reinseribili nel mondo lavorativo a motivo della loro altissima e specifica professionalit\u00e0; dimezzamento occupazionale conseguente alle difficolt\u00e0 di accesso nelle strutture sanitarie per motivi di profilassi pandemica.<\/span><\/li>\n<\/ul>\n<p style=\"text-align: justify;\"><span style=\"font-family: arial, helvetica, sans-serif; font-size: 14pt; color: #000000;\"><strong>Ritenuto che: <\/strong><\/span><\/p>\n<ul style=\"text-align: justify;\">\n<li><span style=\"font-family: arial, helvetica, sans-serif; font-size: 14pt; color: #000000;\">la figura dell\u2019ISF non rientra tra le professioni sanitarie e per questo, nonostante il prezioso lavoro svolto al servizio della salute di tutti e a discapito della propria, la categoria degli Informatori Scientifici del Farmaco (ISF) non \u00e8 stata inserita tra quelle da sottoporre a vaccino per il COVID-19 nella &#8220;Fase 1&#8221;;<\/span><\/li>\n<li><span style=\"font-family: arial, helvetica, sans-serif; font-size: 14pt; color: #000000;\">gli ISF sono un importantissimo anello di congiunzione tra medici e ricerca scientifica. Senza il loro costante rapportarsi con i medici ospedalieri o di medicina generale, non si potrebbero garantire ai pazienti le migliori terapie a disposizione per qualsiasi patologia;<\/span><\/li>\n<li><span style=\"font-family: arial, helvetica, sans-serif; font-size: 14pt; color: #000000;\">il mancato riconoscimento della professione sanitaria di informatore scientifico del farmaco (ISF) \u00e8 il motivo per cui tali professionisti non sono, allo stato, individuati tra le categorie da sottoporre per primi a vaccinazione&#8221;.<\/span><\/li>\n<\/ul>\n<p style=\"text-align: justify;\"><span style=\"font-family: arial, helvetica, sans-serif; font-size: 14pt; color: #000000;\"><strong>Tutto ci\u00f2 premesso e considerato,<br \/>\nsi impegna il Presidente della Regione Lazio <\/strong><\/span><\/p>\n<p style=\"text-align: justify;\"><span style=\"font-family: arial, helvetica, sans-serif; font-size: 14pt; color: #000000;\">\u27a2 \u00a0<strong>a disporre con la massima urgenza che tra le categorie prioritarie <\/strong><strong>contenute nell\u2019ambito del Piano Regionale Vaccinazione anti-SARS-CoV2 <\/strong><strong>venga inserita nell\u2019immediato le figura di informatore scientifico del\u00a0<\/strong><strong>farmaco (ISF). <\/strong><\/span><\/p>\n<p><img loading=\"lazy\" decoding=\"async\" class=\"wp-image-56776 alignright\" src=\"https:\/\/www.fedaiisf.it\/wp-content\/uploads\/2021\/02\/Firma-On.-Tripodi.jpeg\" alt=\"\" width=\"260\" height=\"105\" srcset=\"https:\/\/www.fedaiisf.it\/wp-content\/uploads\/2021\/02\/Firma-On.-Tripodi.jpeg 334w, https:\/\/www.fedaiisf.it\/wp-content\/uploads\/2021\/02\/Firma-On.-Tripodi-300x121.jpeg 300w\" sizes=\"auto, (max-width: 260px) 100vw, 260px\" \/><\/p>\n<p>&nbsp;<\/p>\n<div class=\"page\" title=\"Page 1\">\n<div class=\"layoutArea\">\n<div class=\"column\">\n<p>&nbsp;<\/p>\n<p>&nbsp;<\/p>\n<p>&nbsp;<\/p>\n<p><a href=\"https:\/\/atticrl.regione.lazio.it\/allegati\/mozioni\/TESTI_PROPOSTI\/431.pdf\" target=\"_blank\" rel=\"noopener\">MOZIONE\u00a0n. 431 del 17 febbraio 2021<\/a><\/p>\n<\/div>\n<\/div>\n<\/div>\n<p>&nbsp;<\/p>","protected":false},"excerpt":{"rendered":"<p>Premesso che: l&#8217;attivit\u00e0 dell&#8217;informatore scientifico del farmaco (ISF) \u00e8 regolamentata, a livello comunitario dalla DIRETTIVA 2001\/83\/CE del PARLAMENTO EUROPEO e del CONSIGLIO e successive modificazioni; la Direttiva 2001\/83\/CE alla Premessa 2a precisa essere emanata per: \u201cassicurare la tutela della sanit\u00e0 pubblica\u201d; la Direttiva 2001\/83\/CE alla Premessa 49a precisa: \u201cGli informatori scientifici svolgono un ruolo importante &hellip;<\/p>","protected":false},"author":4,"featured_media":56781,"comment_status":"closed","ping_status":"closed","sticky":false,"template":"","format":"standard","meta":{"footnotes":""},"categories":[1],"tags":[21,39],"class_list":["post-56773","post","type-post","status-publish","format-standard","has-post-thumbnail","hentry","category-notizie","tag-informatori-scientifici","tag-vaccini"],"amp_enabled":true,"_links":{"self":[{"href":"https:\/\/www.fedaiisf.it\/en\/wp-json\/wp\/v2\/posts\/56773","targetHints":{"allow":["GET"]}}],"collection":[{"href":"https:\/\/www.fedaiisf.it\/en\/wp-json\/wp\/v2\/posts"}],"about":[{"href":"https:\/\/www.fedaiisf.it\/en\/wp-json\/wp\/v2\/types\/post"}],"author":[{"embeddable":true,"href":"https:\/\/www.fedaiisf.it\/en\/wp-json\/wp\/v2\/users\/4"}],"replies":[{"embeddable":true,"href":"https:\/\/www.fedaiisf.it\/en\/wp-json\/wp\/v2\/comments?post=56773"}],"version-history":[{"count":0,"href":"https:\/\/www.fedaiisf.it\/en\/wp-json\/wp\/v2\/posts\/56773\/revisions"}],"wp:featuredmedia":[{"embeddable":true,"href":"https:\/\/www.fedaiisf.it\/en\/wp-json\/wp\/v2\/media\/56781"}],"wp:attachment":[{"href":"https:\/\/www.fedaiisf.it\/en\/wp-json\/wp\/v2\/media?parent=56773"}],"wp:term":[{"taxonomy":"category","embeddable":true,"href":"https:\/\/www.fedaiisf.it\/en\/wp-json\/wp\/v2\/categories?post=56773"},{"taxonomy":"post_tag","embeddable":true,"href":"https:\/\/www.fedaiisf.it\/en\/wp-json\/wp\/v2\/tags?post=56773"}],"curies":[{"name":"wp","href":"https:\/\/api.w.org\/{rel}","templated":true}]}}