{"id":56823,"date":"2021-03-02T10:40:18","date_gmt":"2021-03-02T09:40:18","guid":{"rendered":"https:\/\/www.fedaiisf.it\/?p=56823"},"modified":"2021-03-02T18:45:17","modified_gmt":"2021-03-02T17:45:17","slug":"nomos-la-giornata-parlamentare-del-2-marzo-2021","status":"publish","type":"post","link":"https:\/\/www.fedaiisf.it\/en\/nomos-la-giornata-parlamentare-del-2-marzo-2021\/","title":{"rendered":"NOMOS. Parliamentary Day on 2 March 2021"},"content":{"rendered":"<header class=\"article-header clearfix\">\n<h1 class=\"article-title\"><a title=\"La Giornata Parlamentare del 2 marzo 2021\" href=\"https:\/\/www.nomoscsp.com\/settimana-in-parlamento\/la-giornata-parlamentare-del-2-marzo-2021.html\" target=\"_blank\" rel=\"noopener\">La Giornata Parlamentare del 2 marzo 2021<\/a><\/h1>\n<\/header>\n<aside class=\"article-aside clearfix\">\n<dl class=\"article-info muted\">\n<dd class=\"published hasTooltip\" title=\"\" data-original-title=\"Pubblicato: \"><a href=\"https:\/\/www.nomoscsp.com\/settimana-in-parlamento\/la-giornata-parlamentare-del-2-marzo-2021.html\" target=\"_blank\" rel=\"noopener\"><time datetime=\"2021-03-02T08:03:02+01:00\">Fonte NOMOS &#8211; 02 MARZO 2021 <\/time><\/a><\/dd>\n<\/dl>\n<\/aside>\n<section class=\"article-content clearfix\">\n<h3><b>Draghi nomina Figliuolo commissario all&#8217;emergenza Covid al posto di Arcuri<\/b><\/h3>\n<p><img loading=\"lazy\" decoding=\"async\" class=\"wp-image-56825 alignright\" src=\"https:\/\/www.fedaiisf.it\/wp-content\/uploads\/2021\/03\/figliuolo-arcuri-900x600-1.jpg\" alt=\"\" width=\"449\" height=\"299\" srcset=\"https:\/\/www.fedaiisf.it\/wp-content\/uploads\/2021\/03\/figliuolo-arcuri-900x600-1.jpg 900w, https:\/\/www.fedaiisf.it\/wp-content\/uploads\/2021\/03\/figliuolo-arcuri-900x600-1-300x200.jpg 300w, https:\/\/www.fedaiisf.it\/wp-content\/uploads\/2021\/03\/figliuolo-arcuri-900x600-1-768x512.jpg 768w\" sizes=\"auto, (max-width: 449px) 100vw, 449px\" \/>Street <b>Dominic Arcuri<\/b>, arriva un nuovo Commissario all&#8217;emergenza Covid: con la scelta del generale <b>Francesco Paolo<\/b> <b>Figliuolo<\/b> il presidente del Consiglio <b>Mario Draghi<\/b> completa il rinnovamento della struttura che gestir\u00e0 il dossier vaccini, in un coordinamento sempre pi\u00f9 stretto tra le Forze armate e la Protezione civile, ora guidata da <b>Fabrizio Curcio<\/b>. La decisione arriva alla vigilia della firma del primo <b>Dpcm<\/b> di Draghi, con le <b>misure anti contagio<\/b> in vigore fino a dopo Pasqua. L&#8217;allarme per la risalita dei contagi, anche per effetto delle varianti, \u00e8 sempre pi\u00f9 alto e la linea resta rigorosa, con un inasprimento delle misure in zona rossa, a partire dalla chiusura di tutte le scuole. Tra i Ministri emerge una prima, vistosa, spaccatura su cosa fare nelle aree arancioni: se chiudere le scuole e disporre anche lo stop per negozi e centri commerciali; si prende ancora qualche ora per decidere: servir\u00e0 una nuova riunione a Palazzo Chigi, ma Draghi intende chiudere comunque il <b>Dpcm entro la giornata di oggi<\/b>. Domenico Arcuri \u00e8 stato ricevuto da Draghi a Palazzo Chigi dove gli \u00e8 stata comunicata la decisione di sostituirlo con Figliuolo; a lui, recita una nota, vanno i ringraziamenti \u201cdel Governo per l&#8217;impegno e lo spirito di dedizione\u201d.<\/p>\n<p>Il premier sceglie il generale, gi\u00e0 esperto di logistica, per provare a imprimere quella spinta al <b>dossier vaccini<\/b> cui lavora dal primo giorno del suo mandato. Esulta l&#8217;intero centrodestra che di Arcuri chiedeva da tempo la rimozione, da <b>Matthew Salvini<\/b> che parla di \u201cmissione compiuta\u201d, a <b>Giorgia Meloni<\/b>, che dal suo scranno di opposizione rivendica di essersi opposta per prima al Commissario del governo Conte. \u201cEra necessario che si mettesse in campo una struttura pi\u00f9 efficiente per la somministrazione\u201d, commenta <b>Silvio Berlusconi <\/b>e si compiace anche <b>Matthew Renzi<\/b>, che aveva sollevato il nodo Arcuri durante la crisi di governo. Rendono grazie all&#8217;uscente dando il benvenuto al suo successore <b>Nicola Zingaretti<\/b> And <b>Robert Hope<\/b>; \u201cSono onorato di aver potuto servire il mio Paese in una stagione cos\u00ec drammatica&#8221;\u201d, si limita a commentare l\u2019interessato. Dare una spinta alle vaccinazioni, dall&#8217;approvvigionamento alla distribuzione e somministrazione, \u00e8 una priorit\u00e0 assoluta per Draghi: il tentativo \u00e8 farne crescere il numero, che ha superato le 100mila al giorno, e arrivare ad aprile a ben altri cifre.<\/p>\n<h3><b>Il Governo \u00e8 al lavoro sul prossimo Dpcm. Tensione sul tema scuola<\/b><\/h3>\n<p>Il Paese attraverser\u00e0 settimane \u201cnon facili\u201d, osserva il Ministro della Salute, perch\u00e9 \u201cla <b>curva dei contagi sta risalendo<\/b> in modo significativo\u201d in gran parte delle Regioni; diversi governatori non escludono misure pi\u00f9 restrittive. \u00c8 in questo contesto che Draghi si prepara a firmare il suo primo Dpcm: dal 6 marzo al 6 aprile rester\u00e0 la <b>divisione in fasce<\/b> e non ci saranno allentamenti, anzi, in zona rossa chiuderanno i barbieri-parrucchieri e soprattutto tutte le scuole, anche asili, elementari e medie. L&#8217;orientamento viene confermato in una riunione del premier con i Ministri in rappresentanza dei partiti, il titolare della scuola <b>Patrizio Bianchi<\/b>, il Ministro dell&#8217;Economia <b>Daniel Franco<\/b> e gli esperti <b>Agostino Miozzo<\/b> And <b>Frank Locatelli<\/b>. L&#8217;impianto del Dpcm resta quello comunicato gi\u00e0 venerd\u00ec alle Regioni: chiusura serale per bar e ristoranti, stop agli spostamenti (gi\u00e0 disposta con decreto legge), con l&#8217;eccezione della riapertura di cinema e teatri dal 27 marzo, anche se gli esercenti del cinema (Anec) sottolineano che \u00e8 solo \u201cun primo passo simbolico, non la ripartenza del settore\u201d.<\/p>\n<p>A <b>tavolo con le Regioni<\/b> aprir\u00e0 poi la discussione sui parametri da adottare in futuro per distinguere le aree rosse, arancioni e gialle: per ora i criteri non cambiano. Nella cabina di regia a Palazzo Chigi si discute anche l&#8217;urgenza di intervenire con i <b>ristori<\/b> per chi chiude, a partire dal decreto legge atteso entro la prossima settimana. E c\u2019\u00e8 chi, come la ministra Bonetti, pone l&#8217;accento sul nodo dei <b>congedi per i genitori<\/b> a fronte della chiusura delle scuole. L&#8217;ultimo nodo sul tavolo, spiegano i partecipanti alla riunione, \u00e8 proprio la <b>school<\/b>: Draghi avrebbe dato un assenso al recepimento dell&#8217;indicazione del <b>Cts<\/b>sulla chiusura di tutti gli istituti in zona rossa e sul criterio di ulteriore chiusura, a livello locale, se si raggiungono 250 casi ogni 100mila abitanti anche nelle regioni non rosse. La discussione per\u00f2 si accende e divide i Ministri in due schieramenti su come regolarsi in zona arancione: <b>Robert Hope<\/b>, with <b>Dario Franceschini<\/b>, <b>Patrizio Bianchi<\/b> And <b>Stephen Patuanelli<\/b>, chiede di valutare l\u2019opportunit\u00e0 di chiudere anche i negozi, per limitare focolai di contagio: non ha senso chiudere gli istituti e lasciare aperti i centri commerciali; <b>Giancarlo Giorgetti<\/b>, <b>Mariastella Gelmini<\/b> and <b>Elena Bonetti<\/b> sarebbero dell&#8217;idea di non imporre misure troppo restrittive nelle zone non rosse e garantire, laddove possibile, la scuola in presenza: chiudere i negozi in zona arancione, \u00e8 l&#8217;obiezione, equivarrebbe a estendere quasi ovunque le regole da zona rossa.<\/p>\n<h3><b>\u00c8 polemica sul codice degli appalti. Scontro Salvini Orlando<\/b><\/h3>\n<p>The <b>codice degli appalti<\/b> torna a far discutere, diventando l&#8217;ennesimo scontro tra Lega e Pd. A dare il l\u00e0 alla polemica \u00e8 il sindaco di Firenze <b>Dario Nardella<\/b>che in una intervista al Corriere della Sera ne mette in luce tante ombre e poche luci. \u201cVoglio lanciare un grido d&#8217;allarme: con queste norme noi le opere non le faremo. Per realizzare un&#8217;opera da 25 milioni con il codice degli Appalti in Italia occorrono dieci anni. Quindi, semplicemente, propongo una moratoria: si applichino solo le leggi europee\u201d. Parole che esaltano il leader della Lega <b>Matthew Salvini<\/b> che oltre a portare avanti uno dei suoi cavalli di battaglia, vede nel ragionamento di Nardella l&#8217;occasione per allargare un&#8217;altra frattura nel Partito Democratico: \u201cAnche il PD (col sindaco di Firenze) chiede di cancellare il Codice degli Appalti per aprire i cantieri. Bene, avanti col Modello Genova\u201d. Nardella, ex uomo vicinissimo a Matteo Renzi, ora nell&#8217;ala dem di <b>Base riformista<\/b>, guidata da <b>Lorenzo Guerini<\/b>, mette in evidenza una divergenza di vedute rispetto al quartier generale del Nazareno, a cui Salvini, evidentemente, non sa resistere. A stoppare l&#8217;entusiasmo, dell&#8217;uno e dell&#8217;altro, \u00e8 il titolare del Lavoro e vicesegretario del Pd <b>Andrew Orlando<\/b> che \u201cevitando ogni polemica al senatore Salvini\u201d rimarca: \u201cIl Pd non chiede di cancellare il Codice degli Appalti, cosa peraltro impossibile essendo in larga parte il recepimento di direttive europee. Il Pd, come ha fatto in questi mesi, lavora per semplificare le procedure, per ridurre il numero delle stazioni appaltanti, per superare la burocrazia difensiva\u201d. E poi il colpo di fioretto: \u201cNon \u00e8 sacrificando i diritti dei lavoratori, riducendo la concorrenza e esponendosi al rischio di infiltrazioni che si fa ripartire il Paese\u201d. La parola d&#8217;ordine insomma tra i Dem deve essere \u201csemplificare\u201d ma non cancellare.<\/p>\n<h3><b>Zingaretti chiude al congresso anticipato: primarie nel 2023<\/b><\/h3>\n<p>\u201cLe primarie saranno nel 2023\u201d. <b>Nicola Zingaretti<\/b> pronuncia queste parole durante le sue conclusioni della <b>Direzione nazionale<\/b> del Pd convocata sulla questione delle donne. Assicura che si aprir\u00e0 una discussione, un confronto franco di cui l&#8217;assemblea nazionale del 13 e 14 marzo sar\u00e0 solo l&#8217;inizio, un dibattito senza caricature, senza abiure, senza guerre tra ex, ma non le primarie; le ultime sono state nel 2019, le prossime dunque si terranno nel 2023. La chiusura alla possibilit\u00e0 di un <b>congresso anticipato<\/b> fa infuriare chi nel partito voleva che si rimettesse in gioco la leadership quest&#8217;anno, non subito ma una volta chiusa la campagna vaccinale s\u00ec. Il pi\u00f9 duro \u00e8 <b>Matteo Orfini<\/b>: \u201cChiedere di fare un congresso ora \u00e8 da marziani ma lo \u00e8 anche dire che faremo le primarie nel 2023. Ed \u00e8 anche un\u2019incredibile scorrettezza che sono certo Zingaretti vorr\u00e0 immediatamente correggere\u201d.<\/p>\n<p>Esplode la polemica anche sul tema delle donne. Intervengono diverse parlamentari durante la direzione, <b>Lia Quartapelle<\/b>, <b>Enza Bruno Bossio<\/b>, <b>Giuditta Pini<\/b>. Quest&#8217;ultima ricorda che quando Paola De Micheli divenne Ministra Zingaretti le chiese di dimettersi da vicesegretaria mentre a Orlando no: \u201cOrlando pu\u00f2 dimettersi e poi al limite verr\u00e0 riconfermato in assemblea. Ma se, come dice lo statuto, se ci sono due segretari, uno deve essere uomo e uno donna, allora la donna deve essere con funzioni di vicario. Altrimenti per l&#8217;ennesima volta diciamo una cosa e ne facciamo un&#8217;altra\u201d. In serata viene approvato all&#8217;unanimit\u00e0 l&#8217;ordine del giorno che tra le altre cose chiede di attuare il principio della <b>gender equality<\/b> <b>nel partito<\/b> nella delegazione di governo e nelle posizioni apicali. Il principio va applicato ovunque, a cominciare dalla nomina di una vicesegretaria donna. Nella replica <b>Nicola Zingaretti<\/b> assicura che far\u00e0 \u201cdi tutto perch\u00e9 ci sia un dibattito libero e chiaro ma anche che spinga tutti verso la responsabilit\u00e0 di un destino comune\u201d perch\u00e9 \u201cnon possiamo vivere i prossimi mesi con fuori la <b>battaglia politica<\/b> tutti i giorni su come si spostano gli interessi e noi implosi dentro in una discussione tutta interna\u201d. Per il momento, in buona sostanza, non si muove foglia ma \u00e8 evidente che la tensione interna al <b>Democratic party<\/b> si fa di giorno in giorno pi\u00f9 intensa.<\/p>\n<h3><b>L\u2019Au<\/b>L<b>a del Senato<\/b><\/h3>\n<p>L&#039;<b>Senate assembly<\/b> torner\u00e0 a riunirsi alle 16.30 per la discussione del decreto sul <b>contenimento e la prevenzione dell&#8217;emergenza epidemiologica da COVID-19 e per lo svolgimento delle elezioni per l&#8217;anno 2021<\/b>.<\/p>\n<h3><b>The Senate Committees<\/b><\/h3>\n<p>As regards the <b>Commissions<\/b>, the <b>Constitutional affairs<\/b> concluder\u00e0 l\u2019esame del decreto sul contenimento e la prevenzione dell&#8217;emergenza epidemiologica da COVID-19 e per lo svolgimento delle elezioni per l&#8217;anno 2021, svolger\u00e0 alcune audizioni sulla proposta di Piano nazionale di ripresa e resilienza, esaminer\u00e0 lo schema di dpcm in materia d\u2019incidenti aventi impatto su reti, sistemi informativi e servizi informatici e misure per garantire elevati livelli di sicurezza, e proseguir\u00e0 il dibattito, in sede di comitato ristretto, sul ddl per la tutela costituzionale dell&#8217;ambiente. La <b>Justice<\/b>, with the <b>Health<\/b>, esaminer\u00e0 lo schema di decreto legislativo sulla disciplina sanzionatoria per la violazione di disposizioni del regolamento europeo sui biocidi; a seguire si occuper\u00e0 del disegno di legge sulla Magistratura onoraria, del ddl di delega per la riforma del processo civile, del ddl sulla malattia dei liberi professionisti. Svolger\u00e0, poi, alcune audizioni sul Recovery plan.<\/p>\n<p>There <b>Balance<\/b> with the <b>EU policies<\/b> svolger\u00e0 diverse audizioni sulla proposta di Piano nazionale di ripresa e resilienza: nello specifico oggi ascolter\u00e0 di ABI, FIPE, INVESTITALIA e ConfimpreseItalia. Alle 12.00, infine, assieme alle rispettive della Camera, sar\u00e0 la volta del Commissario europeo per l&#8217;economia <b>Paul Gentiloni<\/b>. There <b>Instruction<\/b>, with the <b>Health<\/b>, svolger\u00e0 delle audizioni sull\u2019affare assegnato relativo all\u2019impatto della didattica digitale integrata (DDI) sui processi di apprendimento e sul benessere psicofisico degli studenti e successivamente esaminer\u00e0 il decreto sull\u2019organizzazione e il funzionamento del Comitato olimpico nazionale italiano (CONI). La <b>Public Works<\/b> svolger\u00e0 diverse audizioni sul Recovery plan; nello specifico ascolter\u00e0 i rappresentanti di Assologistica, Assoferr, Silt, Amodo, Co.Bti, Enav, Oice e Cfwa; successivamente audir\u00e0 il prof. Enrico Nardelli dell\u2019Universit\u00e0 Tor Vergata, Unrae, Alleanza delle Cooperative Italiane, Settore abitazione, Legacoop abitanti, Confartigianato Trasporti e Cna Fita. Si confronter\u00e0 poi sullo schema di decreto del Presidente del Consiglio dei ministri recante l&#8217;individuazione degli interventi infrastrutturali.<\/p>\n<p>There <b>Agriculture<\/b> svolger\u00e0 diverse audizioni sul Piano nazionale di ripresa e resilienza, alcune sull&#8217;affare assegnato relativo alle problematiche inerenti la crisi delle filiere agricole causate dall\u2019emergenza da COVID-19 ed alcune altre sul ddl di disciplina del settore florovivaistico. Esaminer\u00e0 poi il ddl sulle professioni del settore cinofilo, il ddl per la promozione della coltivazione e della filiera agroindustriale della canapa e il disegno di legge per la limitazione alla vendita sottocosto di prodotti agricoli e il divieto di aste a doppio ribasso. La <b>Work<\/b> ascolter\u00e0 i rappresentanti dell&#8217;Inail sull&#8217;affare assegnato riguardante la salute e la sicurezza del personale del comparto ferroviario ed esaminer\u00e0 la proposta di direttiva del Parlamento europeo e del Consiglio relativa a salari minimi adeguati nell&#8217;Unione europea. La <b>Territory<\/b> svolger\u00e0 diverse audizioni sul Recovery plan; nello specifico oggi a partire dalle 10.00 ascolter\u00e0 i rappresentanti di Federparchi, Wwf, Confindustria Cisambiente, Consiglio Nazionale Geologi e Anbi.<\/p>\n<h3><b>To the Chamber<\/b><\/h3>\n<p>In today&#039;s day the<b>Chamber of the Chamber<\/b> non si riunir\u00e0. L\u2019Assemblea di Montecitorio torner\u00e0 a riunirsi domani alle 15.00 per la discussione delle <b>immediate response questions<\/b>. As regards the <b>Commissions<\/b>, alle 12.00, la <b>Environment<\/b>, with the <b>Transportation<\/b> and the <b>Public Works <\/b>del Senato, ascolter\u00e0 il Ministro delle infrastrutture e dei trasporti <b>Enrico Giovannini<\/b> nell&#8217;ambito dell&#8217;esame del nuovo testo dello schema di decreto del Presidente del Consiglio dei ministri recante l&#8217;individuazione degli interventi infrastrutturali. La <b>Agriculture <\/b>svolger\u00e0 delle audizioni sulla pdl per la valorizzazione delle piccole produzioni agroalimentari di origine locale.<\/p>\n<\/section>\n<p>&nbsp;<\/p>\n<p><img loading=\"lazy\" decoding=\"async\" class=\"size-full wp-image-56846 aligncenter\" src=\"https:\/\/www.fedaiisf.it\/wp-content\/uploads\/2021\/03\/Curcio-curriculum.jpeg\" alt=\"\" width=\"710\" height=\"977\" srcset=\"https:\/\/www.fedaiisf.it\/wp-content\/uploads\/2021\/03\/Curcio-curriculum.jpeg 710w, https:\/\/www.fedaiisf.it\/wp-content\/uploads\/2021\/03\/Curcio-curriculum-218x300.jpeg 218w\" sizes=\"auto, (max-width: 710px) 100vw, 710px\" \/><\/p>\n<p><img loading=\"lazy\" decoding=\"async\" class=\"size-full wp-image-56847 aligncenter\" src=\"https:\/\/www.fedaiisf.it\/wp-content\/uploads\/2021\/03\/figliuolo-curriculum.jpeg\" alt=\"\" width=\"713\" height=\"1008\" srcset=\"https:\/\/www.fedaiisf.it\/wp-content\/uploads\/2021\/03\/figliuolo-curriculum.jpeg 713w, https:\/\/www.fedaiisf.it\/wp-content\/uploads\/2021\/03\/figliuolo-curriculum-212x300.jpeg 212w\" sizes=\"auto, (max-width: 713px) 100vw, 713px\" \/><\/p>\n<div class=\"page\" title=\"Page 2\">\n<div class=\"section\">\n<div class=\"layoutArea\">\n<div class=\"column\">\n<p>&nbsp;<\/p>\n<\/div>\n<\/div>\n<\/div>\n<\/div>\n<p>&nbsp;<\/p>\n<p>&nbsp;<\/p>\n<p>&nbsp;<\/p>","protected":false},"excerpt":{"rendered":"<p>La Giornata Parlamentare del 2 marzo 2021 Fonte NOMOS &#8211; 02 MARZO 2021 Draghi nomina Figliuolo commissario all&#8217;emergenza Covid al posto di Arcuri Via Domenico Arcuri, arriva un nuovo Commissario all&#8217;emergenza Covid: con la scelta del generale Francesco Paolo Figliuolo il presidente del Consiglio Mario Draghi completa il rinnovamento della struttura che gestir\u00e0 il dossier &hellip;<\/p>","protected":false},"author":4,"featured_media":54358,"comment_status":"closed","ping_status":"closed","sticky":false,"template":"","format":"standard","meta":{"footnotes":""},"categories":[1],"tags":[161],"class_list":["post-56823","post","type-post","status-publish","format-standard","has-post-thumbnail","hentry","category-notizie","tag-nomos"],"amp_enabled":true,"_links":{"self":[{"href":"https:\/\/www.fedaiisf.it\/en\/wp-json\/wp\/v2\/posts\/56823","targetHints":{"allow":["GET"]}}],"collection":[{"href":"https:\/\/www.fedaiisf.it\/en\/wp-json\/wp\/v2\/posts"}],"about":[{"href":"https:\/\/www.fedaiisf.it\/en\/wp-json\/wp\/v2\/types\/post"}],"author":[{"embeddable":true,"href":"https:\/\/www.fedaiisf.it\/en\/wp-json\/wp\/v2\/users\/4"}],"replies":[{"embeddable":true,"href":"https:\/\/www.fedaiisf.it\/en\/wp-json\/wp\/v2\/comments?post=56823"}],"version-history":[{"count":0,"href":"https:\/\/www.fedaiisf.it\/en\/wp-json\/wp\/v2\/posts\/56823\/revisions"}],"wp:featuredmedia":[{"embeddable":true,"href":"https:\/\/www.fedaiisf.it\/en\/wp-json\/wp\/v2\/media\/54358"}],"wp:attachment":[{"href":"https:\/\/www.fedaiisf.it\/en\/wp-json\/wp\/v2\/media?parent=56823"}],"wp:term":[{"taxonomy":"category","embeddable":true,"href":"https:\/\/www.fedaiisf.it\/en\/wp-json\/wp\/v2\/categories?post=56823"},{"taxonomy":"post_tag","embeddable":true,"href":"https:\/\/www.fedaiisf.it\/en\/wp-json\/wp\/v2\/tags?post=56823"}],"curies":[{"name":"wp","href":"https:\/\/api.w.org\/{rel}","templated":true}]}}