{"id":56915,"date":"2021-03-04T19:53:33","date_gmt":"2021-03-04T18:53:33","guid":{"rendered":"https:\/\/www.fedaiisf.it\/?p=56915"},"modified":"2021-03-05T19:50:09","modified_gmt":"2021-03-05T18:50:09","slug":"draghi-blocca-lexport-in-australia-del-vaccino-astrazeneca","status":"publish","type":"post","link":"https:\/\/www.fedaiisf.it\/en\/draghi-blocca-lexport-in-australia-del-vaccino-astrazeneca\/","title":{"rendered":"Draghi blocks the export of the Astrazeneca vaccine to Australia"},"content":{"rendered":"<h1 class=\"headline__title\">Un atto di sovranismo europeo.\u00a0Primo caso, stop a 250mila dosi verso l&#8217;Australia. Covid riporta il protezionismo in Ue<\/h1>\n<p><a href=\"https:\/\/www.huffingtonpost.it\/entry\/draghi-blocca-lexport-sul-vaccino-astrazeneca-un-atto-di-sovranismo-ue_it_604103ccc5b601179ec3288a\" target=\"_blank\" rel=\"noopener\">HuffPost by Angela Mauro &#8211; 4 marzo 2021<\/a><\/p>\n<p>Quando una settimana fa alla videoconferenza con i leader europei Mario Draghi si \u00e8 detto contrario all\u2019export dei vaccini perch\u00e9 non ce ne sono abbastanza in Europa, il premier sapeva del nuovo caso Astrazeneca. Risale <img loading=\"lazy\" decoding=\"async\" class=\"wp-image-56354 alignright\" src=\"https:\/\/www.fedaiisf.it\/wp-content\/uploads\/2021\/02\/draghi-mario-1024x682.jpg\" alt=\"\" width=\"314\" height=\"209\" srcset=\"https:\/\/www.fedaiisf.it\/wp-content\/uploads\/2021\/02\/draghi-mario-1024x682.jpg 1024w, https:\/\/www.fedaiisf.it\/wp-content\/uploads\/2021\/02\/draghi-mario-300x200.jpg 300w, https:\/\/www.fedaiisf.it\/wp-content\/uploads\/2021\/02\/draghi-mario-768x512.jpg 768w, https:\/\/www.fedaiisf.it\/wp-content\/uploads\/2021\/02\/draghi-mario-1536x1023.jpg 1536w, https:\/\/www.fedaiisf.it\/wp-content\/uploads\/2021\/02\/draghi-mario.jpg 1990w\" sizes=\"auto, (max-width: 314px) 100vw, 314px\" \/>infatti al giorno dopo, il 26 febbraio, la richiesta del Governo di Roma alla Commissione Europea dell\u2019ok per non autorizzare un esportazione di 250mila dosi di vaccino anti-Covid Astrazeneca dall\u2019Italia all\u2019Australia. Il disco verde da Bruxelles \u00e8 arrivato il 2 marzo: si blocchi. E dunque l\u2019Italia si ritrova ad essere il primo paese membro a dare esecuzione al blocco degli export dei vaccini disposto da Palazzo Berlamont a fine gennaio, nei giorni infuocati delle polemiche con Astrazeneca per la riduzione delle consegne e il sospetto europeo che l\u2019azienda anglo-svedese avesse preferito il mercato britannico.<\/p>\n<p>La pandemia porta il protezionismo in Europa. E l\u2019Europa non l\u2019aveva preventivato fino in fondo: lo temeva. Quando Ursula von der Leyen ha disposto il blocco dell\u2019export pensava pi\u00f9 ad una misura di pressione sulle aziende, per non inciampare in un nuovo caso Astrazeneca. \u201cQuesto non \u00e8 un bando delle esportazioni\u201d, si affannava a spiegare il vicepresidente della Commissione Ue Valdis Dombrovskis in conferenza stampa.\u00a0\u201cTrasparenza e chiarezza sono le uniche cose che vogliamo &#8211; <a href=\"https:\/\/www.huffingtonpost.it\/entry\/europa-furiosa-con-astrazeneca-non-siamo-dal-macellaio_it_6011740fc5b6a081427353e8\" target=\"_blank\" rel=\"noopener\">diceva la vicepresidente della Commissione Europea Dubravka Suica <\/a>&#8211; Non c\u2019\u00e8 alcun divieto di esportazione, nessun blocco delle esportazioni. Solo chiarezza e trasparenza riguardo la produzione e le consegne, \u00e8 tutto qui\u201d.<\/p>\n<p>La speranza era che la sola disposizione di maggiori controlli sugli export, con l\u2019obbligo per le aziende farmaceutiche di chiedere l\u2019autorizzazione agli Stati nazionali e dunque all\u2019Ue, fosse sufficiente a scoraggiare ulteriori raggiri. La speranza era di evitare il \u2018baratro\u2019 del protezionismo, negazione del libero mercato, sciagura imposta da Donald Trump anche sull\u2019Ue che si \u00e8 ritrovata costretta a rispondere con i dazi (sull\u2019acciaio). Ecco per\u00f2 la china \u00e8 questa. E il blocco italiano la traduce in realt\u00e0.<\/p>\n<p>Inquadrato nella drammatica cornice della pandemia che in ogni campo sta trasformando necessit\u00e0 in virt\u00f9, Draghi compie un atto di sovranismo europeo in una Europa alla ricerca di identit\u00e0 nel marasma di una campagna vaccinale problematica. \u00c8 un atto di una storia ancora lunga e indefinita, con possibili conseguenze. Ed \u00e8 un atto reso possibile dalla misura decisa dalla Commissione europea sugli export e adottata dalla videoconferenza dei leader gioved\u00ec scorso: un\u2019occasione che evidentemente ad altri Stati non \u00e8 capitata a quanto riferiscono dalla Commissione Ue, dove fino alla settimana scorsa sottolineavano di non aver rilevato alcuna infrazione da quando \u00e8 stato disposto il blocco.<\/p>\n<p><img loading=\"lazy\" decoding=\"async\" class=\"wp-image-56919 alignleft\" src=\"https:\/\/www.fedaiisf.it\/wp-content\/uploads\/2021\/03\/astra-zeneca-anagni-678x381-1.jpg\" alt=\"\" width=\"342\" height=\"192\" srcset=\"https:\/\/www.fedaiisf.it\/wp-content\/uploads\/2021\/03\/astra-zeneca-anagni-678x381-1.jpg 678w, https:\/\/www.fedaiisf.it\/wp-content\/uploads\/2021\/03\/astra-zeneca-anagni-678x381-1-300x169.jpg 300w, https:\/\/www.fedaiisf.it\/wp-content\/uploads\/2021\/03\/astra-zeneca-anagni-678x381-1-390x220.jpg 390w\" sizes=\"auto, (max-width: 342px) 100vw, 342px\" \/>\u00c8 capitato in Italia. Le 250mila dosi che Astrazeneca voleva esportare in Australia erano state infialate nello stabilimento di Anagni, Lazio. Il governo ha bloccato l\u2019export perch\u00e9 il Paese destinatario della fornitura non \u00e8 un paese vulnerabile (Australia), ai sensi del nuovo Regolamento europeo che esclude i paesi poveri dal blocco delle esportazioni. Anche se va detto che al vertice europeo di gioved\u00ec scorso, Draghi si \u00e8 detto contrario anche alla donazione di vaccini al Covax, la piattaforma elaborata dall\u2019Oms per garantire un\u2019equa distribuzione delle dosi ai paesi pi\u00f9 poveri.<\/p>\n<p>Ad ogni modo, il lotto \u00e8 stato bloccato perch\u00e9 non ci sono abbastanza vaccini in Europa e la stessa Astrazeneca si \u00e8 resa protagonista di ritardi nelle forniture, riferiscono fonti diplomatiche. E poi la richiesta dell\u2019azienda riguardava un numero elevato di dosi di vaccino anti-covid rispetto alla \u201cquantit\u00e0 di dosi finora fornite all\u2019Italia, e pi\u00f9 in generale, ai Paesi dell\u2019Ue\u201d.<\/p>\n<p>La storia dimostra che nonostante i controlli disposti da Bruxelles dopo il braccio di ferro di gennaio, Astrazeneca continua a operare senza rispettare gli accordi con le autorit\u00e0 europee. Cosa la rendesse sicura di poter ottenere l\u2019autorizzazione all\u2019export dall\u2019Italia all\u2019Australia \u00e8 ancora da scoprire.<\/p>\n<p>Related news:\u00a0<a href=\"https:\/\/www.repubblica.it\/esteri\/2021\/03\/05\/news\/l_australia_ha_chiesto_alla_ue_di_rivedere_una_decisione_dell_italia_di_bloccare_la_spedizione_del_vaccino-290397409\/\" target=\"_blank\" rel=\"noopener\">Stop ai vaccini AstraZeneca, l&#8217;Australia invoca l&#8217;intervento Ue. L&#8217;azienda: &#8220;Capiamo Draghi, ribadiamo l&#8217;impegno&#8221;<\/a><\/p>","protected":false},"excerpt":{"rendered":"<p>Un atto di sovranismo europeo.\u00a0Primo caso, stop a 250mila dosi verso l&#8217;Australia. Covid riporta il protezionismo in Ue HuffPost by Angela Mauro &#8211; 4 marzo 2021 Quando una settimana fa alla videoconferenza con i leader europei Mario Draghi si \u00e8 detto contrario all\u2019export dei vaccini perch\u00e9 non ce ne sono abbastanza in Europa, il premier &hellip;<\/p>","protected":false},"author":4,"featured_media":56918,"comment_status":"closed","ping_status":"closed","sticky":false,"template":"","format":"standard","meta":{"footnotes":""},"categories":[1],"tags":[],"class_list":["post-56915","post","type-post","status-publish","format-standard","has-post-thumbnail","hentry","category-notizie"],"amp_enabled":true,"_links":{"self":[{"href":"https:\/\/www.fedaiisf.it\/en\/wp-json\/wp\/v2\/posts\/56915","targetHints":{"allow":["GET"]}}],"collection":[{"href":"https:\/\/www.fedaiisf.it\/en\/wp-json\/wp\/v2\/posts"}],"about":[{"href":"https:\/\/www.fedaiisf.it\/en\/wp-json\/wp\/v2\/types\/post"}],"author":[{"embeddable":true,"href":"https:\/\/www.fedaiisf.it\/en\/wp-json\/wp\/v2\/users\/4"}],"replies":[{"embeddable":true,"href":"https:\/\/www.fedaiisf.it\/en\/wp-json\/wp\/v2\/comments?post=56915"}],"version-history":[{"count":0,"href":"https:\/\/www.fedaiisf.it\/en\/wp-json\/wp\/v2\/posts\/56915\/revisions"}],"wp:featuredmedia":[{"embeddable":true,"href":"https:\/\/www.fedaiisf.it\/en\/wp-json\/wp\/v2\/media\/56918"}],"wp:attachment":[{"href":"https:\/\/www.fedaiisf.it\/en\/wp-json\/wp\/v2\/media?parent=56915"}],"wp:term":[{"taxonomy":"category","embeddable":true,"href":"https:\/\/www.fedaiisf.it\/en\/wp-json\/wp\/v2\/categories?post=56915"},{"taxonomy":"post_tag","embeddable":true,"href":"https:\/\/www.fedaiisf.it\/en\/wp-json\/wp\/v2\/tags?post=56915"}],"curies":[{"name":"wp","href":"https:\/\/api.w.org\/{rel}","templated":true}]}}