{"id":5692,"date":"2014-11-27T18:40:24","date_gmt":"2014-11-27T17:40:24","guid":{"rendered":"http:\/\/www.fedaiisf.it\/?p=5692"},"modified":"2014-11-27T18:40:24","modified_gmt":"2014-11-27T17:40:24","slug":"sanofi-scongiurato-rischio-chiusura-incontro-sindacati-manager-concluso-verso-16-non-si-parlato-esuberi-probabile-ricorso-cassa-integrazione-giornata-mobilitazion","status":"publish","type":"post","link":"https:\/\/www.fedaiisf.it\/en\/sanofi-scongiurato-rischio-chiusura-incontro-sindacati-manager-concluso-verso-16-non-si-parlato-esuberi-probabile-ricorso-cassa-integrazione-giornata-mobilitazion\/","title":{"rendered":"Garessio (CN). Sanofi, averted the risk of closure"},"content":{"rendered":"<div itemprop=\"author\">\n<div>\n<p>Sanofi, scongiurato il rischio di chiusura. Intorno alle 16 si \u00e8 concluso l\u2019incontro tra i sindacati nazionali e il management della multinazionale del farmaco. \u00c8 trapelato che non si parla di chiusura dello stabilimento di Garessio, n\u00e9 di esuberi. Fra le ipotesi, invece, la cassa integrazione.<\/p>\n<p>CHIARA VIGLIETTI<\/p>\n<\/div>\n<\/div>\n<p itemprop=\"contentLocation\"><a href=\"http:\/\/www.lastampa.it\/2014\/11\/27\/edizioni\/cuneo\/sanofi-il-d-day-sindacati-e-manager-a-colloquio-a2T7KBhpjVCCoLmkpdwifO\/pagina.html\" target=\"_blank\" rel=\"noopener\">GARESSIO &#8211; LA STAMPA CUNEO &#8211; 27 novembre 2014<\/a><\/p>\n<div itemprop=\"articleBody\">\n<p>Sanofi, scongiurato il rischio di chiusura. Intorno alle 16 si \u00e8 concluso l\u2019incontro tra i sindacati nazionali e il management della multinazionale del farmaco. \u00c8 trapelato che non si parla di chiusura dello stabilimento di Garessio, n\u00e9 di esuberi. Fra le ipotesi, invece, la cassa integrazione. Domani la propriet\u00e0 ne discuter\u00e0 con i dipendenti: prima, \u201cbocche cucite\u201d. Decisione definitiva, comunque, nella riunione del 17 dicembre con le rsu provinciali.<\/p>\n<p>La giornata.\u00a0Le prime a scendere in campo stamattina alle 8,30 sono state le donne del paese. Che hanno sfilato silenziose per le vie di Garessio, fino allo stabilimento della Sanofi, per testimoniare il dramma che \u201csta dietro ad ogni uomo e operaio della Sanofi che oggi vede minacciato il proprio posto di lavoro. Dietro ci siamo noi, i figli, una famiglia da difendere. Eccoci\u00a0\u201d.<\/p>\n<p><img loading=\"lazy\" decoding=\"async\" class=\"alignleft\" alt=\"\" src=\"http:\/\/www.lastampa.it\/r\/Pub\/p3\/2014\/11\/27\/Cuneo\/Foto\/RitagliWeb\/1277538_1417096288-k7YF--330x246@LaStampa.it.jpg\" width=\"330\" height=\"246\" \/>Poi alle 11 in fabbrica l\u2019atteso vertice (ancora in corso alle 14,30) tra sindacati nazionali -Vincenzo Cesare per la Uil Tec e Aldo Zago per la Cgil Filctem- e il management della multinazionale arrivato in mattinata da Parigi.<\/p>\n<p><img loading=\"lazy\" decoding=\"async\" class=\"alignright\" alt=\"\" src=\"http:\/\/www.lastampa.it\/r\/Pub\/p3\/2014\/11\/27\/Cuneo\/Foto\/RitagliWeb\/1277539_1417096288-k7YF--330x221@LaStampa.it.jpg\" width=\"330\" height=\"221\" \/><\/p>\n<p>\u00abLa presenza delle segreterie nazionali a Garessio testimonia come oggi il paese della Val Tanaro sia simbolo di un\u2019industria, quella farmaceutica, da difendere qui come in tutta Italia\u00a0-\u00e8 stato il commento di Vincenzo Cesare-.Parliamo di un gruppo estremamente importante e che ha molti insediamenti in tutto il Paese\u00bb. \u00abNon pensino\u00a0-ha proseguito-\u00a0di fare l\u2019equazione tra crisi della produzione e taglio dei posti di lavoro. Qui non deve essere licenziato un solo dipendente. Oggi siamo a Garessio per ribadire il fronte comune del no sindacale a ogni licenziamento o ridimensionamento del sito\u00bb.<\/p>\n<p>&nbsp;<\/p>\n<p><img loading=\"lazy\" decoding=\"async\" class=\"alignleft\" alt=\"\" src=\"http:\/\/www.lastampa.it\/r\/Pub\/p3\/2014\/11\/27\/Cuneo\/Foto\/RitagliWeb\/1277536_1417096288-k7YF--330x246@LaStampa.it.jpg\" width=\"330\" height=\"246\" \/><span style=\"font-size: 14px; line-height: 1.5em;\">Nel pomeriggio \u00e8 previsto un incontro, alle 16, con i sindaci del territorio. Poi alle 17 l\u2019assemblea con i lavoratori in Comune. E\u2019 stato invece annullato il corteo in programma oggi alle 16,30, per questioni organizzative.\u00a0<\/span><\/p>\n<\/div>","protected":false},"excerpt":{"rendered":"<p>Sanofi, scongiurato il rischio di chiusura. Intorno alle 16 si \u00e8 concluso l\u2019incontro tra i sindacati nazionali e il management della multinazionale del farmaco. \u00c8 trapelato che non si parla di chiusura dello stabilimento di Garessio, n\u00e9 di esuberi. Fra le ipotesi, invece, la cassa integrazione. CHIARA VIGLIETTI GARESSIO &#8211; LA STAMPA CUNEO &#8211; 27 &hellip;<\/p>","protected":false},"author":4,"featured_media":5695,"comment_status":"closed","ping_status":"closed","sticky":false,"template":"","format":"standard","meta":{"footnotes":""},"categories":[1],"tags":[27],"class_list":["post-5692","post","type-post","status-publish","format-standard","has-post-thumbnail","hentry","category-notizie","tag-licenziati"],"amp_enabled":true,"_links":{"self":[{"href":"https:\/\/www.fedaiisf.it\/en\/wp-json\/wp\/v2\/posts\/5692","targetHints":{"allow":["GET"]}}],"collection":[{"href":"https:\/\/www.fedaiisf.it\/en\/wp-json\/wp\/v2\/posts"}],"about":[{"href":"https:\/\/www.fedaiisf.it\/en\/wp-json\/wp\/v2\/types\/post"}],"author":[{"embeddable":true,"href":"https:\/\/www.fedaiisf.it\/en\/wp-json\/wp\/v2\/users\/4"}],"replies":[{"embeddable":true,"href":"https:\/\/www.fedaiisf.it\/en\/wp-json\/wp\/v2\/comments?post=5692"}],"version-history":[{"count":0,"href":"https:\/\/www.fedaiisf.it\/en\/wp-json\/wp\/v2\/posts\/5692\/revisions"}],"wp:featuredmedia":[{"embeddable":true,"href":"https:\/\/www.fedaiisf.it\/en\/wp-json\/wp\/v2\/media\/5695"}],"wp:attachment":[{"href":"https:\/\/www.fedaiisf.it\/en\/wp-json\/wp\/v2\/media?parent=5692"}],"wp:term":[{"taxonomy":"category","embeddable":true,"href":"https:\/\/www.fedaiisf.it\/en\/wp-json\/wp\/v2\/categories?post=5692"},{"taxonomy":"post_tag","embeddable":true,"href":"https:\/\/www.fedaiisf.it\/en\/wp-json\/wp\/v2\/tags?post=5692"}],"curies":[{"name":"wp","href":"https:\/\/api.w.org\/{rel}","templated":true}]}}