{"id":56921,"date":"2021-03-04T20:20:40","date_gmt":"2021-03-04T19:20:40","guid":{"rendered":"https:\/\/www.fedaiisf.it\/?p=56921"},"modified":"2021-03-04T20:20:40","modified_gmt":"2021-03-04T19:20:40","slug":"enel-x-e-novartis-insieme-per-la-diffusione-della-mobilita-elettrica-in-italia","status":"publish","type":"post","link":"https:\/\/www.fedaiisf.it\/en\/enel-x-e-novartis-insieme-per-la-diffusione-della-mobilita-elettrica-in-italia\/","title":{"rendered":"Enel X and Novartis together for the diffusion of electric mobility in Italy"},"content":{"rendered":"<p><a href=\"https:\/\/www.enelx.com\/it\/it\/news-media\/comunicati-stampa\/2021\/03\/enel-x-e-novartis-insieme-per-la-diffusione-della-mobilit-elettrica-in-italia-?ecid=Soc_organic-Twitter-eMobility_2021_PartnershipNovartis-PPL-04_03_21\" target=\"_blank\" rel=\"noopener\"><b>Enel X &#8211; Roma, 4 marzo 2021<\/b> <\/a>\u2013 Elettrificazione della flotta aziendale, soluzioni integrate per la ricarica dei veicoli elettrici e una piattaforma di monitoraggio dei caricatori installati. Sono queste alcune delle attivit\u00e0 che rientrano nella partnership tra Enel X e Novartis, nata per promuovere la diffusione della mobilit\u00e0 elettrica in <img loading=\"lazy\" decoding=\"async\" class=\"wp-image-56924 alignright\" src=\"https:\/\/www.fedaiisf.it\/wp-content\/uploads\/2021\/03\/Enel-X.jpg\" alt=\"\" width=\"464\" height=\"250\" srcset=\"https:\/\/www.fedaiisf.it\/wp-content\/uploads\/2021\/03\/Enel-X.jpg 660w, https:\/\/www.fedaiisf.it\/wp-content\/uploads\/2021\/03\/Enel-X-300x161.jpg 300w\" sizes=\"auto, (max-width: 464px) 100vw, 464px\" \/>Italia. Enel X \u00e8 la global business line del Gruppo Enel che progetta e sviluppa soluzioni incentrate sui principi di sostenibilit\u00e0 ed economia circolare, per fornire a persone, comunit\u00e0, istituzioni e aziende un modello alternativo che rispetti l&#8217;ambiente e integri l&#8217;innovazione tecnologica nella vita quotidiana; Novartis, tra le maggiori aziende farmaceutiche a livello globale e leader dell\u2019innovazione nel settore, \u00e8 impegnata nella protezione dell\u2019ambiente e nella gestione sostenibile delle risorse naturali, una componente essenziale della propria responsabilit\u00e0 d\u2019impresa. L\u2019accordo sui progetti di mobilit\u00e0 elettrica \u00e8 parte di una collaborazione pi\u00f9 ampia tra le aziende, nata nel 2019 con la firma di un protocollo d\u2019intesa che ha portato alla recente presentazione dello studio \u2018<i>Le citt\u00e0 del futuro \u2013 ambiente e salute per citt\u00e0 pi\u00f9 sostenibili e inclusive\u2019<\/i>, anche in relazione alla diffusione del Covid-19.<\/p>\n<p><i>\u201cSiamo soddisfatti di aver aggiunto un&#8217;altra importante iniziativa nell\u2019ambito della collaborazione con Novartis, dedicata allo sviluppo di progetti che aiutano il Paese a raggiungere gli obiettivi di sostenibilit\u00e0\u201d <\/i>he has declared <b>Augusto Raggi<\/b>, Responsabile di Enel X Italia \u201c<i>Metteremo a disposizione del partner le nostre soluzioni avanzate di mobilit\u00e0 elettrica che serviranno per elettrificare le nuove sedi e la flotta di veicoli ibridi e full electric dell\u2019azienda. Attivit\u00e0 in linea con l\u2019obiettivo di diffusione dell\u2019e-mobility in tutto il Paese, che si aggiungono all\u2019impegno per ampliare la nostra rete di punti di ricarica pubblici con l\u2019installazione di caricatori ultra fast di ultima generazione che garantiscono un pieno di energia in pochi minuti\u201d.<\/i><\/p>\n<p><i>\u00a0<\/i><i>\u201cQuesto progetto, reso possibile dalla partnership con Enel X, rappresenta un nuovo salto di qualit\u00e0 nell\u2019impegno di Novartis per la sostenibilit\u00e0\u201d<\/i>, sottolinea <b>Pasquale Frega, <\/b>Country President e<b> <\/b>Amministratore Delegato di Novartis In Italia. <i>\u201cCon l\u2019<strong><span style=\"color: #000000;\">elettrificazione del nostro parco auto<\/span><\/strong> contribuiremo in modo significativo a raggiungere quella <\/i>carbon neutrality<i> che il Gruppo Novartis si \u00e8 posta come traguardo per il 2025 e dimostriamo in modo concreto che vogliamo essere protagonisti del grande processo di rinnovamento, verso un futuro ecologicamente sostenibile, in cui \u00e8 impegnata oggi l\u2019Italia. In questo processo gioca un ruolo fondamentale la partnership tra le realt\u00e0 pi\u00f9 innovative del paese, come Enel X e Novartis, capaci di far convergere le rispettive, diverse competenze verso l\u2019obiettivo comune della sostenibilit\u00e0, che significa pi\u00f9 salute, pi\u00f9 benessere e migliore qualit\u00e0 della vita per l\u2019intera collettivit\u00e0\u201d<\/i><\/p>\n<p>Enel X si occuper\u00e0 dell\u2019elettrificazione della nuova sede di Milano di Novartis in costruzione a Piazza Gae Aulenti e delle altre sedi italiane dell\u2019azienda, installando le infrastrutture della gamma Juice: le stazioni di <img loading=\"lazy\" decoding=\"async\" class=\"wp-image-56925 alignleft\" src=\"https:\/\/www.fedaiisf.it\/wp-content\/uploads\/2021\/03\/auto-ibrida-Enel-X.jpg\" alt=\"\" width=\"441\" height=\"248\" srcset=\"https:\/\/www.fedaiisf.it\/wp-content\/uploads\/2021\/03\/auto-ibrida-Enel-X.jpg 960w, https:\/\/www.fedaiisf.it\/wp-content\/uploads\/2021\/03\/auto-ibrida-Enel-X-300x169.jpg 300w, https:\/\/www.fedaiisf.it\/wp-content\/uploads\/2021\/03\/auto-ibrida-Enel-X-768x432.jpg 768w, https:\/\/www.fedaiisf.it\/wp-content\/uploads\/2021\/03\/auto-ibrida-Enel-X-390x220.jpg 390w\" sizes=\"auto, (max-width: 441px) 100vw, 441px\" \/>ricarica pubblica JuicePole, da 22kW + 22 kW e le nuove JuiceBox, da 22kW per la ricarica della flotta aziendale. <span style=\"color: #000000;\"><strong>I collaboratori Novartis, inoltre, usufruiranno di una soluzione integrata <i>all inclusive<\/i> che comprende la dotazione di un veicolo elettrico o ibrido, l\u2019installazione della <i>JuiceBox<\/i> domestica nel garage della propria abitazione<\/strong> e la possibilit\u00e0 di accedere ad un\u2019ampia rete di ricarica in Italia, in Europa e presso le sedi di Novartis, tramite l\u2019App JuicePass di Enel X. Per la gestione di tutte le operazioni di ricarica della flotta aziendale e per il monitoraggio e la gestione delle stazioni Juice installate presso le sedi, Novartis potr\u00e0 accedere inoltre al portale JuiceNet Manager di Enel X.<\/span><\/p>\n<p>In aggiunta alle soluzioni tecnologiche Enel X metter\u00e0 a disposizione del personale di Novartis il proprio know-how nel settore dell\u2019e-mobility attraverso sessioni di training specifiche per conoscere meglio i servizi per la mobilit\u00e0 elettrica pensati per l\u2019azienda e le ultime novit\u00e0 dell\u2019intera filiera della mobilit\u00e0 elettrica.<\/p>\n<p>Oltre alla carbon neutrality, il Gruppo Novartis punta a raggiungere anche, entro il 2030, la plastic neutrality e la water neutrality, nell\u2019ambito di piano globale di medio periodo per la sostenibilit\u00e0 nel quale l\u2019Italia \u00e8 pienamente coinvolta. In ognuna delle sedi Novartis nel nostro paese sono state adottate misure in grado di migliorare sensibilmente le performance ambientali: a Origgio si \u00e8 per esempio gi\u00e0 raggiunto l\u2019obiettivo dell\u2019eliminazione dell\u2019uso della plastica monouso in ambito alimentare; la nuova sede centrale dell\u2019azienda, sar\u00e0 ospitata in un edificio, in fase di completamento a Milano, a elevata efficienza energetica; l\u2019insediamento produttivo di Torre annunziata (Na) ha in programma investimenti orientati all\u2019acquisto di nuovi macchinari a basso impatto ambientale.<\/p>\n<p><b>\u00a0\u00a0\u00a0\u00a0\u00a0\u00a0\u00a0\u00a0\u00a0\u00a0\u00a0\u00a0\u00a0\u00a0\u00a0\u00a0\u00a0\u00a0\u00a0\u00a0\u00a0\u00a0\u00a0\u00a0\u00a0\u00a0\u00a0\u00a0\u00a0\u00a0\u00a0\u00a0\u00a0\u00a0\u00a0\u00a0\u00a0\u00a0\u00a0\u00a0\u00a0\u00a0\u00a0\u00a0\u00a0\u00a0\u00a0\u00a0\u00a0\u00a0\u00a0\u00a0\u00a0\u00a0\u00a0\u00a0\u00a0\u00a0\u00a0\u00a0\u00a0\u00a0\u00a0\u00a0\u00a0\u00a0\u00a0\u00a0\u00a0\u00a0\u00a0\u00a0\u00a0\u00a0\u00a0\u00a0\u00a0<\/b><\/p>\n<p><b>Enel X<\/b> \u00e8 la business line globale di Enel dedicata allo sviluppo di prodotti innovativi e soluzioni digitali nei settori in cui l&#8217;energia sta evidenziando il maggior potenziale di trasformazione: citt\u00e0, abitazioni, industria e mobilit\u00e0 elettrica. L\u2019azienda opera a livello mondiale nel settore dei servizi energetici avanzati con una capacit\u00e0 di gestione della domanda di circa 6 GW gestiti e distribuiti a livello globale, e con 116 MW di capacit\u00e0 di accumulo nel mondo, oltre ad essere attiva nel settore della mobilit\u00e0 elettrica, con circa 175 mila punti di ricarica pubblici e privati per veicoli elettrici resi disponibili nel mondo. Enel X progetta e sviluppa soluzioni incentrate sui principi della sostenibilit\u00e0 e dell&#8217;economia circolare per fornire alle persone, alle comunit\u00e0, alle istituzioni e alle aziende un modello alternativo che rispetti l\u2019ambiente e integri l\u2019innovazione tecnologica nella vita quotidiana<\/p>","protected":false},"excerpt":{"rendered":"<p>Enel X &#8211; Roma, 4 marzo 2021 \u2013 Elettrificazione della flotta aziendale, soluzioni integrate per la ricarica dei veicoli elettrici e una piattaforma di monitoraggio dei caricatori installati. Sono queste alcune delle attivit\u00e0 che rientrano nella partnership tra Enel X e Novartis, nata per promuovere la diffusione della mobilit\u00e0 elettrica in Italia. Enel X \u00e8 &hellip;<\/p>","protected":false},"author":4,"featured_media":56923,"comment_status":"closed","ping_status":"closed","sticky":false,"template":"","format":"standard","meta":{"footnotes":""},"categories":[1],"tags":[],"class_list":["post-56921","post","type-post","status-publish","format-standard","has-post-thumbnail","hentry","category-notizie"],"amp_enabled":true,"_links":{"self":[{"href":"https:\/\/www.fedaiisf.it\/en\/wp-json\/wp\/v2\/posts\/56921","targetHints":{"allow":["GET"]}}],"collection":[{"href":"https:\/\/www.fedaiisf.it\/en\/wp-json\/wp\/v2\/posts"}],"about":[{"href":"https:\/\/www.fedaiisf.it\/en\/wp-json\/wp\/v2\/types\/post"}],"author":[{"embeddable":true,"href":"https:\/\/www.fedaiisf.it\/en\/wp-json\/wp\/v2\/users\/4"}],"replies":[{"embeddable":true,"href":"https:\/\/www.fedaiisf.it\/en\/wp-json\/wp\/v2\/comments?post=56921"}],"version-history":[{"count":0,"href":"https:\/\/www.fedaiisf.it\/en\/wp-json\/wp\/v2\/posts\/56921\/revisions"}],"wp:featuredmedia":[{"embeddable":true,"href":"https:\/\/www.fedaiisf.it\/en\/wp-json\/wp\/v2\/media\/56923"}],"wp:attachment":[{"href":"https:\/\/www.fedaiisf.it\/en\/wp-json\/wp\/v2\/media?parent=56921"}],"wp:term":[{"taxonomy":"category","embeddable":true,"href":"https:\/\/www.fedaiisf.it\/en\/wp-json\/wp\/v2\/categories?post=56921"},{"taxonomy":"post_tag","embeddable":true,"href":"https:\/\/www.fedaiisf.it\/en\/wp-json\/wp\/v2\/tags?post=56921"}],"curies":[{"name":"wp","href":"https:\/\/api.w.org\/{rel}","templated":true}]}}