{"id":56927,"date":"2021-03-05T12:10:04","date_gmt":"2021-03-05T11:10:04","guid":{"rendered":"https:\/\/www.fedaiisf.it\/?p=56927"},"modified":"2021-03-05T12:12:50","modified_gmt":"2021-03-05T11:12:50","slug":"priorita-vaccinale-lassalto-delle-categorie-a-rischio-il-governo-si-sta-orientando-a-vaccinare-in-base-alle-fasce-di-eta","status":"publish","type":"post","link":"https:\/\/www.fedaiisf.it\/en\/priorita-vaccinale-lassalto-delle-categorie-a-rischio-il-governo-si-sta-orientando-a-vaccinare-in-base-alle-fasce-di-eta\/","title":{"rendered":"Vaccination priority. The assault of the &quot;at risk&quot; categories. The Government is moving towards vaccinating according to age groups"},"content":{"rendered":"<p>L\u2019altro giorno \u00e8 toccato ai notai. Con la motivazione che spesso vanno negli ospedali, nelle case di cura e nelle Rsa, le residenze sanitarie assistenziali. Qualche giorno prima erano stati invece gli avvocati, praticanti <img loading=\"lazy\" decoding=\"async\" class=\"wp-image-56930 alignright\" src=\"https:\/\/www.fedaiisf.it\/wp-content\/uploads\/2021\/03\/vaccinazione-bari__vaccini_anti_covid___priorita_anche_per_la_polizia_locale_.jpg\" alt=\"\" width=\"337\" height=\"204\" srcset=\"https:\/\/www.fedaiisf.it\/wp-content\/uploads\/2021\/03\/vaccinazione-bari__vaccini_anti_covid___priorita_anche_per_la_polizia_locale_.jpg 495w, https:\/\/www.fedaiisf.it\/wp-content\/uploads\/2021\/03\/vaccinazione-bari__vaccini_anti_covid___priorita_anche_per_la_polizia_locale_-300x182.jpg 300w\" sizes=\"auto, (max-width: 337px) 100vw, 337px\" \/>compresi. Che del resto si erano messi in scia alla richiesta dei magistrati, e in effetti avrebbe poco senso guardare solo a un pezzo del problema. Ma ci sono anche i giornalisti. E poi i lavoratori del turismo, che prendono a modello Kastellorizo, l\u2019isola greca del film Mediterraneo, che ha vaccinato tutti gli abitanti per proporsi come met\u00e0 Covid free. E ancora i commercianti e soprattutto i ristoratori, forse il settore pi\u00f9 colpito dalle conseguenze economiche della pandemia.<\/p>\n<p>Negli ultimi giorni \u00e8 stato un moltiplicarsi di richieste, comunicati ufficiali e lamentele ufficiose. Ogni categoria ha le sue buone ragioni per chiedere una qualche forma di priorit\u00e0 per la vaccinazione.<\/p>\n<p>Difficile poi mettere in discussione la priorit\u00e0 a medici, insegnanti e forze dell\u2019ordine. Anche se qui bisogna riconoscere qualche incongruenza.<\/p>\n<p>Tra medici e infermieri, ad esempio, sono entrati anche gli addetti amministrativi delle Asl, che lavorano nella sanit\u00e0 ma forse non proprio in prima linea. <a href=\"https:\/\/www.corriere.it\/cronache\/21_marzo_01\/coronavirus-vaccino-notai-avvocati-ai-giornalisti-tutti-quelli-che-chiedono-precedenza-06cc41b8-7a71-11eb-bfba-4b97c2207ce7.shtml\" target=\"_blank\" rel=\"noopener\">Corriere della Sera<\/a><\/p>\n<p>In Sicilia il presidente dell&#8217;Ars Miccich\u00e9 chiede la priorit\u00e0 per gli onorevoli siciliani. Le Poste chiedono: \u00abPriorit\u00e0 a vaccini per portalettere e dipendenti uffici postali\u00bb. Le imprese funebri chiedono priorit\u00e0 vaccinazioni covid: \u201cnoi, categoria a rischio dimenticata da tutti\u201d. Federdistribuzione chiede priorit\u00e0 vaccini per lavoratori Gdo. Il vaccino contro il Covid-19 sia somministrato, in via prioritaria, ai caregiver (badanti) familiari richiede la consiglera comunale di Lucca, Petretti. La Confesercenti Abruzzo chiede priorit\u00e0 per gli operatori del settore alimentare.<\/p>\n<p>Nello Martini, ex Direttore AIFA, su <a href=\"http:\/\/www.quotidianosanita.it\/studi-e-analisi\/articolo.php?articolo_id=93055\" target=\"_blank\" rel=\"noopener\">quotidianosanit\u00e0<\/a> dichiara che mentre la fase iniziale e le relative priorit\u00e0 risultano ben definite e chiare, le fasi successive si basano su alcuni criteri, scientificamente corretti ma molto discrezionali nella applicazione: chi stabilisce gli algoritmi di estrazione delle popolazioni vulnerabili con comorbilit\u00e0, chi fa gli elenchi per Regione e per ASL, per residenza o per presenza? Quello che si sta verificando \u00e8 che ogni Regione fa da s\u00e9 sui criteri, con diverse modalit\u00e0 di prenotazione, con differenti calendari e con velocit\u00e0 e modalit\u00e0 logistiche estremamente differenziate a cui si aggiungono le pratiche burocratiche legate alla compilazione dei moduli.<\/p>\n<p>The <a href=\"https:\/\/www.tgcom24.mediaset.it\/cronaca\/vaccini-un-algoritmo-indica-il-nome-di-chi-ha-la-priorit-attribuendo-a-ogni-cittadino-il-grado-di-vulnerabilit_29368456-202102k.shtml\" target=\"_blank\" rel=\"noopener\">TGCom24<\/a> fa sapere che ora, un <strong>algoritmo <\/strong>sviluppato dagli statistici dell&#8217;Universit\u00e0\u00a0Milano Bicocca, \u00e8\u00a0pronto per essere usato gratuitamente e viene sottoposto al Ministero della Salute e alle Regioni per <strong>individuare i cittadini, con nome e cognome, dai 18 ai 79 anni, che hanno diritto al vaccino per primi<\/strong> in base al loro profilo clinico.<\/p>\n<p>Intanto l<a href=\"https:\/\/www.repubblica.it\/cronaca\/2021\/03\/05\/news\/i_vaccini_inutilizzati_una_fiala_di_astrazeneca_su_quattro_resta_in_frigorifero-290365558\/\" target=\"_blank\" rel=\"noopener\">a Repubblica<\/a> riferisce che tre fiale su quattro del vaccino AstraZeneca restano in frigorifero: su un milione e mezzo di dosi consegnate nell&#8217;ultimo mese ne sono state somministrate solo 375.000. In molte regioni mancano gli elenchi delle persone che rientrano tra gli aventi diritto ed \u00e8 impossibile prenotarsi. E gli <img loading=\"lazy\" decoding=\"async\" class=\"wp-image-56931 alignleft\" src=\"https:\/\/www.fedaiisf.it\/wp-content\/uploads\/2021\/03\/Riunione-Ministero-salute-vaccini.jpg\" alt=\"\" width=\"352\" height=\"264\" srcset=\"https:\/\/www.fedaiisf.it\/wp-content\/uploads\/2021\/03\/Riunione-Ministero-salute-vaccini.jpg 1024w, https:\/\/www.fedaiisf.it\/wp-content\/uploads\/2021\/03\/Riunione-Ministero-salute-vaccini-300x225.jpg 300w, https:\/\/www.fedaiisf.it\/wp-content\/uploads\/2021\/03\/Riunione-Ministero-salute-vaccini-768x576.jpg 768w\" sizes=\"auto, (max-width: 352px) 100vw, 352px\" \/>accordi con i medici di famiglia mancano quasi ovunque.<\/p>\n<p>Ieri si \u00e8 tenuta una riunione al Ministero della Salute con il ministro, Roberto Speranza, il Commissario straordinario all&#8217;emergenza Covid-19, Generale Francesco Figliuolo, il Capo dipartimento della Protezione Civile, Fabrizio Curcio, e i vertici di Istituto superiore di sanit\u00e0, Consiglio superiore di sanit\u00e0, Aifa e Agenas.<\/p>\n<p>A quanto si apprende da fonti del Governo, uno dei temi cardine \u00e8 stato quello di rendere pi\u00f9 uniformi i criteri di priorit\u00e0 per le vaccinazioni dopo che in queste settimane si \u00e8 visto come molte regioni abbiano deragliato dalle indicazioni del Piano. In questo senso l\u2019idea \u00e8 quella di puntare sul modello Israele, ovvero vaccinare in base alle fasce di et\u00e0. Il sistema \u00e8 considerato molto pi\u00f9 agevole a livello di distribuzione ed \u00e8 stato richiesto anche da molte Regioni, Lazio in testa. <a href=\"https:\/\/www.quotidianosanita.it\/governo-e-parlamento\/articolo.php?articolo_id=93160\" target=\"_blank\" rel=\"noopener\">Everyday healthcare<\/a><\/p>\n<p>Una comoda scelta di non scegliere<\/p>\n<p><span style=\"font-size: 10pt;\">Redazione &#8211; 5 marzo 2021<\/span><\/p>","protected":false},"excerpt":{"rendered":"<p>L\u2019altro giorno \u00e8 toccato ai notai. Con la motivazione che spesso vanno negli ospedali, nelle case di cura e nelle Rsa, le residenze sanitarie assistenziali. Qualche giorno prima erano stati invece gli avvocati, praticanti compresi. Che del resto si erano messi in scia alla richiesta dei magistrati, e in effetti avrebbe poco senso guardare solo &hellip;<\/p>","protected":false},"author":4,"featured_media":56929,"comment_status":"closed","ping_status":"closed","sticky":false,"template":"","format":"standard","meta":{"footnotes":""},"categories":[1],"tags":[39],"class_list":["post-56927","post","type-post","status-publish","format-standard","has-post-thumbnail","hentry","category-notizie","tag-vaccini"],"amp_enabled":true,"_links":{"self":[{"href":"https:\/\/www.fedaiisf.it\/en\/wp-json\/wp\/v2\/posts\/56927","targetHints":{"allow":["GET"]}}],"collection":[{"href":"https:\/\/www.fedaiisf.it\/en\/wp-json\/wp\/v2\/posts"}],"about":[{"href":"https:\/\/www.fedaiisf.it\/en\/wp-json\/wp\/v2\/types\/post"}],"author":[{"embeddable":true,"href":"https:\/\/www.fedaiisf.it\/en\/wp-json\/wp\/v2\/users\/4"}],"replies":[{"embeddable":true,"href":"https:\/\/www.fedaiisf.it\/en\/wp-json\/wp\/v2\/comments?post=56927"}],"version-history":[{"count":0,"href":"https:\/\/www.fedaiisf.it\/en\/wp-json\/wp\/v2\/posts\/56927\/revisions"}],"wp:featuredmedia":[{"embeddable":true,"href":"https:\/\/www.fedaiisf.it\/en\/wp-json\/wp\/v2\/media\/56929"}],"wp:attachment":[{"href":"https:\/\/www.fedaiisf.it\/en\/wp-json\/wp\/v2\/media?parent=56927"}],"wp:term":[{"taxonomy":"category","embeddable":true,"href":"https:\/\/www.fedaiisf.it\/en\/wp-json\/wp\/v2\/categories?post=56927"},{"taxonomy":"post_tag","embeddable":true,"href":"https:\/\/www.fedaiisf.it\/en\/wp-json\/wp\/v2\/tags?post=56927"}],"curies":[{"name":"wp","href":"https:\/\/api.w.org\/{rel}","templated":true}]}}