{"id":56976,"date":"2021-03-07T12:02:47","date_gmt":"2021-03-07T11:02:47","guid":{"rendered":"https:\/\/www.fedaiisf.it\/?p=56976"},"modified":"2021-03-07T12:04:14","modified_gmt":"2021-03-07T11:04:14","slug":"emilia-romagna-lettera-del-coordinamento-fedaiisf-allassessore","status":"publish","type":"post","link":"https:\/\/www.fedaiisf.it\/en\/emilia-romagna-lettera-del-coordinamento-fedaiisf-allassessore\/","title":{"rendered":"Emilia Romagna. Letter from the Coordination Fedaiisf to the Councilor and to the regional authorities. But when will the ISF be vaccinated?"},"content":{"rendered":"<p>Con la presente siamo a sottoporre alla vostra attenzione il prospetto dell\u2019attivit\u00e0 vaccinale messo in campo da Regione Veneto relativo alle prossime settimane. Tale prospetto vede in fase 1.A anche la categoria degli <img loading=\"lazy\" decoding=\"async\" class=\"wp-image-56978 alignright\" src=\"https:\/\/www.fedaiisf.it\/wp-content\/uploads\/2021\/03\/Emilia-Romagna-vaccini-anti-covid-1024x399.jpg\" alt=\"\" width=\"418\" height=\"163\" srcset=\"https:\/\/www.fedaiisf.it\/wp-content\/uploads\/2021\/03\/Emilia-Romagna-vaccini-anti-covid-1024x399.jpg 1024w, https:\/\/www.fedaiisf.it\/wp-content\/uploads\/2021\/03\/Emilia-Romagna-vaccini-anti-covid-300x117.jpg 300w, https:\/\/www.fedaiisf.it\/wp-content\/uploads\/2021\/03\/Emilia-Romagna-vaccini-anti-covid-768x299.jpg 768w, https:\/\/www.fedaiisf.it\/wp-content\/uploads\/2021\/03\/Emilia-Romagna-vaccini-anti-covid.jpg 1152w\" sizes=\"auto, (max-width: 418px) 100vw, 418px\" \/>Informatori Scientifici del Farmaco a partire dal 15\/03\/2021.<\/p>\n<p>A tale proposito siamo a chiedervi in quale fase ed a partire da quale data la nostra categoria sar\u00e0 presa in considerazione per la vaccinazione. A tutt\u2019oggi gi\u00e0 12 regioni hanno vaccinato o stanno per vaccinare gli IS\/ISF, infatti oltre al Veneto anche Liguria, Calabria, Friuli-Venezia Giulia, Piemonte, Lombardia, Campania, Puglia, Basilicata, Sicilia, Umbria, e da ieri anche la Sardegna hanno deliberato in tal senso. E da fonti ufficiose, ma attendibili, ci viene assicurato che anche le Marche stanno decidendo in tal senso.<\/p>\n<p>Da considerare poi che le regioni Friuli e Lombardia stanno vaccinando tutti gli IS\/ISF che lavorano in quelle regioni indipendentemente dal luogo di residenza con l\u2019obiettivo specifico di raggiungere al pi\u00f9 presto le strutture del SSR COVID-19 Free.<\/p>\n<p>Come detto pi\u00f9 volte il numero dei lavoratori del nostro settore \u00e8 esiguo rispetto alla popolazione globale regionale, infatti secondo le nostre stime basterebbero circa 1500-2000 vaccini per la nostra categoria, ma il<br \/>\nrischio di contrarre il Virus per i lavoratori che svolgono la nostra professione \u00a0\u00e8 superiore ad altre categorie.<\/p>\n<p>I lavoratori del nostro settore stanno vivendo quotidianamente questa situazione come un ingiusto trattamento ed una discriminazione nei confronti della nostra categoria che, \u00a0come abbiamo gi\u00e0 dimostrato, \u00e8 parte integrante del SSR- ER e proprio nei momenti pi\u00f9 difficili sta dando il suo contributo silenzioso ma importante anche in termini di Volontariato Gratuito oltre che in donazioni alle Strutture Pubbliche della nostra Regione e come gettito di addizionale Regionale.<\/p>\n<p><img loading=\"lazy\" decoding=\"async\" class=\"wp-image-56979 alignleft\" src=\"https:\/\/www.fedaiisf.it\/wp-content\/uploads\/2021\/03\/vaccino_stop-home_page.jpg\" alt=\"\" width=\"384\" height=\"214\" srcset=\"https:\/\/www.fedaiisf.it\/wp-content\/uploads\/2021\/03\/vaccino_stop-home_page.jpg 660w, https:\/\/www.fedaiisf.it\/wp-content\/uploads\/2021\/03\/vaccino_stop-home_page-300x167.jpg 300w\" sizes=\"auto, (max-width: 384px) 100vw, 384px\" \/>Alleghiamo alla presente mail articolo riguardante la Popolazione Target ed il calendario aggiornato dell\u2019attivit\u00e0 vaccinale della Regione Veneto. Come dice l\u2019Assessore Donini \u201c le buone idee non hanno colore politico \u201c , auspichiamo che la nostra Regione, che da sempre ha avuto un approccio molto simile al Veneto per quel che riguarda la tutela della Salute Pubblica e la salvaguardia del SSR, possa quindi al pi\u00f9 presto normare in tal senso come hanno gi\u00e0 fatto 13 Regioni su 20 del nostro Paese , .<\/p>\n<p>In questo momento ci sono altre Regioni che stanno vaccinando colleghi IS\/ISF residenti in Emilia-Romagna e la stessa Emilia-Romagna non sta vaccinando neppure quelli residenti, da questo punto di vista non \u00e8 l\u2019Emilia-Romagna Mutualistica Universale ed Inclusiva che tutti noi conosciamo da sempre.<\/p>\n<p>Best regards<br \/>\nIl Coordinamento FEDAIISF Regione Emilia-Romagna<\/p>\n<p>All.:\u00a0<a href=\"https:\/\/www.fedaiisf.it\/en\/regione-veneto-vaccinazione-isf-dal-15-marzo\/\" target=\"_blank\" rel=\"noopener\"><strong>Veneto region. ISF vaccination from March 15th<\/strong><\/a><\/p>\n<p>&nbsp;<\/p>\n<p><em>La mail \u00e8 stata inviata all\u2019assessore regionale alle Politiche per la salute, <strong>Raffaele Donini <\/strong>(nella foto in alto), alla Presidente Commissione Salute e Politiche Sociali, Ottavia Soncini. Al\u00a0Dirigente coordinatore area comunicazione Assessorato alle Politiche per la Salute, Stefano Aurighi. All&#8217;Assistente della Presidenza Commissione Sanit\u00e0 e Politiche sociali, Giulia Ferraresi e per conoscenza alla coordinatrice del Gruppo di lavoro sull&#8217;informazione scientifica, Valentina Solfrini<\/em><\/p>","protected":false},"excerpt":{"rendered":"<p>Con la presente siamo a sottoporre alla vostra attenzione il prospetto dell\u2019attivit\u00e0 vaccinale messo in campo da Regione Veneto relativo alle prossime settimane. Tale prospetto vede in fase 1.A anche la categoria degli Informatori Scientifici del Farmaco a partire dal 15\/03\/2021. A tale proposito siamo a chiedervi in quale fase ed a partire da quale &hellip;<\/p>","protected":false},"author":4,"featured_media":56981,"comment_status":"closed","ping_status":"closed","sticky":false,"template":"","format":"standard","meta":{"footnotes":""},"categories":[1],"tags":[21,39],"class_list":["post-56976","post","type-post","status-publish","format-standard","has-post-thumbnail","hentry","category-notizie","tag-informatori-scientifici","tag-vaccini"],"amp_enabled":true,"_links":{"self":[{"href":"https:\/\/www.fedaiisf.it\/en\/wp-json\/wp\/v2\/posts\/56976","targetHints":{"allow":["GET"]}}],"collection":[{"href":"https:\/\/www.fedaiisf.it\/en\/wp-json\/wp\/v2\/posts"}],"about":[{"href":"https:\/\/www.fedaiisf.it\/en\/wp-json\/wp\/v2\/types\/post"}],"author":[{"embeddable":true,"href":"https:\/\/www.fedaiisf.it\/en\/wp-json\/wp\/v2\/users\/4"}],"replies":[{"embeddable":true,"href":"https:\/\/www.fedaiisf.it\/en\/wp-json\/wp\/v2\/comments?post=56976"}],"version-history":[{"count":0,"href":"https:\/\/www.fedaiisf.it\/en\/wp-json\/wp\/v2\/posts\/56976\/revisions"}],"wp:featuredmedia":[{"embeddable":true,"href":"https:\/\/www.fedaiisf.it\/en\/wp-json\/wp\/v2\/media\/56981"}],"wp:attachment":[{"href":"https:\/\/www.fedaiisf.it\/en\/wp-json\/wp\/v2\/media?parent=56976"}],"wp:term":[{"taxonomy":"category","embeddable":true,"href":"https:\/\/www.fedaiisf.it\/en\/wp-json\/wp\/v2\/categories?post=56976"},{"taxonomy":"post_tag","embeddable":true,"href":"https:\/\/www.fedaiisf.it\/en\/wp-json\/wp\/v2\/tags?post=56976"}],"curies":[{"name":"wp","href":"https:\/\/api.w.org\/{rel}","templated":true}]}}