{"id":57035,"date":"2021-03-09T18:30:42","date_gmt":"2021-03-09T17:30:42","guid":{"rendered":"https:\/\/www.fedaiisf.it\/?p=57035"},"modified":"2021-03-09T18:50:32","modified_gmt":"2021-03-09T17:50:32","slug":"pfizer-spostera-parte-della-produzione-dal-belgio-in-romania-il-costo-del-lavoro-e-piu-basso","status":"publish","type":"post","link":"https:\/\/www.fedaiisf.it\/en\/pfizer-spostera-parte-della-produzione-dal-belgio-in-romania-il-costo-del-lavoro-e-piu-basso\/","title":{"rendered":"Pfizer will move some production from Belgium to Romania. Labor cost is lower"},"content":{"rendered":"<h1>Pfizer delocalizza in Romania e licenzia il 15% dei dipendenti belgi che hanno prodotto il vaccino. I sindacati: &#8220;Uno schiaffo ai lavoratori&#8221;<\/h1>\n<p><span style=\"font-size: 18pt;\">La multinazionale statunitense sposter\u00e0 parte della produzione in Romania dove il costo del lavoro \u00e8 pi\u00f9 basso. Polemiche anche per i finanziamenti pubblici europei ricevuti per sviluppare il vaccino anti Covid<\/span><\/p>\n<p><a href=\"https:\/\/www.ilfattoquotidiano.it\/2021\/03\/09\/pfizer-delocalizza-in-romania-e-licenzia-il-15-dei-dipendenti-belgi-che-hanno-prodotto-il-vaccino-sindacati-uno-schiaffo-ai-lavoratori\/6126784\/\" target=\"_blank\" rel=\"noopener\">Il Fatto Quotidiano &#8211; 9 marzo 2021<\/a><\/p>\n<p><img loading=\"lazy\" decoding=\"async\" class=\"wp-image-57040 alignright\" src=\"https:\/\/www.fedaiisf.it\/wp-content\/uploads\/2021\/03\/Vaccino-Pfizer-contenitori.jpg\" alt=\"\" width=\"360\" height=\"203\" srcset=\"https:\/\/www.fedaiisf.it\/wp-content\/uploads\/2021\/03\/Vaccino-Pfizer-contenitori.jpg 900w, https:\/\/www.fedaiisf.it\/wp-content\/uploads\/2021\/03\/Vaccino-Pfizer-contenitori-300x169.jpg 300w, https:\/\/www.fedaiisf.it\/wp-content\/uploads\/2021\/03\/Vaccino-Pfizer-contenitori-768x432.jpg 768w, https:\/\/www.fedaiisf.it\/wp-content\/uploads\/2021\/03\/Vaccino-Pfizer-contenitori-390x220.jpg 390w\" sizes=\"auto, (max-width: 360px) 100vw, 360px\" \/>La casa farmaceutica statunitense Pfizer ha annunciato che delocalizzer\u00e0 in Romania parte delle sue attivit\u00e0 attualmente svolte nel centro di <strong>Zaventem in Belgio<\/strong>. Questo comporter\u00e0 la riduzione del 15% dell\u2019organico con il licenziamento di <strong>38 dipendenti su 238<\/strong>. La decisione ha suscitato accese proteste da parte dei sindacati anche a causa della tempistica della decisione.<\/p>\n<p>\u201cNegli ultimi mesi il personale \u00e8 stato impegnato in turni di lavoro doppi rispetto al normale per consentire la produzione del vaccino contro il Covid. L\u2019annuncio dei licenziamenti \u00e8 uno schiaffo a questi dipendenti\u201d, ha affermato <strong>Bart Deceukelier<\/strong>, segretario del sindacato belga ACV.<\/p>\n<p>\u201cPfizer \u00e8 principalmente una macchina per profitti\u201d ha continuato Deceukelier, riecheggiando la definizione della casa farmaceutica data da un ex consulente <strong>\u201cUna strategia finanziaria in forma di azienda\u201d<\/strong>. Il sindacato avverte \u201cQuello che oggi accade qui, domani potrebbe a<strong>ccadere in altri dipartimenti\u201d<\/strong>.<\/p>\n<p>\u201c\u00c8 una vergogna inaudita. Anche grazie ai fondi europei stanziati per la ricerca sul vaccino la multinazionale Pfizer si aspetta quest\u2019anno un utile di 3,3 miliardi di euro. L\u2019intenzione di delocalizzare in Romania parte della propria attivit\u00e0 belga trasferendola dove il lavoro costa meno, \u00e8 l\u2019ennesimo pugno in faccia all\u2019Europa e a milioni di cittadini che chiedono giustizia sociale e non furberie\u201d, afferma<strong> Daniela Rondinelli<\/strong>, europarlamentare del Movimento 5 Stelle.<\/p>\n<p>Presentando il <strong>bilancio 2020<\/strong> Pfizer ha anche indicato che nel 2021 si attende un aumento dei ricavi di <strong>15 miliardi di dollari<\/strong> grazie al medicinale contro il virus. Pfizer ha sviluppato il vaccino con la tedesca BioNtech, il primo ad essere autorizzato dalle autorit\u00e0 di vigilanza sui farmaci. Gli investimenti per lo sviluppo del farmaco hanno superato i 2,5 miliardi di euro, in parte grazie a risorse pubbliche, soprattutto nella fase iniziale, pi\u00f9 rischiosa. Da Unione europea e Germania sono arrivati oltre<strong> 400 milioni di euro.<\/strong><\/p>\n<p>Related news: <a href=\"https:\/\/www.ilfattoquotidiano.it\/2021\/02\/02\/pfizer-15-miliardi-di-ricavi-in-piu-grazie-al-vaccino-anti-covid-sviluppato-con-fondi-pubblici-prima-il-profitto-poi-la-lotta-alla-pandemia\/6087462\/\" target=\"_blank\" rel=\"noopener\"><strong>Pfizer:\u2009dal vaccino Covid ricavi per 15 miliardi e utile netto del 25-30%<\/strong><\/a><\/p>\n<p class=\"full-width-image-lede-text-below__hed\"><a href=\"https:\/\/www.bloomberg.com\/news\/features\/2021-03-04\/pfizer-pfe-has-a-moral-dilemma-deciding-where-the-vaccines-will-go\" target=\"_blank\" rel=\"noopener\">Inside Pfizer\u2019s Fast, Fraught, and Lucrative Vaccine Distribution<\/a><\/p>\n<p><img loading=\"lazy\" decoding=\"async\" class=\"wp-image-57041 alignleft\" src=\"https:\/\/www.fedaiisf.it\/wp-content\/uploads\/2021\/03\/Bourla-ceo-Pfizer.jpg\" alt=\"\" width=\"248\" height=\"165\" srcset=\"https:\/\/www.fedaiisf.it\/wp-content\/uploads\/2021\/03\/Bourla-ceo-Pfizer.jpg 900w, https:\/\/www.fedaiisf.it\/wp-content\/uploads\/2021\/03\/Bourla-ceo-Pfizer-300x200.jpg 300w, https:\/\/www.fedaiisf.it\/wp-content\/uploads\/2021\/03\/Bourla-ceo-Pfizer-768x512.jpg 768w\" sizes=\"auto, (max-width: 248px) 100vw, 248px\" \/><strong>CEO Pfizer<\/strong> And <strong><a href=\"https:\/\/it.wallmine.com\/people\/40271\/albert-bourla\" target=\"_blank\" rel=\"noopener\">Albert Bourla<\/a><\/strong> il cui reddito\u00a0netto stimato \u00e8 di almeno $ 29,2 milioni di dollari al 7 febbraio 2021. Albert Bourla possiede oltre 53.925 azioni Pfizer per un valore superiore a $ 5.672.219 e negli ultimi 7 anni ha venduto azioni PFE per un valore superiore a $ 5.557.386. Inoltre, guadagna $ 17.929.000 come Presidente del Consiglio di Amministrazione e Amministratore Delegato di Pfizer.<\/p>\n<p><a href=\"https:\/\/it.wallmine.com\/people\/40271\/albert-bourla#complete-history\" target=\"_blank\" rel=\"noopener\">Complete history of Albert Bourla stock trades at Pfizer<\/a><\/p>\n<p><a href=\"https:\/\/www.italiaoggi.it\/news\/vaccini-per-la-produzione-e-la-distribuzione-l-europa-e-alla-merce-delle-big-pharma-202103081448586770\" target=\"_blank\" rel=\"noopener\">Vaccini: per la produzione e la distribuzione l&#8217;Europa e&#8217; alla merce&#8217; delle &#8221;Big Pharma&#8217;<\/a><\/p>\n<p><a href=\"https:\/\/thewam.net\/vaccini-affare-miliardi-coronavirus\/\" target=\"_blank\" rel=\"noopener\">Vaccini, un fiume di miliardi: ecco chi si \u00e8 arricchito<\/a><\/p>","protected":false},"excerpt":{"rendered":"<p>Pfizer delocalizza in Romania e licenzia il 15% dei dipendenti belgi che hanno prodotto il vaccino. I sindacati: &#8220;Uno schiaffo ai lavoratori&#8221; La multinazionale statunitense sposter\u00e0 parte della produzione in Romania dove il costo del lavoro \u00e8 pi\u00f9 basso. Polemiche anche per i finanziamenti pubblici europei ricevuti per sviluppare il vaccino anti Covid Il Fatto &hellip;<\/p>","protected":false},"author":4,"featured_media":57043,"comment_status":"closed","ping_status":"closed","sticky":false,"template":"","format":"standard","meta":{"footnotes":""},"categories":[1],"tags":[],"class_list":["post-57035","post","type-post","status-publish","format-standard","has-post-thumbnail","hentry","category-notizie"],"amp_enabled":true,"_links":{"self":[{"href":"https:\/\/www.fedaiisf.it\/en\/wp-json\/wp\/v2\/posts\/57035","targetHints":{"allow":["GET"]}}],"collection":[{"href":"https:\/\/www.fedaiisf.it\/en\/wp-json\/wp\/v2\/posts"}],"about":[{"href":"https:\/\/www.fedaiisf.it\/en\/wp-json\/wp\/v2\/types\/post"}],"author":[{"embeddable":true,"href":"https:\/\/www.fedaiisf.it\/en\/wp-json\/wp\/v2\/users\/4"}],"replies":[{"embeddable":true,"href":"https:\/\/www.fedaiisf.it\/en\/wp-json\/wp\/v2\/comments?post=57035"}],"version-history":[{"count":0,"href":"https:\/\/www.fedaiisf.it\/en\/wp-json\/wp\/v2\/posts\/57035\/revisions"}],"wp:featuredmedia":[{"embeddable":true,"href":"https:\/\/www.fedaiisf.it\/en\/wp-json\/wp\/v2\/media\/57043"}],"wp:attachment":[{"href":"https:\/\/www.fedaiisf.it\/en\/wp-json\/wp\/v2\/media?parent=57035"}],"wp:term":[{"taxonomy":"category","embeddable":true,"href":"https:\/\/www.fedaiisf.it\/en\/wp-json\/wp\/v2\/categories?post=57035"},{"taxonomy":"post_tag","embeddable":true,"href":"https:\/\/www.fedaiisf.it\/en\/wp-json\/wp\/v2\/tags?post=57035"}],"curies":[{"name":"wp","href":"https:\/\/api.w.org\/{rel}","templated":true}]}}